{"id":1327,"date":"2010-12-28T00:54:26","date_gmt":"2010-12-28T00:54:26","guid":{"rendered":"http:\/\/www.hoymercedes.com.ar\/principal\/?p=1327"},"modified":"2010-12-28T00:54:26","modified_gmt":"2010-12-28T00:54:26","slug":"presentan-cronograma-de-actividades-culturales-de-verano","status":"publish","type":"post","link":"https:\/\/www.hoymercedes.com.ar\/principal\/2010\/12\/28\/presentan-cronograma-de-actividades-culturales-de-verano\/","title":{"rendered":"Presentan cronograma de actividades culturales de verano"},"content":{"rendered":"<p style=\"text-align: justify;\">La Direcci\u00f3n de Cultura y Educaci\u00f3n informa que el s\u00e1bado 8 de enero comenzar\u00e1 el tradicional ciclo de m\u00fasica de verano con la actuaci\u00f3n de artistas locales denominado \u201cVerano en las Plazas\u201d que se desarrollar\u00e1 a partir de las 21.00 hs\u00a0 El programa ser\u00e1 el siguiente:<\/p>\n<p style=\"text-align: justify;\">S\u00e1bado 8 de enero \u2013 Plaza San Jos\u00e9<\/p>\n<p style=\"text-align: justify;\">S\u00e1bado 15 de enero \u2013 Plaza San Luis<\/p>\n<p style=\"text-align: justify;\">S\u00e1bado 22 de enero \u2013 Plaza Belgrano<\/p>\n<p style=\"text-align: justify;\">S\u00e1bado 29 de enero \u2013 Gowland<\/p>\n<p style=\"text-align: justify;\">S\u00e1bado 5 de febrero \u2013 Barrio San Justo 49 y 36<\/p>\n<p style=\"text-align: justify;\">S\u00e1bado 12 de febrero \u2013 Plaza San Mart\u00edn<\/p>\n<p style=\"text-align: justify;\">En los pr\u00f3ximos d\u00edas se anunciar\u00e1n los artistas que actuar\u00e1n en cada una de las plazas. Tambi\u00e9n se informa que el tradicional desfile de disfraces infantiles se realizar\u00e1 el viernes 25 de febrero a partir de las 19.00 frente al Palacio Municipal para ni\u00f1os de 3 a 10 a\u00f1os quedando abierta la inscripci\u00f3n a partir del martes 1 de febrero en la oficina de calle 27 Nro. 578 1er. Piso de 8 a 14 hs. Por \u00faltimo, como es tradicional tambi\u00e9n se llevar\u00e1 a cabo la propuesta \u201cVacaciones con los chicos\u201d,\u00a0 espect\u00e1culos infantiles que se realizar\u00e1n en la Plaza San Mart\u00edn, el s\u00e1bado 26 de febrero a partir de las 19.00 hs<\/p>\n<p style=\"text-align: justify;\"><span style=\"color: #888888;\"> Info: Municipio<\/span><\/p>\n","protected":false},"excerpt":{"rendered":"<p>La Direcci\u00f3n de Cultura y Educaci\u00f3n informa que el s\u00e1bado 8 de enero comenzar\u00e1 el tradicional ciclo de m\u00fasica de &#8230; <a title=\"Presentan cronograma de actividades culturales de verano\" class=\"read-more\" href=\"https:\/\/www.hoymercedes.com.ar\/principal\/2010\/12\/28\/presentan-cronograma-de-actividades-culturales-de-verano\/\" aria-label=\"Leer m\u00e1s sobre Presentan cronograma de actividades culturales de verano\">Leer m\u00e1s<\/a><\/p>\n","protected":false},"author":1,"featured_media":0,"comment_status":"open","ping_status":"open","sticky":false,"template":"","format":"standard","meta":{"_monsterinsights_skip_tracking":false,"_monsterinsights_sitenote_active":false,"_monsterinsights_sitenote_note":"","_monsterinsights_sitenote_category":0,"jetpack_post_was_ever_published":false,"_jetpack_newsletter_access":"","_jetpack_dont_email_post_to_subs":false,"_jetpack_newsletter_tier_id":0,"_jetpack_memberships_contains_paywalled_content":false,"_jetpack_memberships_contains_paid_content":false,"footnotes":"","jetpack_publicize_message":"","jetpack_publicize_feature_enabled":true,"jetpack_social_post_already_shared":false,"jetpack_social_options":{"image_generator_settings":{"template":"highway","default_image_id":0,"font":"","enabled":false},"version":2},"_wpas_customize_per_network":false},"categories":[104,30],"tags":[302],"class_list":["post-1327","post","type-post","status-publish","format-standard","hentry","category-cultura","category-municipio","tag-verano-en-las-plazas","generate-columns","tablet-grid-50","mobile-grid-100","grid-parent","grid-50"],"jetpack_publicize_connections":[],"jetpack_featured_media_url":"","wps_subtitle":"","jetpack_sharing_enabled":true,"_links":{"self":[{"href":"https:\/\/www.hoymercedes.com.ar\/principal\/wp-json\/wp\/v2\/posts\/1327","targetHints":{"allow":["GET"]}}],"collection":[{"href":"https:\/\/www.hoymercedes.com.ar\/principal\/wp-json\/wp\/v2\/posts"}],"about":[{"href":"https:\/\/www.hoymercedes.com.ar\/principal\/wp-json\/wp\/v2\/types\/post"}],"author":[{"embeddable":true,"href":"https:\/\/www.hoymercedes.com.ar\/principal\/wp-json\/wp\/v2\/users\/1"}],"replies":[{"embeddable":true,"href":"https:\/\/www.hoymercedes.com.ar\/principal\/wp-json\/wp\/v2\/comments?post=1327"}],"version-history":[{"count":0,"href":"https:\/\/www.hoymercedes.com.ar\/principal\/wp-json\/wp\/v2\/posts\/1327\/revisions"}],"wp:attachment":[{"href":"https:\/\/www.hoymercedes.com.ar\/principal\/wp-json\/wp\/v2\/media?parent=1327"}],"wp:term":[{"taxonomy":"category","embeddable":true,"href":"https:\/\/www.hoymercedes.com.ar\/principal\/wp-json\/wp\/v2\/categories?post=1327"},{"taxonomy":"post_tag","embeddable":true,"href":"https:\/\/www.hoymercedes.com.ar\/principal\/wp-json\/wp\/v2\/tags?post=1327"}],"curies":[{"name":"wp","href":"https:\/\/api.w.org\/{rel}","templated":true}]}}