{"id":13274,"date":"2012-05-31T00:16:40","date_gmt":"2012-05-31T00:16:40","guid":{"rendered":"http:\/\/www.hoymercedes.com.ar\/principal\/?p=13274"},"modified":"2012-05-31T00:16:40","modified_gmt":"2012-05-31T00:16:40","slug":"presentaron-el-programa-federal-de-produccion-mas-limpia","status":"publish","type":"post","link":"https:\/\/www.hoymercedes.com.ar\/principal\/2012\/05\/31\/presentaron-el-programa-federal-de-produccion-mas-limpia\/","title":{"rendered":"Presentaron el programa federal de Producci\u00f3n M\u00e1s Limpia"},"content":{"rendered":"<p><a href=\"https:\/\/www.hoymercedes.com.ar\/principal\/wp-content\/uploads\/2012\/05\/Teatro-MedioAmbiente.jpg\"><img loading=\"lazy\" decoding=\"async\" data-attachment-id=\"13276\" data-permalink=\"https:\/\/www.hoymercedes.com.ar\/principal\/2012\/05\/31\/presentaron-el-programa-federal-de-produccion-mas-limpia\/teatro-medioambiente\/#main\" data-orig-file=\"https:\/\/www.hoymercedes.com.ar\/principal\/wp-content\/uploads\/2012\/05\/Teatro-MedioAmbiente.jpg\" data-orig-size=\"612,406\" data-comments-opened=\"1\" data-image-meta=\"{&quot;aperture&quot;:&quot;5&quot;,&quot;credit&quot;:&quot;&quot;,&quot;camera&quot;:&quot;NIKON D50&quot;,&quot;caption&quot;:&quot;&quot;,&quot;created_timestamp&quot;:&quot;1338375506&quot;,&quot;copyright&quot;:&quot;&quot;,&quot;focal_length&quot;:&quot;52&quot;,&quot;iso&quot;:&quot;0&quot;,&quot;shutter_speed&quot;:&quot;0.016666666666667&quot;,&quot;title&quot;:&quot;&quot;}\" data-image-title=\"Teatro-MedioAmbiente\" data-image-description=\"\" data-image-caption=\"\" data-large-file=\"https:\/\/www.hoymercedes.com.ar\/principal\/wp-content\/uploads\/2012\/05\/Teatro-MedioAmbiente.jpg\" class=\"aligncenter size-full wp-image-13276\" title=\"Teatro-MedioAmbiente\" src=\"https:\/\/www.hoymercedes.com.ar\/principal\/wp-content\/uploads\/2012\/05\/Teatro-MedioAmbiente.jpg\" alt=\"\" width=\"612\" height=\"406\" \/><\/a><\/p>\n<p>&nbsp;<\/p>\n<p>Por la ma\u00f1ana, en el Centro Cultural Teatro Intendente Dr. Julio C. Gioscio, se llevo adelante la presentaci\u00f3n oficial del Programa federal de Producci\u00f3n M\u00e1s Limpia de la Secretaria de Ambiente de Naci\u00f3n y<\/p>\n<p>de la Unidad de Producci\u00f3n M\u00e1s Limpia de la Provincia de Buenos Aires conjuntamente con el \u00e1rea de<\/p>\n<p>Saneamiento Ambiental de la Municipalidad de Mercedes, dependiente de la Direccion de Salud.<\/p>\n<p>Estuvieron presentes para esta presentaci\u00f3n el Intendente, Carlos Selva; el Coordinador General del Programa Federa, Ing. Alfredo Galliano; la Coordinadora Institucional del Programa Federal, la Dra. Gabriela Basso;<\/p>\n<p>El Director de Producci\u00f3n y Consumo Sustentable OPDS, Oscar De Zan; la Coordinadora del Programa del OPDS, Virginia Arias; la Directora de Salud, Liliana Masserio; y el Jefe de Saneamiento Ambiental, Juan Carlos Suarez<\/p>\n<p>Ante el auditorio participante, en primer lugar hizo uso de la palabra el Jefe de Saneamiento Ambiental, Juan Carlos Suarez quien dio lugar a la participaci\u00f3n del Intendente, Carlos Selva<\/p>\n<p>Finalmente fue el Coordinador General del Programa Federal, Ing. Alfredo Galliano, quien procedi\u00f3 a la explicacion del programa, adem\u00e1s de responder las preguntas que el publico fue realizando<\/p>\n","protected":false},"excerpt":{"rendered":"<p>&nbsp; Por la ma\u00f1ana, en el Centro Cultural Teatro Intendente Dr. Julio C. Gioscio, se llevo adelante la presentaci\u00f3n oficial &#8230; <a title=\"Presentaron el programa federal de Producci\u00f3n M\u00e1s Limpia\" class=\"read-more\" href=\"https:\/\/www.hoymercedes.com.ar\/principal\/2012\/05\/31\/presentaron-el-programa-federal-de-produccion-mas-limpia\/\" aria-label=\"Leer m\u00e1s sobre Presentaron el programa federal de Producci\u00f3n M\u00e1s Limpia\">Leer m\u00e1s<\/a><\/p>\n","protected":false},"author":1,"featured_media":0,"comment_status":"open","ping_status":"open","sticky":false,"template":"","format":"standard","meta":{"_monsterinsights_skip_tracking":false,"_monsterinsights_sitenote_active":false,"_monsterinsights_sitenote_note":"","_monsterinsights_sitenote_category":0,"jetpack_post_was_ever_published":false,"_jetpack_newsletter_access":"","_jetpack_dont_email_post_to_subs":false,"_jetpack_newsletter_tier_id":0,"_jetpack_memberships_contains_paywalled_content":false,"_jetpack_memberships_contains_paid_content":false,"footnotes":"","jetpack_publicize_message":"","jetpack_publicize_feature_enabled":true,"jetpack_social_post_already_shared":false,"jetpack_social_options":{"image_generator_settings":{"template":"highway","default_image_id":0,"font":"","enabled":false},"version":2},"_wpas_customize_per_network":false},"categories":[5],"tags":[2272,2271],"class_list":["post-13274","post","type-post","status-publish","format-standard","hentry","category-politica","tag-medio-ambiente-mercedes","tag-produccion-mas-limpia","generate-columns","tablet-grid-50","mobile-grid-100","grid-parent","grid-50"],"jetpack_publicize_connections":[],"jetpack_featured_media_url":"","wps_subtitle":"","jetpack_sharing_enabled":true,"_links":{"self":[{"href":"https:\/\/www.hoymercedes.com.ar\/principal\/wp-json\/wp\/v2\/posts\/13274","targetHints":{"allow":["GET"]}}],"collection":[{"href":"https:\/\/www.hoymercedes.com.ar\/principal\/wp-json\/wp\/v2\/posts"}],"about":[{"href":"https:\/\/www.hoymercedes.com.ar\/principal\/wp-json\/wp\/v2\/types\/post"}],"author":[{"embeddable":true,"href":"https:\/\/www.hoymercedes.com.ar\/principal\/wp-json\/wp\/v2\/users\/1"}],"replies":[{"embeddable":true,"href":"https:\/\/www.hoymercedes.com.ar\/principal\/wp-json\/wp\/v2\/comments?post=13274"}],"version-history":[{"count":0,"href":"https:\/\/www.hoymercedes.com.ar\/principal\/wp-json\/wp\/v2\/posts\/13274\/revisions"}],"wp:attachment":[{"href":"https:\/\/www.hoymercedes.com.ar\/principal\/wp-json\/wp\/v2\/media?parent=13274"}],"wp:term":[{"taxonomy":"category","embeddable":true,"href":"https:\/\/www.hoymercedes.com.ar\/principal\/wp-json\/wp\/v2\/categories?post=13274"},{"taxonomy":"post_tag","embeddable":true,"href":"https:\/\/www.hoymercedes.com.ar\/principal\/wp-json\/wp\/v2\/tags?post=13274"}],"curies":[{"name":"wp","href":"https:\/\/api.w.org\/{rel}","templated":true}]}}