{"id":13279,"date":"2012-05-31T00:22:16","date_gmt":"2012-05-31T00:22:16","guid":{"rendered":"http:\/\/www.hoymercedes.com.ar\/principal\/?p=13279"},"modified":"2012-05-31T00:22:16","modified_gmt":"2012-05-31T00:22:16","slug":"se-capacitaron-manzaneras-y-comadres","status":"publish","type":"post","link":"https:\/\/www.hoymercedes.com.ar\/principal\/2012\/05\/31\/se-capacitaron-manzaneras-y-comadres\/","title":{"rendered":"Se capacitaron Manzaneras y Comadres"},"content":{"rendered":"<p><a href=\"https:\/\/www.hoymercedes.com.ar\/principal\/wp-content\/uploads\/2012\/05\/Capacitaci\u00f3n-Manzanera-2012.jpg\"><img loading=\"lazy\" decoding=\"async\" data-attachment-id=\"13281\" data-permalink=\"https:\/\/www.hoymercedes.com.ar\/principal\/2012\/05\/31\/se-capacitaron-manzaneras-y-comadres\/capacitacion-manzanera-2012\/#main\" data-orig-file=\"https:\/\/www.hoymercedes.com.ar\/principal\/wp-content\/uploads\/2012\/05\/Capacitaci\u00f3n-Manzanera-2012.jpg\" data-orig-size=\"612,358\" data-comments-opened=\"1\" data-image-meta=\"{&quot;aperture&quot;:&quot;5.6&quot;,&quot;credit&quot;:&quot;&quot;,&quot;camera&quot;:&quot;NIKON D50&quot;,&quot;caption&quot;:&quot;&quot;,&quot;created_timestamp&quot;:&quot;1338387994&quot;,&quot;copyright&quot;:&quot;&quot;,&quot;focal_length&quot;:&quot;80&quot;,&quot;iso&quot;:&quot;0&quot;,&quot;shutter_speed&quot;:&quot;0.016666666666667&quot;,&quot;title&quot;:&quot;&quot;}\" data-image-title=\"Capacitaci\u00f3n-Manzanera-2012\" data-image-description=\"\" data-image-caption=\"\" data-large-file=\"https:\/\/www.hoymercedes.com.ar\/principal\/wp-content\/uploads\/2012\/05\/Capacitaci\u00f3n-Manzanera-2012.jpg\" class=\"aligncenter size-full wp-image-13281\" title=\"Capacitaci\u00f3n-Manzanera-2012\" src=\"https:\/\/www.hoymercedes.com.ar\/principal\/wp-content\/uploads\/2012\/05\/Capacitaci\u00f3n-Manzanera-2012.jpg\" alt=\"\" width=\"612\" height=\"358\" \/><\/a><\/p>\n<p>Se llevo adelante en las instalaciones del ex Instituto Unzue, donde actualmente funciona la Secretaria de Desarrollo Social, la primer Capacitacion del a\u00f1o del Programa Mas Vida \u2013 Sub Programa Comadres.<\/p>\n<p>Este fue el primero de los encuentros, parte de una serie de actividades que prev\u00e9n realizar las trabajadoras comunales pertenecientes al Plan M\u00e1s Vida. En esta nueva etapa del Programa Plan M\u00e1s Vida se intentar\u00e1 reforzar y potenciar el rol de las manzaneras y comadres desde su hacer cotidiano, fortaleciendo el protagonismo barrial y la organizaci\u00f3n comunitaria.<\/p>\n<p>Son los objetivos primordiales de las mujeres que participan en el Programa desarrollar capacidades en las familias del Plan M\u00e1s Vida, promover y garantizar el acceso a la salud y educaci\u00f3n,mejorar la calidad de vida de las familias en sus comunidades y fortalecer la participaci\u00f3n comunitaria y la organizaci\u00f3n.<\/p>\n<p>Del encuentro participo el Intendente Municipal Carlos Selva, acompa\u00f1ado de distintas autoridades del Departemento Ejecutivo y de la Secretaria mencionada.<\/p>\n<p>Ante el sal\u00f3n colmado de la mujeres que participan de estos programas, hablaron la Responsabel del Plan Mas Vida en Mercedes Susana Siri, la Directora del Centro regional N\u00b0 1 Noelia Delgado, la respesentante del Equipo Tecnico del Programa Gloria Barbisano y cerro el acto de apertura el Jefe Comunal Carlos Selva.<\/p>\n<p>Luego del mismo, el equipo t\u00e9cnico que llego desde la ciudad de La Plata, comenz\u00f3 con la tarea de capacitaci\u00f3n, que ocupo varias horas de la tarde.<\/p>\n<p><span style=\"color: #888888;\">Fuente: MM<\/span><\/p>\n","protected":false},"excerpt":{"rendered":"<p>Se llevo adelante en las instalaciones del ex Instituto Unzue, donde actualmente funciona la Secretaria de Desarrollo Social, la primer &#8230; <a title=\"Se capacitaron Manzaneras y Comadres\" class=\"read-more\" href=\"https:\/\/www.hoymercedes.com.ar\/principal\/2012\/05\/31\/se-capacitaron-manzaneras-y-comadres\/\" aria-label=\"Leer m\u00e1s sobre Se capacitaron Manzaneras y Comadres\">Leer m\u00e1s<\/a><\/p>\n","protected":false},"author":1,"featured_media":0,"comment_status":"open","ping_status":"open","sticky":false,"template":"","format":"standard","meta":{"_monsterinsights_skip_tracking":false,"_monsterinsights_sitenote_active":false,"_monsterinsights_sitenote_note":"","_monsterinsights_sitenote_category":0,"jetpack_post_was_ever_published":false,"_jetpack_newsletter_access":"","_jetpack_dont_email_post_to_subs":false,"_jetpack_newsletter_tier_id":0,"_jetpack_memberships_contains_paywalled_content":false,"_jetpack_memberships_contains_paid_content":false,"footnotes":"","jetpack_publicize_message":"","jetpack_publicize_feature_enabled":true,"jetpack_social_post_already_shared":false,"jetpack_social_options":{"image_generator_settings":{"template":"highway","default_image_id":0,"font":"","enabled":false},"version":2},"_wpas_customize_per_network":false},"categories":[5],"tags":[2273],"class_list":["post-13279","post","type-post","status-publish","format-standard","hentry","category-politica","tag-capacitacion-manzaneras","generate-columns","tablet-grid-50","mobile-grid-100","grid-parent","grid-50"],"jetpack_publicize_connections":[],"jetpack_featured_media_url":"","wps_subtitle":"","jetpack_sharing_enabled":true,"_links":{"self":[{"href":"https:\/\/www.hoymercedes.com.ar\/principal\/wp-json\/wp\/v2\/posts\/13279","targetHints":{"allow":["GET"]}}],"collection":[{"href":"https:\/\/www.hoymercedes.com.ar\/principal\/wp-json\/wp\/v2\/posts"}],"about":[{"href":"https:\/\/www.hoymercedes.com.ar\/principal\/wp-json\/wp\/v2\/types\/post"}],"author":[{"embeddable":true,"href":"https:\/\/www.hoymercedes.com.ar\/principal\/wp-json\/wp\/v2\/users\/1"}],"replies":[{"embeddable":true,"href":"https:\/\/www.hoymercedes.com.ar\/principal\/wp-json\/wp\/v2\/comments?post=13279"}],"version-history":[{"count":0,"href":"https:\/\/www.hoymercedes.com.ar\/principal\/wp-json\/wp\/v2\/posts\/13279\/revisions"}],"wp:attachment":[{"href":"https:\/\/www.hoymercedes.com.ar\/principal\/wp-json\/wp\/v2\/media?parent=13279"}],"wp:term":[{"taxonomy":"category","embeddable":true,"href":"https:\/\/www.hoymercedes.com.ar\/principal\/wp-json\/wp\/v2\/categories?post=13279"},{"taxonomy":"post_tag","embeddable":true,"href":"https:\/\/www.hoymercedes.com.ar\/principal\/wp-json\/wp\/v2\/tags?post=13279"}],"curies":[{"name":"wp","href":"https:\/\/api.w.org\/{rel}","templated":true}]}}