{"id":13293,"date":"2012-05-31T11:31:43","date_gmt":"2012-05-31T11:31:43","guid":{"rendered":"http:\/\/www.hoymercedes.com.ar\/principal\/?p=13293"},"modified":"2012-05-31T11:31:43","modified_gmt":"2012-05-31T11:31:43","slug":"subsidio-para-capilla-de-tomas-jofre","status":"publish","type":"post","link":"https:\/\/www.hoymercedes.com.ar\/principal\/2012\/05\/31\/subsidio-para-capilla-de-tomas-jofre\/","title":{"rendered":"Subsidio para capilla de Tom\u00e1s Jofr\u00e9"},"content":{"rendered":"<p><a href=\"https:\/\/www.hoymercedes.com.ar\/principal\/wp-content\/uploads\/2012\/05\/Subsidio-Capilla-Tom\u00e1sJofr\u00e9.jpg\"><img loading=\"lazy\" decoding=\"async\" data-attachment-id=\"13295\" data-permalink=\"https:\/\/www.hoymercedes.com.ar\/principal\/2012\/05\/31\/subsidio-para-capilla-de-tomas-jofre\/subsidio-capilla-tomasjofre\/#main\" data-orig-file=\"https:\/\/www.hoymercedes.com.ar\/principal\/wp-content\/uploads\/2012\/05\/Subsidio-Capilla-Tom\u00e1sJofr\u00e9.jpg\" data-orig-size=\"612,406\" data-comments-opened=\"1\" data-image-meta=\"{&quot;aperture&quot;:&quot;4.5&quot;,&quot;credit&quot;:&quot;Moreira Mario Hugo    FOTOGRAFIA&quot;,&quot;camera&quot;:&quot;NIKON D300&quot;,&quot;caption&quot;:&quot;&quot;,&quot;created_timestamp&quot;:&quot;1338035536&quot;,&quot;copyright&quot;:&quot;AW Fotografia   Moreira Mario Hugo&quot;,&quot;focal_length&quot;:&quot;24&quot;,&quot;iso&quot;:&quot;640&quot;,&quot;shutter_speed&quot;:&quot;0.01&quot;,&quot;title&quot;:&quot;&quot;}\" data-image-title=\"Subsidio-Capilla-Tom\u00e1sJofr\u00e9\" data-image-description=\"\" data-image-caption=\"\" data-large-file=\"https:\/\/www.hoymercedes.com.ar\/principal\/wp-content\/uploads\/2012\/05\/Subsidio-Capilla-Tom\u00e1sJofr\u00e9.jpg\" class=\"aligncenter size-full wp-image-13295\" title=\"Subsidio-Capilla-Tom\u00e1sJofr\u00e9\" src=\"https:\/\/www.hoymercedes.com.ar\/principal\/wp-content\/uploads\/2012\/05\/Subsidio-Capilla-Tom\u00e1sJofr\u00e9.jpg\" alt=\"\" width=\"612\" height=\"406\" \/><\/a><\/p>\n<p>El s\u00e1bado \u00faltimo el diputado nacional\u00a0<strong>Eduardo\u00a0<em>Wado\u00a0<\/em>de Pedro\u00a0<\/strong>junto a\u00a0<strong>Juan Ustarroz y Santiago Bereterbide\u00a0<\/strong>se reunieron con el padre\u00a0<strong>Tom\u00e1s O\u2019Donnell\u00a0<\/strong>en las instalaciones de calle 14 y 19<strong>.\u00a0<\/strong><\/p>\n<p><strong><\/strong>El motivo del encuentro fue avanzar en la concreci\u00f3n de un subsidio que est\u00e1 gestionando el diputado de Pedro para la comunidad palotina de Mercedes.<\/p>\n<p>La idea del padre Tom es avanzar con los trabajos en la capilla Nuestra Se\u00f1ora de Luj\u00e1n ubicada en Tom\u00e1s Jofr\u00e9 y el diputado mercedino se comprometi\u00f3 a gestionar un subsidio para ser invertido con esa finalidad.<\/p>\n<p><span style=\"color: #888888;\">Fuente: FMpV<\/span><\/p>\n","protected":false},"excerpt":{"rendered":"<p>El s\u00e1bado \u00faltimo el diputado nacional\u00a0Eduardo\u00a0Wado\u00a0de Pedro\u00a0junto a\u00a0Juan Ustarroz y Santiago Bereterbide\u00a0se reunieron con el padre\u00a0Tom\u00e1s O\u2019Donnell\u00a0en las instalaciones de &#8230; <a title=\"Subsidio para capilla de Tom\u00e1s Jofr\u00e9\" class=\"read-more\" href=\"https:\/\/www.hoymercedes.com.ar\/principal\/2012\/05\/31\/subsidio-para-capilla-de-tomas-jofre\/\" aria-label=\"Leer m\u00e1s sobre Subsidio para capilla de Tom\u00e1s Jofr\u00e9\">Leer m\u00e1s<\/a><\/p>\n","protected":false},"author":1,"featured_media":0,"comment_status":"open","ping_status":"open","sticky":false,"template":"","format":"standard","meta":{"_monsterinsights_skip_tracking":false,"_monsterinsights_sitenote_active":false,"_monsterinsights_sitenote_note":"","_monsterinsights_sitenote_category":0,"jetpack_post_was_ever_published":false,"_jetpack_newsletter_access":"","_jetpack_dont_email_post_to_subs":false,"_jetpack_newsletter_tier_id":0,"_jetpack_memberships_contains_paywalled_content":false,"_jetpack_memberships_contains_paid_content":false,"footnotes":"","jetpack_publicize_message":"","jetpack_publicize_feature_enabled":true,"jetpack_social_post_already_shared":false,"jetpack_social_options":{"image_generator_settings":{"template":"highway","default_image_id":0,"font":"","enabled":false},"version":2},"_wpas_customize_per_network":false},"categories":[5],"tags":[379],"class_list":["post-13293","post","type-post","status-publish","format-standard","hentry","category-politica","tag-frente-mercedino-para-la-victoria","generate-columns","tablet-grid-50","mobile-grid-100","grid-parent","grid-50"],"jetpack_publicize_connections":[],"jetpack_featured_media_url":"","wps_subtitle":"","jetpack_sharing_enabled":true,"_links":{"self":[{"href":"https:\/\/www.hoymercedes.com.ar\/principal\/wp-json\/wp\/v2\/posts\/13293","targetHints":{"allow":["GET"]}}],"collection":[{"href":"https:\/\/www.hoymercedes.com.ar\/principal\/wp-json\/wp\/v2\/posts"}],"about":[{"href":"https:\/\/www.hoymercedes.com.ar\/principal\/wp-json\/wp\/v2\/types\/post"}],"author":[{"embeddable":true,"href":"https:\/\/www.hoymercedes.com.ar\/principal\/wp-json\/wp\/v2\/users\/1"}],"replies":[{"embeddable":true,"href":"https:\/\/www.hoymercedes.com.ar\/principal\/wp-json\/wp\/v2\/comments?post=13293"}],"version-history":[{"count":0,"href":"https:\/\/www.hoymercedes.com.ar\/principal\/wp-json\/wp\/v2\/posts\/13293\/revisions"}],"wp:attachment":[{"href":"https:\/\/www.hoymercedes.com.ar\/principal\/wp-json\/wp\/v2\/media?parent=13293"}],"wp:term":[{"taxonomy":"category","embeddable":true,"href":"https:\/\/www.hoymercedes.com.ar\/principal\/wp-json\/wp\/v2\/categories?post=13293"},{"taxonomy":"post_tag","embeddable":true,"href":"https:\/\/www.hoymercedes.com.ar\/principal\/wp-json\/wp\/v2\/tags?post=13293"}],"curies":[{"name":"wp","href":"https:\/\/api.w.org\/{rel}","templated":true}]}}