{"id":13304,"date":"2012-05-31T12:11:22","date_gmt":"2012-05-31T12:11:22","guid":{"rendered":"http:\/\/www.hoymercedes.com.ar\/principal\/?p=13304"},"modified":"2012-05-31T12:11:22","modified_gmt":"2012-05-31T12:11:22","slug":"al-fin-la-politica","status":"publish","type":"post","link":"https:\/\/www.hoymercedes.com.ar\/principal\/2012\/05\/31\/al-fin-la-politica\/","title":{"rendered":"Al fin la pol\u00edtica"},"content":{"rendered":"<p><strong>Por Sebastian Varcel\u00f3<\/strong><\/p>\n<p>Al fin, parece, el gobernador Scioli tomar\u00eda una medida como corresponde a un gobernador en t\u00e9rminos de tocar intereses de los que m\u00e1s tienen, sostiene alg\u00fan que otro dirigente pol\u00edtico opositor. Se trata del reval\u00fao impositivo que afectar\u00e1 al sector productor del campo, quiz\u00e1s, el que m\u00e1s ha ganado en los \u00faltimos a\u00f1os en el pa\u00eds. Sus tierras se elevaron a valores inimaginables para la mayor\u00eda de la poblaci\u00f3n y deben tributar en correlaci\u00f3n a ello. El Gobernador del consenso, la buena onda y la mirada positiva del mundo no quer\u00eda pagar costo pol\u00edtico alguno dejando todo en manos legislativas, que corresponde, pero, bien puede dar un mensaje claro desde su propio sector: el ejecutivo.<\/p>\n<p>En t\u00e9rminos locales el cruce entre Ben\u00edtez y Bern\u00e1dez es de lo m\u00e1s interesante. Bern\u00e1rdez que meses atr\u00e1s fue salvado por las tapas del Nuevo Cronista y Protagonistas. El funcionario estaba en jaque y como se sabe, en pol\u00edtica, si los medios te pegan es un certificado de continuidad. Ning\u00fan intendente, gobernador o presidente se saca de encima un funcionario cuando la prensa lo cuestiona o saca a la luz una interna. Sobran ejemplos en todos los estratos de gobierno.<\/p>\n<p>Otro que anda a las corridas es Cestari. Jos\u00e9 desea estar en primera plana y suele presentar todo lo que se le cruza por enfrente, aunque equivoque contenidos, formas o hasta llegue a levantarse de la sesi\u00f3n antes de que se traten las cuestiones por \u00e9l presentadas. Todo sirve para un pol\u00edtico que necesita vidriera. No s\u00f3lo \u00e9l la necesita. Todos, como Aristi, cuando sostiene que se viene un nuevo potencial paro de las patronales del campo. Los impuestos es algo que se ajusta siempre m\u00e1s para los de \u201cabajo\u201d que para los de arriba, pero, para algunos, cabe la famosa frase: el bolsillo como v\u00edscera m\u00e1s sensible.<\/p>\n<p>A todo esto las comisiones parecen querer ganar escena. Comisiones en el Frente Mercedino. Comisiones en la 17 de Octubre. Las comisiones de \u201ctrabajo\u201d empiezan a ser la modalidad para presentar propuestas pol\u00edticas: educaci\u00f3n, salud, deportes, lo que sea. En lugar de decir el partido tal o la agrupaci\u00f3n cual se dice ahora la comisi\u00f3n dentro del partido tal presenta esto o aquello. Formas que le dicen.<\/p>\n<p>Al fin la pol\u00edtica para una ciudad que parece estar en la encrucijada de los bloques y no del debate pol\u00edtico serio.<\/p>\n<p>&nbsp;<\/p>\n","protected":false},"excerpt":{"rendered":"<p>Por Sebastian Varcel\u00f3 Al fin, parece, el gobernador Scioli tomar\u00eda una medida como corresponde a un gobernador en t\u00e9rminos de &#8230; <a title=\"Al fin la pol\u00edtica\" class=\"read-more\" href=\"https:\/\/www.hoymercedes.com.ar\/principal\/2012\/05\/31\/al-fin-la-politica\/\" aria-label=\"Leer m\u00e1s sobre Al fin la pol\u00edtica\">Leer m\u00e1s<\/a><\/p>\n","protected":false},"author":1,"featured_media":0,"comment_status":"open","ping_status":"open","sticky":false,"template":"","format":"standard","meta":{"_monsterinsights_skip_tracking":false,"_monsterinsights_sitenote_active":false,"_monsterinsights_sitenote_note":"","_monsterinsights_sitenote_category":0,"jetpack_post_was_ever_published":false,"_jetpack_newsletter_access":"","_jetpack_dont_email_post_to_subs":false,"_jetpack_newsletter_tier_id":0,"_jetpack_memberships_contains_paywalled_content":false,"_jetpack_memberships_contains_paid_content":false,"footnotes":"","jetpack_publicize_message":"","jetpack_publicize_feature_enabled":true,"jetpack_social_post_already_shared":false,"jetpack_social_options":{"image_generator_settings":{"template":"highway","default_image_id":0,"font":"","enabled":false},"version":2},"_wpas_customize_per_network":false},"categories":[1],"tags":[721],"class_list":["post-13304","post","type-post","status-publish","format-standard","hentry","category-opinion","tag-scioli","generate-columns","tablet-grid-50","mobile-grid-100","grid-parent","grid-50"],"jetpack_publicize_connections":[],"jetpack_featured_media_url":"","wps_subtitle":"","jetpack_sharing_enabled":true,"_links":{"self":[{"href":"https:\/\/www.hoymercedes.com.ar\/principal\/wp-json\/wp\/v2\/posts\/13304","targetHints":{"allow":["GET"]}}],"collection":[{"href":"https:\/\/www.hoymercedes.com.ar\/principal\/wp-json\/wp\/v2\/posts"}],"about":[{"href":"https:\/\/www.hoymercedes.com.ar\/principal\/wp-json\/wp\/v2\/types\/post"}],"author":[{"embeddable":true,"href":"https:\/\/www.hoymercedes.com.ar\/principal\/wp-json\/wp\/v2\/users\/1"}],"replies":[{"embeddable":true,"href":"https:\/\/www.hoymercedes.com.ar\/principal\/wp-json\/wp\/v2\/comments?post=13304"}],"version-history":[{"count":0,"href":"https:\/\/www.hoymercedes.com.ar\/principal\/wp-json\/wp\/v2\/posts\/13304\/revisions"}],"wp:attachment":[{"href":"https:\/\/www.hoymercedes.com.ar\/principal\/wp-json\/wp\/v2\/media?parent=13304"}],"wp:term":[{"taxonomy":"category","embeddable":true,"href":"https:\/\/www.hoymercedes.com.ar\/principal\/wp-json\/wp\/v2\/categories?post=13304"},{"taxonomy":"post_tag","embeddable":true,"href":"https:\/\/www.hoymercedes.com.ar\/principal\/wp-json\/wp\/v2\/tags?post=13304"}],"curies":[{"name":"wp","href":"https:\/\/api.w.org\/{rel}","templated":true}]}}