{"id":13308,"date":"2012-05-31T12:20:52","date_gmt":"2012-05-31T12:20:52","guid":{"rendered":"http:\/\/www.hoymercedes.com.ar\/principal\/?p=13308"},"modified":"2012-05-31T12:23:58","modified_gmt":"2012-05-31T12:23:58","slug":"quinta-suspension-encuentro-en-ministerio-por-barrio-favaloro","status":"publish","type":"post","link":"https:\/\/www.hoymercedes.com.ar\/principal\/2012\/05\/31\/quinta-suspension-encuentro-en-ministerio-por-barrio-favaloro\/","title":{"rendered":"Quinta suspensi\u00f3n de encuentro en Ministerio por Barrio Favaloro"},"content":{"rendered":"<p>Selva sostuvo que es algo llamativo, pero que de cualquier manera no realizar\u00eda juicios de valores, <em>\u201cque cada uno de todos nosotros saque sus propias conclusiones\u201d<\/em> afirm\u00f3<\/p>\n<p>Sin estar previsto Selva habl\u00f3 del tema con los medios sobre lo que ser\u00eda <em>\u00a0\u201cun nuevo desplante del Arquitecto Bontempo a la m\u00e1xima autoridad de nuestra ciudad\u201d.<\/em><\/p>\n<p>Es tal sentido Selva sostuvo <em>\u201cnosotros casi no quer\u00edamos dar informaci\u00f3n sobe lo ocurrido, tal vez eso hizo que algunos medios realmente se sensibilizaron, ya que en realidad que cada vez que una situaci\u00f3n como esta juega para atr\u00e1s<\/em><\/p>\n<p><em>No es nuevo para ustedes que hace desde el a\u00f1o pasado que estamos solicitando esta audiencia, bueno, en tal sentido, hace unos d\u00edas se confirma para el d\u00eda lunes y lamentablemente ese mismo d\u00eda se volvi\u00f3 a cancelar por eso con muy buen criterio algunos concejales plantearon directamente el pedido formal al ministerio de dicha audiencia.<\/em><\/p>\n<p><em>Ahora hemos resuelto dejar de efectuar los pedidos como hasta ahora v\u00eda telef\u00f3nica para hacerlo a trav\u00e9s de mails para de esa manera estar documentados sobre lo que hacemos.<\/em><\/p>\n<p><em>De cualquier manera desde mi punto de vista entiendo que lo que debemos tener bien en claro es que nosotros, es decir el departamento Ejecutivo o mejor dicho la Municipalidad de Mercedes viene sosteniendo a ultranza la necesidad de que este Plan Federal implementado en nuestra ciudad se debe sostener.<\/em><\/p>\n<p><em>Nosotros hab\u00edamos viajado dicho d\u00eda por otros temas en otras \u00e1reas del gobierno y cuando legamos a Capital ya sab\u00edamos que se hab\u00eda cancelado el encuentro ya que incluso ellos llamaron por tel\u00e9fono al municipio comunicando la situaci\u00f3n, as\u00ed que de ninguna manera tuvimos que hacer una espera in\u00fatil.<\/em><\/p>\n<p><em>Nos dieron que como una medida general iban a reagendar las audiencias que se hab\u00edan programada y nosotros entendemos que por el tiempo que ha pasado amerita que se nos se la importancia particular que por cierto es la que merecemos.<\/em><\/p>\n<p><em>Estamos expectantes y hemos vuelto a insistir con el pedido de audiencia porque el tema implica una seria urgencia para su tratamiento porque lo he dicho y lo vuelvo a decir ahora delante de ustedes no hay nadie m\u00e1s interesado en la ciudad de Mercedes que se finalice con la construcci\u00f3n de estas viviendas que el propio intendente, es decir qui\u00e9n les habla y es evidente que nos estamos encontrando con problemas, imponderables totalmente ajenos a la voluntad de este intendente para que ello ocurra, y desde ya vuelvo a reiterar que lo \u00fanico que no queremos hacer es que el plan se caiga que parecer\u00eda ser la \u00fanica forma de poder d}seguir pero nosotros no lo queremos hacer porque hay derechos virtualmente adquiridos, as\u00ed que dicho plan tal como se hab\u00eda comprometido en su momento deber\u00e1 concluir con la financiaci\u00f3n por las v\u00edas que corresponde, es decir a trav\u00e9s del Instituto Nacional de la Vivienda.<\/em><\/p>\n<p><em>Yo de ninguna manera puedo opinar si el Arquitecto Bontempo realmente no tiene inter\u00e9s en el Plan o en conversar con quien les habla, simplemente no hago juicio d valores porque no me corresponde, tal ves sea llamativo que esta haya sido creo que la quinta reuni\u00f3n programada que se suspende as\u00ed que cada uno de todos nosotros deber\u00e1 hacer su propia evaluaci\u00f3n\u201d.<\/em><\/p>\n","protected":false},"excerpt":{"rendered":"<p>Selva sostuvo que es algo llamativo, pero que de cualquier manera no realizar\u00eda juicios de valores, \u201cque cada uno de &#8230; <a title=\"Quinta suspensi\u00f3n de encuentro en Ministerio por Barrio Favaloro\" class=\"read-more\" href=\"https:\/\/www.hoymercedes.com.ar\/principal\/2012\/05\/31\/quinta-suspension-encuentro-en-ministerio-por-barrio-favaloro\/\" aria-label=\"Leer m\u00e1s sobre Quinta suspensi\u00f3n de encuentro en Ministerio por Barrio Favaloro\">Leer m\u00e1s<\/a><\/p>\n","protected":false},"author":1,"featured_media":0,"comment_status":"open","ping_status":"open","sticky":false,"template":"","format":"standard","meta":{"_monsterinsights_skip_tracking":false,"_monsterinsights_sitenote_active":false,"_monsterinsights_sitenote_note":"","_monsterinsights_sitenote_category":0,"jetpack_post_was_ever_published":false,"_jetpack_newsletter_access":"","_jetpack_dont_email_post_to_subs":false,"_jetpack_newsletter_tier_id":0,"_jetpack_memberships_contains_paywalled_content":false,"_jetpack_memberships_contains_paid_content":false,"footnotes":"","jetpack_publicize_message":"","jetpack_publicize_feature_enabled":true,"jetpack_social_post_already_shared":false,"jetpack_social_options":{"image_generator_settings":{"template":"highway","default_image_id":0,"font":"","enabled":false},"version":2},"_wpas_customize_per_network":false},"categories":[5],"tags":[2063,39],"class_list":["post-13308","post","type-post","status-publish","format-standard","hentry","category-politica","tag-barrio-favaloro","tag-carlos-selva","generate-columns","tablet-grid-50","mobile-grid-100","grid-parent","grid-50"],"jetpack_publicize_connections":[],"jetpack_featured_media_url":"","wps_subtitle":"","jetpack_sharing_enabled":true,"_links":{"self":[{"href":"https:\/\/www.hoymercedes.com.ar\/principal\/wp-json\/wp\/v2\/posts\/13308","targetHints":{"allow":["GET"]}}],"collection":[{"href":"https:\/\/www.hoymercedes.com.ar\/principal\/wp-json\/wp\/v2\/posts"}],"about":[{"href":"https:\/\/www.hoymercedes.com.ar\/principal\/wp-json\/wp\/v2\/types\/post"}],"author":[{"embeddable":true,"href":"https:\/\/www.hoymercedes.com.ar\/principal\/wp-json\/wp\/v2\/users\/1"}],"replies":[{"embeddable":true,"href":"https:\/\/www.hoymercedes.com.ar\/principal\/wp-json\/wp\/v2\/comments?post=13308"}],"version-history":[{"count":0,"href":"https:\/\/www.hoymercedes.com.ar\/principal\/wp-json\/wp\/v2\/posts\/13308\/revisions"}],"wp:attachment":[{"href":"https:\/\/www.hoymercedes.com.ar\/principal\/wp-json\/wp\/v2\/media?parent=13308"}],"wp:term":[{"taxonomy":"category","embeddable":true,"href":"https:\/\/www.hoymercedes.com.ar\/principal\/wp-json\/wp\/v2\/categories?post=13308"},{"taxonomy":"post_tag","embeddable":true,"href":"https:\/\/www.hoymercedes.com.ar\/principal\/wp-json\/wp\/v2\/tags?post=13308"}],"curies":[{"name":"wp","href":"https:\/\/api.w.org\/{rel}","templated":true}]}}