{"id":13328,"date":"2012-06-01T01:09:43","date_gmt":"2012-06-01T01:09:43","guid":{"rendered":"http:\/\/www.hoymercedes.com.ar\/principal\/?p=13328"},"modified":"2012-06-01T01:09:43","modified_gmt":"2012-06-01T01:09:43","slug":"corredor-productivo-importante-encuentro-con-catedratico-de-cataluna","status":"publish","type":"post","link":"https:\/\/www.hoymercedes.com.ar\/principal\/2012\/06\/01\/corredor-productivo-importante-encuentro-con-catedratico-de-cataluna\/","title":{"rendered":"Corredor Productivo: importante encuentro con catedr\u00e1tico de Catalu\u00f1a"},"content":{"rendered":"<p>El encuentro se desarrollar\u00e1 el d\u00eda 12 de junio donde se abordar\u00e1 mediante talleres un tema significativo como es el Turismo y el Trabajo y en tal sentido Mercedes estar\u00e1 presente debido al fuerte impulso que se le est\u00e1 dando a tema turismo desde la actual gesti\u00f3n municipal.<\/p>\n<p>En el transcurso de la semana se volvieron a reunir los jefes comunales o responsables designados por los mismos de los nueve distritos que integran el denominado Corredor Productivo Municipio al Mercosur del cual nuestra ciudad es una de sus integrantes.<\/p>\n<p>Del encuentro participaron representando a nuestra ciudad el intendente Carlos Am\u00e9rico Selva y el Director de Planeamiento y Producci\u00f3n Oscar L\u00f3pez quien al dialogar con los medios sostuvo \u201cpor suerte este a\u00f1o el corredor Productivo ha vuelto a tomar un impulso importante, los jefes comunales actuales, muchos son nuevos ya que asumieron en diciembre del a\u00f1o pasado, han visto que es beneficioso para los productores de cada uno de sus distritos este tipo de asociaci\u00f3n para de esa manera trabajar en conjunto.<\/p>\n<p>Hay que consignar que en esta reuni\u00f3n que se llev\u00f3 a cabo en la ciudad de Luj\u00e1n tuvo una amplia y efectiva participaci\u00f3n la Universidad all\u00ed ubicada a trav\u00e9s de Vicerrector Hern\u00e1n Vacarini que es una persona conocida y amiga de nuestro intendente.<\/p>\n<p>Tambi\u00e9n se encontraban presentes representantes de los Ministerios de Trabajo y de Producci\u00f3n de la provincia de Buenos Aires cumpliendo la orden impartida por el gobernador Daniel Scioli y all\u00ed se decidi\u00f3 que el pr\u00f3ximo 12 de junio, tambi\u00e9n en la ciudad de Luj\u00e1n se lleve a cabo una jornada muy importante ya que vamos a contar con la presencia de un importante catedr\u00e1tico perteneciente a la Universidad de Catalu\u00f1a, especialista en este tipo de temas.<\/p>\n<p>En dicho encuentro que va a tener seguramente un excelente novel se va a tratar nada menos que el tema El Turismo y el Trabajo por lo cual desde ya adelanto que nuestra ciudad va a estar presente con sus representantes y para ellos se realizar\u00e1 un encuentro el d\u00eda 4 para coordinar los detalles de la organizaci\u00f3n de dicho encuentro que en principio no seria en la sede de la UNLU sino en otro lugar, reitero el d\u00eda 12 van a estar presentes trabajando en los talleres ya mencionados representantes de las \u00e1reas de Turismo, y de Empleo y Trabajo de nuestra comuna.<\/p>\n<p>En estos momentos los integrantes del Corredor se encuentran abocados a la tarea de acomodar como corresponde su estatuto para asegurar el trabajo bajo los lineamientos tanto del gobierno nacional como del provincial, ya el gobernador Daniel Scioli ha manifestado p\u00fablicamente que la asociaci\u00f3n de municipios en zonas y regiones va a favorecer muchos las actividades productivas, cient\u00edficas, educativas y de cualquier otra naturaleza que se encaran dentro de la provincia que a \u00e9l le toca gobernar por tal motivo es que le est\u00e1 dando una importancia muy grande\u201d<\/p>\n","protected":false},"excerpt":{"rendered":"<p>El encuentro se desarrollar\u00e1 el d\u00eda 12 de junio donde se abordar\u00e1 mediante talleres un tema significativo como es el &#8230; <a title=\"Corredor Productivo: importante encuentro con catedr\u00e1tico de Catalu\u00f1a\" class=\"read-more\" href=\"https:\/\/www.hoymercedes.com.ar\/principal\/2012\/06\/01\/corredor-productivo-importante-encuentro-con-catedratico-de-cataluna\/\" aria-label=\"Leer m\u00e1s sobre Corredor Productivo: importante encuentro con catedr\u00e1tico de Catalu\u00f1a\">Leer m\u00e1s<\/a><\/p>\n","protected":false},"author":1,"featured_media":0,"comment_status":"open","ping_status":"open","sticky":false,"template":"","format":"standard","meta":{"_monsterinsights_skip_tracking":false,"_monsterinsights_sitenote_active":false,"_monsterinsights_sitenote_note":"","_monsterinsights_sitenote_category":0,"jetpack_post_was_ever_published":false,"_jetpack_newsletter_access":"","_jetpack_dont_email_post_to_subs":false,"_jetpack_newsletter_tier_id":0,"_jetpack_memberships_contains_paywalled_content":false,"_jetpack_memberships_contains_paid_content":false,"footnotes":"","jetpack_publicize_message":"","jetpack_publicize_feature_enabled":true,"jetpack_social_post_already_shared":false,"jetpack_social_options":{"image_generator_settings":{"template":"highway","default_image_id":0,"font":"","enabled":false},"version":2},"_wpas_customize_per_network":false},"categories":[5],"tags":[2282,86,10,982,54],"class_list":["post-13328","post","type-post","status-publish","format-standard","hentry","category-politica","tag-corredor-productivo","tag-lujan","tag-mercedes","tag-universidad-de-lujan","tag-unlu","generate-columns","tablet-grid-50","mobile-grid-100","grid-parent","grid-50"],"jetpack_publicize_connections":[],"jetpack_featured_media_url":"","wps_subtitle":"","jetpack_sharing_enabled":true,"_links":{"self":[{"href":"https:\/\/www.hoymercedes.com.ar\/principal\/wp-json\/wp\/v2\/posts\/13328","targetHints":{"allow":["GET"]}}],"collection":[{"href":"https:\/\/www.hoymercedes.com.ar\/principal\/wp-json\/wp\/v2\/posts"}],"about":[{"href":"https:\/\/www.hoymercedes.com.ar\/principal\/wp-json\/wp\/v2\/types\/post"}],"author":[{"embeddable":true,"href":"https:\/\/www.hoymercedes.com.ar\/principal\/wp-json\/wp\/v2\/users\/1"}],"replies":[{"embeddable":true,"href":"https:\/\/www.hoymercedes.com.ar\/principal\/wp-json\/wp\/v2\/comments?post=13328"}],"version-history":[{"count":0,"href":"https:\/\/www.hoymercedes.com.ar\/principal\/wp-json\/wp\/v2\/posts\/13328\/revisions"}],"wp:attachment":[{"href":"https:\/\/www.hoymercedes.com.ar\/principal\/wp-json\/wp\/v2\/media?parent=13328"}],"wp:term":[{"taxonomy":"category","embeddable":true,"href":"https:\/\/www.hoymercedes.com.ar\/principal\/wp-json\/wp\/v2\/categories?post=13328"},{"taxonomy":"post_tag","embeddable":true,"href":"https:\/\/www.hoymercedes.com.ar\/principal\/wp-json\/wp\/v2\/tags?post=13328"}],"curies":[{"name":"wp","href":"https:\/\/api.w.org\/{rel}","templated":true}]}}