{"id":133499,"date":"2021-07-17T16:30:00","date_gmt":"2021-07-17T19:30:00","guid":{"rendered":"https:\/\/www.hoymercedes.com.ar\/principal\/?p=133499"},"modified":"2021-07-17T16:50:19","modified_gmt":"2021-07-17T19:50:19","slug":"inauguran-centro-de-jubilados-municipales-con-un-museo-del-sitio","status":"publish","type":"post","link":"https:\/\/www.hoymercedes.com.ar\/principal\/2021\/07\/17\/inauguran-centro-de-jubilados-municipales-con-un-museo-del-sitio\/","title":{"rendered":"Inauguran Centro de Jubilados Municipales con un museo del sitio"},"content":{"rendered":"\n<p>En la jornada del viernes el intendente Ustarroz encabez\u00f3 la inauguraci\u00f3n del Centro de Jubilados y Pensionados municipales, el CAPS especializado en Adultos Mayores y Museo de Sitio sobre los 80 a\u00f1os del Instituto Saturnino Unzu\u00e9. El acto se llev\u00f3 adelante con las autoridades comunales, adem\u00e1s de vecinos del ex Instituto que est\u00e1 sobre la Avenida 47. Los espacios se encuentran dentro del predio en el lugar conocida como \u00abCasita del Unzu\u00e9\u00bb.  El jefe comunal mencion\u00f3 que \u00abestamos muy felices, porque creemos que estos lugares de encuentro nos van a dar la fortaleza necesaria para salir adelante\u201d.<\/p>\n\n\n\n<div class=\"wp-block-image\"><figure class=\"aligncenter size-large\"><img loading=\"lazy\" decoding=\"async\" width=\"800\" height=\"533\" data-attachment-id=\"133501\" data-permalink=\"https:\/\/www.hoymercedes.com.ar\/principal\/2021\/07\/17\/inauguran-centro-de-jubilados-municipales-con-un-museo-del-sitio\/17-centro-jubilados3\/#main\" data-orig-file=\"https:\/\/www.hoymercedes.com.ar\/principal\/wp-content\/uploads\/2021\/07\/17-centro-jubilados3.jpg\" data-orig-size=\"800,533\" data-comments-opened=\"0\" data-image-meta=\"{&quot;aperture&quot;:&quot;0&quot;,&quot;credit&quot;:&quot;&quot;,&quot;camera&quot;:&quot;&quot;,&quot;caption&quot;:&quot;&quot;,&quot;created_timestamp&quot;:&quot;1626530768&quot;,&quot;copyright&quot;:&quot;&quot;,&quot;focal_length&quot;:&quot;0&quot;,&quot;iso&quot;:&quot;0&quot;,&quot;shutter_speed&quot;:&quot;0&quot;,&quot;title&quot;:&quot;&quot;,&quot;orientation&quot;:&quot;1&quot;}\" data-image-title=\"17 centro jubilados3\" data-image-description=\"\" data-image-caption=\"\" data-large-file=\"https:\/\/www.hoymercedes.com.ar\/principal\/wp-content\/uploads\/2021\/07\/17-centro-jubilados3.jpg\" src=\"https:\/\/www.hoymercedes.com.ar\/principal\/wp-content\/uploads\/2021\/07\/17-centro-jubilados3.jpg\" alt=\"\" class=\"wp-image-133501\" srcset=\"https:\/\/www.hoymercedes.com.ar\/principal\/wp-content\/uploads\/2021\/07\/17-centro-jubilados3.jpg 800w, https:\/\/www.hoymercedes.com.ar\/principal\/wp-content\/uploads\/2021\/07\/17-centro-jubilados3-630x420.jpg 630w, https:\/\/www.hoymercedes.com.ar\/principal\/wp-content\/uploads\/2021\/07\/17-centro-jubilados3-150x100.jpg 150w, https:\/\/www.hoymercedes.com.ar\/principal\/wp-content\/uploads\/2021\/07\/17-centro-jubilados3-700x465.jpg 700w\" sizes=\"auto, (max-width: 800px) 100vw, 800px\" \/><\/figure><\/div>\n\n\n\n<p>La idea de hacer un \u00abmuseo de sitio\u00bb surgi\u00f3 entre los egresados del Instituto que anualmente se re\u00fanen en el Unzu\u00e9. Ellos fueron los que propusieron restaurar el lugar. Adem\u00e1s, hac\u00eda un tiempo que la propuesta de tener un centro de jubilados, exclusivo para los ex trabajadores municipales, daba vuelta tambi\u00e9n. Es as\u00ed como ambas ideas se complementaron. A lo cu\u00e1l se le sum\u00f3 la creaci\u00f3n de un Centro de Atenci\u00f3n Primaria para la Salud, que priorice la atenci\u00f3n de los adultos mayores. <\/p>\n\n\n\n<p>El espacio inaugurado el viernes, entonces, tendr\u00e1 una mirada integral y de acompa\u00f1amiento a m\u00e1s vecinos de los barrios aleda\u00f1os. <\/p>\n\n\n\n<div class=\"wp-block-image\"><figure class=\"aligncenter size-large\"><img loading=\"lazy\" decoding=\"async\" width=\"800\" height=\"533\" data-attachment-id=\"133497\" data-permalink=\"https:\/\/www.hoymercedes.com.ar\/principal\/2021\/07\/18\/firman-convenio-con-el-programa-alimentario-de-nacion\/17-centro-jubilados\/#main\" data-orig-file=\"https:\/\/www.hoymercedes.com.ar\/principal\/wp-content\/uploads\/2021\/07\/17-centro-jubilados.jpg\" data-orig-size=\"800,533\" data-comments-opened=\"0\" data-image-meta=\"{&quot;aperture&quot;:&quot;0&quot;,&quot;credit&quot;:&quot;&quot;,&quot;camera&quot;:&quot;&quot;,&quot;caption&quot;:&quot;&quot;,&quot;created_timestamp&quot;:&quot;1626528452&quot;,&quot;copyright&quot;:&quot;&quot;,&quot;focal_length&quot;:&quot;0&quot;,&quot;iso&quot;:&quot;0&quot;,&quot;shutter_speed&quot;:&quot;0&quot;,&quot;title&quot;:&quot;&quot;,&quot;orientation&quot;:&quot;1&quot;}\" data-image-title=\"17 centro jubilados\" data-image-description=\"\" data-image-caption=\"\" data-large-file=\"https:\/\/www.hoymercedes.com.ar\/principal\/wp-content\/uploads\/2021\/07\/17-centro-jubilados.jpg\" src=\"https:\/\/www.hoymercedes.com.ar\/principal\/wp-content\/uploads\/2021\/07\/17-centro-jubilados.jpg\" alt=\"\" class=\"wp-image-133497\" srcset=\"https:\/\/www.hoymercedes.com.ar\/principal\/wp-content\/uploads\/2021\/07\/17-centro-jubilados.jpg 800w, https:\/\/www.hoymercedes.com.ar\/principal\/wp-content\/uploads\/2021\/07\/17-centro-jubilados-630x420.jpg 630w, https:\/\/www.hoymercedes.com.ar\/principal\/wp-content\/uploads\/2021\/07\/17-centro-jubilados-150x100.jpg 150w, https:\/\/www.hoymercedes.com.ar\/principal\/wp-content\/uploads\/2021\/07\/17-centro-jubilados-700x465.jpg 700w\" sizes=\"auto, (max-width: 800px) 100vw, 800px\" \/><\/figure><\/div>\n\n\n\n<p><strong>Proyecto<\/strong><\/p>\n\n\n\n<p>El intendente Ustarroz cont\u00f3 \u201ceste proyecto surge en los almuerzos que surgen en los fines de a\u00f1o con todos los egresados del Unzu\u00e9, donde Juan Schiavone, me plante\u00f3 la necesidad de recuperar este espacio a qui\u00e9n le dijimos que s\u00ed, para que tuvieran un lugar para la memoria y el recuerdo de lo que fue y es el Instituto Unzu\u00e9 para much\u00edsima gente y parte de nuestra historia de ciudad\u201d.<\/p>\n\n\n\n<p>Y en esa memoria construir un futuro de la mano de quienes han sido grandes hacedores de esta ciudad, que son nuestros trabajadores municipales, hoy jubilados\u201d destac\u00f3 el intendente y agreg\u00f3 \u201cquienes han hecho tanto por la ciudad, y les faltaba un espacio de encuentro, para seguir so\u00f1ando, proyectando la ciudad. Y acercar a otras generaciones la experiencia, el conocimiento sobre c\u00f3mo tenemos que hacer entre todos crecer a nuestro Mercedes\u201d.<\/p>\n\n\n\n<p>\u201cGracias a todas las \u00e1reas del Municipio que han trabajado y a todos los aqu\u00ed presentes que han empujado much\u00edsimo para hacer de esto una realidad, una casa de encuentro, y para seguir so\u00f1ando y proyectando el crecimiento y el desarrollo de nuestra gran ciudad\u201d subray\u00f3 el intendente Juan Ignacio Ustarroz.<\/p>\n","protected":false},"excerpt":{"rendered":"<p>En la jornada del viernes el intendente Ustarroz encabez\u00f3 la inauguraci\u00f3n del Centro de Jubilados y Pensionados municipales, el CAPS &#8230; <a title=\"Inauguran Centro de Jubilados Municipales con un museo del sitio\" class=\"read-more\" href=\"https:\/\/www.hoymercedes.com.ar\/principal\/2021\/07\/17\/inauguran-centro-de-jubilados-municipales-con-un-museo-del-sitio\/\" aria-label=\"Leer m\u00e1s sobre Inauguran Centro de Jubilados Municipales con un museo del sitio\">Leer m\u00e1s<\/a><\/p>\n","protected":false},"author":1,"featured_media":133501,"comment_status":"closed","ping_status":"open","sticky":false,"template":"","format":"standard","meta":{"_monsterinsights_skip_tracking":false,"_monsterinsights_sitenote_active":false,"_monsterinsights_sitenote_note":"","_monsterinsights_sitenote_category":0,"jetpack_post_was_ever_published":false,"_jetpack_newsletter_access":"","_jetpack_dont_email_post_to_subs":false,"_jetpack_newsletter_tier_id":0,"_jetpack_memberships_contains_paywalled_content":false,"_jetpack_memberships_contains_paid_content":false,"footnotes":"","jetpack_publicize_message":"","jetpack_publicize_feature_enabled":true,"jetpack_social_post_already_shared":true,"jetpack_social_options":{"image_generator_settings":{"template":"highway","default_image_id":0,"font":"","enabled":false},"version":2},"_wpas_customize_per_network":false},"categories":[30],"tags":[17897,17898,17899],"class_list":["post-133499","post","type-post","status-publish","format-standard","has-post-thumbnail","hentry","category-municipio","tag-casa-del-unzue","tag-museo-del-unzu","tag-victoria-odell-2","generate-columns","tablet-grid-50","mobile-grid-100","grid-parent","grid-50"],"jetpack_publicize_connections":[],"jetpack_featured_media_url":"https:\/\/www.hoymercedes.com.ar\/principal\/wp-content\/uploads\/2021\/07\/17-centro-jubilados3.jpg","wps_subtitle":"Obras municipales","jetpack_sharing_enabled":true,"_links":{"self":[{"href":"https:\/\/www.hoymercedes.com.ar\/principal\/wp-json\/wp\/v2\/posts\/133499","targetHints":{"allow":["GET"]}}],"collection":[{"href":"https:\/\/www.hoymercedes.com.ar\/principal\/wp-json\/wp\/v2\/posts"}],"about":[{"href":"https:\/\/www.hoymercedes.com.ar\/principal\/wp-json\/wp\/v2\/types\/post"}],"author":[{"embeddable":true,"href":"https:\/\/www.hoymercedes.com.ar\/principal\/wp-json\/wp\/v2\/users\/1"}],"replies":[{"embeddable":true,"href":"https:\/\/www.hoymercedes.com.ar\/principal\/wp-json\/wp\/v2\/comments?post=133499"}],"version-history":[{"count":0,"href":"https:\/\/www.hoymercedes.com.ar\/principal\/wp-json\/wp\/v2\/posts\/133499\/revisions"}],"wp:featuredmedia":[{"embeddable":true,"href":"https:\/\/www.hoymercedes.com.ar\/principal\/wp-json\/wp\/v2\/media\/133501"}],"wp:attachment":[{"href":"https:\/\/www.hoymercedes.com.ar\/principal\/wp-json\/wp\/v2\/media?parent=133499"}],"wp:term":[{"taxonomy":"category","embeddable":true,"href":"https:\/\/www.hoymercedes.com.ar\/principal\/wp-json\/wp\/v2\/categories?post=133499"},{"taxonomy":"post_tag","embeddable":true,"href":"https:\/\/www.hoymercedes.com.ar\/principal\/wp-json\/wp\/v2\/tags?post=133499"}],"curies":[{"name":"wp","href":"https:\/\/api.w.org\/{rel}","templated":true}]}}