{"id":133573,"date":"2021-07-18T07:00:00","date_gmt":"2021-07-18T10:00:00","guid":{"rendered":"https:\/\/www.hoymercedes.com.ar\/principal\/?p=133573"},"modified":"2021-07-18T09:34:28","modified_gmt":"2021-07-18T12:34:28","slug":"amplio-abanico-de-actividades-protocolizadas-para-las-vacaciones-de-invierno","status":"publish","type":"post","link":"https:\/\/www.hoymercedes.com.ar\/principal\/2021\/07\/18\/amplio-abanico-de-actividades-protocolizadas-para-las-vacaciones-de-invierno\/","title":{"rendered":"Amplio abanico de actividades protocolizadas para las vacaciones de invierno"},"content":{"rendered":"\n<div class=\"wp-block-image\"><figure class=\"aligncenter size-large\"><img loading=\"lazy\" decoding=\"async\" width=\"922\" height=\"615\" data-attachment-id=\"133574\" data-permalink=\"https:\/\/www.hoymercedes.com.ar\/principal\/2021\/07\/18\/amplio-abanico-de-actividades-protocolizadas-para-las-vacaciones-de-invierno\/dsc08540\/#main\" data-orig-file=\"https:\/\/www.hoymercedes.com.ar\/principal\/wp-content\/uploads\/2021\/07\/DSC08540.jpg\" data-orig-size=\"922,615\" data-comments-opened=\"0\" data-image-meta=\"{&quot;aperture&quot;:&quot;0&quot;,&quot;credit&quot;:&quot;&quot;,&quot;camera&quot;:&quot;&quot;,&quot;caption&quot;:&quot;&quot;,&quot;created_timestamp&quot;:&quot;0&quot;,&quot;copyright&quot;:&quot;&quot;,&quot;focal_length&quot;:&quot;0&quot;,&quot;iso&quot;:&quot;0&quot;,&quot;shutter_speed&quot;:&quot;0&quot;,&quot;title&quot;:&quot;&quot;,&quot;orientation&quot;:&quot;0&quot;}\" data-image-title=\"DSC08540\" data-image-description=\"\" data-image-caption=\"\" data-large-file=\"https:\/\/www.hoymercedes.com.ar\/principal\/wp-content\/uploads\/2021\/07\/DSC08540.jpg\" src=\"https:\/\/www.hoymercedes.com.ar\/principal\/wp-content\/uploads\/2021\/07\/DSC08540.jpg\" alt=\"\" class=\"wp-image-133574\" srcset=\"https:\/\/www.hoymercedes.com.ar\/principal\/wp-content\/uploads\/2021\/07\/DSC08540.jpg 922w, https:\/\/www.hoymercedes.com.ar\/principal\/wp-content\/uploads\/2021\/07\/DSC08540-630x420.jpg 630w, https:\/\/www.hoymercedes.com.ar\/principal\/wp-content\/uploads\/2021\/07\/DSC08540-150x100.jpg 150w\" sizes=\"auto, (max-width: 922px) 100vw, 922px\" \/><\/figure><\/div>\n\n\n\n<p>El intendente Ustarroz junto a parte de su gabinete presentaron un integral abanico de actividades con miras a las vacaciones de invierno. Protocolizadas, con cupos y planificadas para la recreaci\u00f3n, juego y aprendizaje de ni\u00f1os y ni\u00f1as. Son libre y gratuitas. \u201cHemos realizado un trabajo muy intenso y muy importante para poder ofrecerle a los ni\u00f1os y a la familia, posibilidades, propuestas de recreaci\u00f3n, de encuentro, todo en base de protocolos, de medidas de cuidados\u201d dijo el jefe comunal.<\/p>\n\n\n\n<p>La primera en tomar la palabra fue la secretaria de gobierno, \u00a0Clara Zunino, quien cont\u00f3 que hoy presentamos la propuesta de vacaciones de invierno, con un eje en la recreaci\u00f3n, pero tambi\u00e9n en la educaci\u00f3n. Es importante que podamos salir de esta pandemia, con los cuidados y los protocolos, y haciendo actividades para los ni\u00f1os y ni\u00f1as en vacaciones de invierno pudiendo acercar a las familias propuestas integrales\u201d<\/p>\n\n\n\n<div class=\"wp-block-image\"><figure class=\"aligncenter size-large\"><img loading=\"lazy\" decoding=\"async\" width=\"714\" height=\"1024\" data-attachment-id=\"133575\" data-permalink=\"https:\/\/www.hoymercedes.com.ar\/principal\/2021\/07\/18\/amplio-abanico-de-actividades-protocolizadas-para-las-vacaciones-de-invierno\/grilla-vacaciones-01-01-1427x2048-1\/#main\" data-orig-file=\"https:\/\/www.hoymercedes.com.ar\/principal\/wp-content\/uploads\/2021\/07\/grilla-vacaciones-01-01-1427x2048-1.jpg\" data-orig-size=\"1427,2048\" data-comments-opened=\"0\" data-image-meta=\"{&quot;aperture&quot;:&quot;0&quot;,&quot;credit&quot;:&quot;&quot;,&quot;camera&quot;:&quot;&quot;,&quot;caption&quot;:&quot;&quot;,&quot;created_timestamp&quot;:&quot;0&quot;,&quot;copyright&quot;:&quot;&quot;,&quot;focal_length&quot;:&quot;0&quot;,&quot;iso&quot;:&quot;0&quot;,&quot;shutter_speed&quot;:&quot;0&quot;,&quot;title&quot;:&quot;&quot;,&quot;orientation&quot;:&quot;0&quot;}\" data-image-title=\"grilla-vacaciones-01-01-1427&amp;#215;2048-1\" data-image-description=\"\" data-image-caption=\"\" data-large-file=\"https:\/\/www.hoymercedes.com.ar\/principal\/wp-content\/uploads\/2021\/07\/grilla-vacaciones-01-01-1427x2048-1-714x1024.jpg\" src=\"https:\/\/www.hoymercedes.com.ar\/principal\/wp-content\/uploads\/2021\/07\/grilla-vacaciones-01-01-1427x2048-1-714x1024.jpg\" alt=\"\" class=\"wp-image-133575\" srcset=\"https:\/\/www.hoymercedes.com.ar\/principal\/wp-content\/uploads\/2021\/07\/grilla-vacaciones-01-01-1427x2048-1-714x1024.jpg 714w, https:\/\/www.hoymercedes.com.ar\/principal\/wp-content\/uploads\/2021\/07\/grilla-vacaciones-01-01-1427x2048-1-432x620.jpg 432w, https:\/\/www.hoymercedes.com.ar\/principal\/wp-content\/uploads\/2021\/07\/grilla-vacaciones-01-01-1427x2048-1-105x150.jpg 105w, https:\/\/www.hoymercedes.com.ar\/principal\/wp-content\/uploads\/2021\/07\/grilla-vacaciones-01-01-1427x2048-1-1070x1536.jpg 1070w, https:\/\/www.hoymercedes.com.ar\/principal\/wp-content\/uploads\/2021\/07\/grilla-vacaciones-01-01-1427x2048-1.jpg 1427w\" sizes=\"auto, (max-width: 714px) 100vw, 714px\" \/><\/figure><\/div>\n\n\n\n<p><strong>Trabajo<\/strong><\/p>\n\n\n\n<p>El intendente Ustarroz destac\u00f3 que \u201chemos realizado un trabajo muy intenso y muy importante para poder ofrecerle a los ni\u00f1os y a la familia, posibilidades, propuestas de recreaci\u00f3n, de encuentro, todo en base de protocolos, de medidas de cuidados. Fuimos analizando junto al sector de salud, cual es el grado de situaci\u00f3n de nuestra ciudad. Y somos conscientes de que tambi\u00e9n hay que generar propuestas al aire libre. Propuestas que tienen que ver con actividades, recreativas\u201d sostuvo.<\/p>\n\n\n\n<p><strong>Trocha y Parque<\/strong><\/p>\n\n\n\n<p>M\u00e1s adelante manifest\u00f3 que \u201cac\u00e1 mismo, en el predio cultural La Trocha, vamos a llevar adelante la Estaci\u00f3n Juegos, que inauguramos en el 2019 y que alguna gente la conoce, pero mucha otra no. Que fue una idea tomada del tren de la infancia de Rosario. Despu\u00e9s en el Parque Municipal hay todo un proyecto que se est\u00e1 desarrollando y que ha crecido mucho y que tiene que ver con vida en la naturaleza: los kayaks, las bicicletas, caminatas, canchas de tenis, campamento, tirolesas, entre otras intervenciones. Todas las nuevas propuestas que se han desarrollado en materia deportiva. Este proyecto de Vida en la Naturaleza, que la gente se acerque, puede usarlo, pueda disfrutar\u201d Afirm\u00f3.<\/p>\n\n\n\n<p><strong>Museos<\/strong><\/p>\n\n\n\n<p>Tambi\u00e9n coment\u00f3 Ustarroz que \u201clos museos donde tenemos varias propuestas. B\u00e1sicamente la idea era marcar una agenda en estas dos semanas con diferentes propuestas, actividades, entendiendo que es mejor promover actividades cuidadas y esto es la antesala de un gran proyecto que vamos a estar presentando en breve, que tiene que ver con una gesta educativa que desde el Municipio junto a toda la comunidad ya estamos trabajando y vamos a plantear. En sinton\u00eda con esa propuesta educativa muy fuerte que vamos a hacer, hemos realizado esta propuesta para las vacaciones de invierno de los ni\u00f1os y las familias.\u201d<\/p>\n\n\n\n<p><strong>Ni\u00f1ez<\/strong><\/p>\n\n\n\n<p>La directora de ni\u00f1ez y adolescencia, Lic. Gabriela Olivella narr\u00f3 que \u201cproponemos una agenta muy amplia. Puntualmente en la Trocha vamos a reflotar la propuesta de Estaci\u00f3n Juego, desde el lunes pr\u00f3ximo hasta el domingo que finalizan las vacaciones, de 14 a 17 hs. La idea es que los chicos puedan jugar de una manera sumamente cuidada. Entendiendo que en relaci\u00f3n a la alta proporci\u00f3n de vacunaci\u00f3n y la situaci\u00f3n de pandemia en la que estamos, nos parece importante que los chicos&nbsp; puedan tener este tipo de actividades, aprendiendo ellos a auto cuidarse. La propuesta es de juego, recreaci\u00f3n y van a poder tener acceso libre y gratuito\u201d<\/p>\n\n\n\n<p><strong>Ambiente<\/strong><\/p>\n\n\n\n<p>El Ing. Dario Taramsco, director de espacios verdes, afirm\u00f3 que \u201ccontamos como excusa perfecta la idea de poder abrir el vivero municipal a la ciudadan\u00eda. Tenemos algo muy interesante para mostrarles y que venimos trabajando. Llevar a los chicos con los padres y compartir las actividades que se hacen al aire libre: el manejo de sustrato, el trabajo con la tierra, el sembrado, la preparaci\u00f3n con la semilla, hacer esquejes. Con esa excusa tambi\u00e9n concientizar tambi\u00e9n a los chicos en el respeto y el cuidado\u201d narr\u00f3 como propuesta para la vinculaci\u00f3n natural.<\/p>\n\n\n\n<p><strong>Deportes<\/strong><\/p>\n\n\n\n<p>Mariana Saboredo, directora de deportes, afirm\u00f3 que \u201cvamos a estar ofreciendo actividades en el Parque Municipal, sector nuevo. All\u00ed se en el sector del polideportivo que cuenta con canchas de tenis. Se van a seguir dando turnos libres y gratuitos como ven\u00edamos trabajando hasta el d\u00eda de hoy. Vamos a continuar con las salidas recreativas en kayak para toda la familia. Tambi\u00e9n vamos a hacer cicloturismo con las bicicletas que ofrece el municipio y quien se quiera acercar con su bicicleta tambi\u00e9n lo puede hacer. Todas estas actividades van a ser con turnos previos. Tambi\u00e9n va a estar abierto el Semuara con puentes colgantes para los ni\u00f1os m\u00e1s peque\u00f1os, adem\u00e1s, vamos a tener juegos inflables, todos con protocolos y grupos reducidos. Se va a entrar con turnos, va a haber controles en el ingreso. Todas estas propuestas para que accedan todas las familias en estas dos semanas de receso invernal. A partir del lunes, de lunes a s\u00e1bado, de 14hs a 18hs\u201d, sostuvo la profesora.<\/p>\n\n\n\n<p><strong>Educaci\u00f3n<\/strong><\/p>\n\n\n\n<p>La profesora Pamela Herrrera sostuvo que \u201cestamosacompa\u00f1ando a todas las \u00e1reas, aglutinar todo lo que hacen y poder ofrecer a la sociedad. Para eso estuvimos trabajando en reuniones con docentes, escuchando que era lo que necesitaban. El encuentro de los chicos, de volver a vincularse, y por eso se pone a trabajar en conjunto para poder ofrecer espacios recreativos, educativos, l\u00fadicos para todos los chicos y chicas para volver a encontrarse\u201d narr\u00f3.<\/p>\n\n\n\n<p><strong>Cultura<\/strong><\/p>\n\n\n\n<p>Marcela Brown especific\u00f3 que \u201cpor un lado vamos a tener en el Parque, de mi\u00e9rcoles a domingo, funciones de circo, acrobacia, m\u00fasica y magia. Se va a poder concurrir media hora antes para retirar la entrada porque hay aforo. Las funciones van a ser a las 14hs y a las 15:30hs. Tambi\u00e9n tenemos de mi\u00e9rcoles a domingo, en el Museo Ameghino, las actividades para los m\u00e1s peque\u00f1os: bicidinosaurios, biblioteca dinosauria, el programa \u201cel Ameghino sale a la calle\u201d porque la actividad se va a realizar sobre calle 21: ah\u00ed va a haber bici dimosaurios, biblioteca, talleres de dibujo y de m\u00e1scara, para diferentes edades y con todos los protocolos. Se pide que concurran con barbijo. En la Trocha tenemos el espacio de infantes, con actividades a cargo del museo de arte, con el programa de fortalecimiento a los artistas con el Paseo Jacarand\u00e1 que estar\u00e1 el pr\u00f3ximo s\u00e1bado a las 10 de la ma\u00f1ana. Y el domingo a partir de las 14 hs en la plaza de Tom\u00e1s Jofre\u201d<\/p>\n\n\n\n<p>Jimera Rivas, record\u00f3 que \u201cel Paseo de Arte Jacarand\u00e1 se fue desarrollando conjuntamente con la Direcci\u00f3n de Turismo y con la Direcci\u00f3n de Producci\u00f3n que est\u00e1 en conjunto con el Mercado Sustentable y va a estar present\u00e1ndose tambi\u00e9n este fin de semana en La Trocha y Tom\u00e1s Jofr\u00e9\u201d<\/p>\n\n\n\n<p><strong>Protocolos<\/strong><\/p>\n\n\n\n<p>\u201cLas actividades fueron desarrollas con un amplio estudio previo y generaci\u00f3n de dispositivos protocolares para que sean cuidadas, seguras, pero tambi\u00e9n posible de desarrollarse, sabiendo lo importante que son para la ni\u00f1ez y las familias un momento de distracci\u00f3n y aprendizaje desde el juego\u201d mencion\u00f3 la Lic. Marianela Arenillas, sub secretaria de salud.<\/p>\n\n\n\n<p><strong>Info<\/strong><\/p>\n\n\n\n<p>En las redes sociales oficiales de la Municipalidad y en los medios de comunicaci\u00f3n de Mercedes se podr\u00e1 ir viendo las distintas propuestas para que las familias, ni\u00f1os y ni\u00f1as puedas acceder a cada propuesta.<\/p>\n","protected":false},"excerpt":{"rendered":"<p>El intendente Ustarroz junto a parte de su gabinete presentaron un integral abanico de actividades con miras a las vacaciones &#8230; <a title=\"Amplio abanico de actividades protocolizadas para las vacaciones de invierno\" class=\"read-more\" href=\"https:\/\/www.hoymercedes.com.ar\/principal\/2021\/07\/18\/amplio-abanico-de-actividades-protocolizadas-para-las-vacaciones-de-invierno\/\" aria-label=\"Leer m\u00e1s sobre Amplio abanico de actividades protocolizadas para las vacaciones de invierno\">Leer m\u00e1s<\/a><\/p>\n","protected":false},"author":1,"featured_media":133574,"comment_status":"closed","ping_status":"open","sticky":false,"template":"","format":"standard","meta":{"_monsterinsights_skip_tracking":false,"_monsterinsights_sitenote_active":false,"_monsterinsights_sitenote_note":"","_monsterinsights_sitenote_category":0,"jetpack_post_was_ever_published":false,"_jetpack_newsletter_access":"","_jetpack_dont_email_post_to_subs":false,"_jetpack_newsletter_tier_id":0,"_jetpack_memberships_contains_paywalled_content":false,"_jetpack_memberships_contains_paid_content":false,"footnotes":"","jetpack_publicize_message":"","jetpack_publicize_feature_enabled":true,"jetpack_social_post_already_shared":false,"jetpack_social_options":{"image_generator_settings":{"template":"highway","default_image_id":0,"font":"","enabled":false},"version":2},"_wpas_customize_per_network":false},"categories":[104],"tags":[7629],"class_list":["post-133573","post","type-post","status-publish","format-standard","has-post-thumbnail","hentry","category-cultura","tag-vacaciones-de-invierno","generate-columns","tablet-grid-50","mobile-grid-100","grid-parent","grid-50"],"jetpack_publicize_connections":[],"jetpack_featured_media_url":"https:\/\/www.hoymercedes.com.ar\/principal\/wp-content\/uploads\/2021\/07\/DSC08540.jpg","wps_subtitle":"#Ni\u00f1ezyAdolescencia","jetpack_sharing_enabled":true,"_links":{"self":[{"href":"https:\/\/www.hoymercedes.com.ar\/principal\/wp-json\/wp\/v2\/posts\/133573","targetHints":{"allow":["GET"]}}],"collection":[{"href":"https:\/\/www.hoymercedes.com.ar\/principal\/wp-json\/wp\/v2\/posts"}],"about":[{"href":"https:\/\/www.hoymercedes.com.ar\/principal\/wp-json\/wp\/v2\/types\/post"}],"author":[{"embeddable":true,"href":"https:\/\/www.hoymercedes.com.ar\/principal\/wp-json\/wp\/v2\/users\/1"}],"replies":[{"embeddable":true,"href":"https:\/\/www.hoymercedes.com.ar\/principal\/wp-json\/wp\/v2\/comments?post=133573"}],"version-history":[{"count":0,"href":"https:\/\/www.hoymercedes.com.ar\/principal\/wp-json\/wp\/v2\/posts\/133573\/revisions"}],"wp:featuredmedia":[{"embeddable":true,"href":"https:\/\/www.hoymercedes.com.ar\/principal\/wp-json\/wp\/v2\/media\/133574"}],"wp:attachment":[{"href":"https:\/\/www.hoymercedes.com.ar\/principal\/wp-json\/wp\/v2\/media?parent=133573"}],"wp:term":[{"taxonomy":"category","embeddable":true,"href":"https:\/\/www.hoymercedes.com.ar\/principal\/wp-json\/wp\/v2\/categories?post=133573"},{"taxonomy":"post_tag","embeddable":true,"href":"https:\/\/www.hoymercedes.com.ar\/principal\/wp-json\/wp\/v2\/tags?post=133573"}],"curies":[{"name":"wp","href":"https:\/\/api.w.org\/{rel}","templated":true}]}}