{"id":133968,"date":"2021-07-24T15:33:43","date_gmt":"2021-07-24T18:33:43","guid":{"rendered":"https:\/\/www.hoymercedes.com.ar\/principal\/?p=133968"},"modified":"2021-07-24T20:25:12","modified_gmt":"2021-07-24T23:25:12","slug":"unidad-alegria-y-satisfaccion-en-la-presentacion-de-la-lista-del-frente-de-todos","status":"publish","type":"post","link":"https:\/\/www.hoymercedes.com.ar\/principal\/2021\/07\/24\/unidad-alegria-y-satisfaccion-en-la-presentacion-de-la-lista-del-frente-de-todos\/","title":{"rendered":"Unidad, alegr\u00eda y satisfacci\u00f3n en la presentaci\u00f3n de la lista del Frente de Todos"},"content":{"rendered":"\n<div class=\"wp-block-image\"><figure class=\"aligncenter size-large\"><img loading=\"lazy\" decoding=\"async\" width=\"2560\" height=\"1707\" data-attachment-id=\"133970\" data-permalink=\"https:\/\/www.hoymercedes.com.ar\/principal\/2021\/07\/24\/unidad-alegria-y-satisfaccion-en-la-presentacion-de-la-lista-del-frente-de-todos\/sja_0516\/#main\" data-orig-file=\"https:\/\/www.hoymercedes.com.ar\/principal\/wp-content\/uploads\/2021\/07\/SJA_0516-scaled.jpg\" data-orig-size=\"2560,1707\" data-comments-opened=\"0\" data-image-meta=\"{&quot;aperture&quot;:&quot;5.6&quot;,&quot;credit&quot;:&quot;SEBASTIANAMBROSSIO&quot;,&quot;camera&quot;:&quot;NIKON D5&quot;,&quot;caption&quot;:&quot;&quot;,&quot;created_timestamp&quot;:&quot;1627130328&quot;,&quot;copyright&quot;:&quot;SebastianAmbrossio&quot;,&quot;focal_length&quot;:&quot;35&quot;,&quot;iso&quot;:&quot;400&quot;,&quot;shutter_speed&quot;:&quot;0.00125&quot;,&quot;title&quot;:&quot;&quot;,&quot;orientation&quot;:&quot;1&quot;}\" data-image-title=\"SJA_0516\" data-image-description=\"\" data-image-caption=\"\" data-large-file=\"https:\/\/www.hoymercedes.com.ar\/principal\/wp-content\/uploads\/2021\/07\/SJA_0516-1024x683.jpg\" src=\"https:\/\/i1.wp.com\/www.hoymercedes.com.ar\/principal\/wp-content\/uploads\/2021\/07\/SJA_0516-scaled.jpg?fit=1024%2C683&amp;ssl=1\" alt=\"\" class=\"wp-image-133970\" srcset=\"https:\/\/www.hoymercedes.com.ar\/principal\/wp-content\/uploads\/2021\/07\/SJA_0516-scaled.jpg 2560w, https:\/\/www.hoymercedes.com.ar\/principal\/wp-content\/uploads\/2021\/07\/SJA_0516-630x420.jpg 630w, https:\/\/www.hoymercedes.com.ar\/principal\/wp-content\/uploads\/2021\/07\/SJA_0516-1024x683.jpg 1024w, https:\/\/www.hoymercedes.com.ar\/principal\/wp-content\/uploads\/2021\/07\/SJA_0516-150x100.jpg 150w, https:\/\/www.hoymercedes.com.ar\/principal\/wp-content\/uploads\/2021\/07\/SJA_0516-1536x1024.jpg 1536w, https:\/\/www.hoymercedes.com.ar\/principal\/wp-content\/uploads\/2021\/07\/SJA_0516-2048x1365.jpg 2048w\" sizes=\"auto, (max-width: 2560px) 100vw, 2560px\" \/><\/figure><\/div>\n\n\n\n<p>El Frente de Todos oficializ\u00f3 la lista con una clara unidad y armon\u00eda. Con un clima de alegr\u00eda y mucha satisfacci\u00f3n en una lista que \u201ccay\u00f3 muy bien\u201d. Hay representaci\u00f3n de todos los sectores, de todos los puntos de la ciudad, de la zona urbana y rural. Encabeza la lista de concejales Florencia Comalini y de consejeros escolares Walter Taramasco. \u201cEs un honor estar nuevamente unidos trabajando por nuestra ciudad\u201d afirm\u00f3 Juani I. Ustarroz y remarc\u00f3 que \u201cquiero agradecer a cada uno y cada una de los que integran la lista\u201d porque \u201ces un concepto pol\u00edtico que representa la unidad porque no son s\u00f3lo ellos, sino todo un gran grupo humano y militante que los acompa\u00f1a\u201d manifest\u00f3.<\/p>\n\n\n\n<p><em><strong>Unidad<\/strong><\/em><br>La lista expres\u00f3 la unidad del Frente de Todos que no vivi\u00f3 un proceso ni de internas ni de disputas. R\u00e1pidamente hubo consenso y llegada la fecha se present\u00f3 con fuerte eje en educaci\u00f3n, contando con varios representantes del dicho sector, pero tambi\u00e9n, y muy importante, del sindicalismo, como el caso de Silvia Ju\u00e1rez en tercer t\u00e9rmino proveniente de SUTEBA, Ramiro Picone en cuarto lugar siendo parte la Agrupaci\u00f3n 17 de octubre. Con Fernando Mass\u00f3n, referente de los COE, en segundo lugar, como as\u00ed tambi\u00e9n Carlos Romero como suplente. La zona rural con Daniel Lucero, un referente tambi\u00e9n de la cultura campera. La lucha por los derechos y la igualdad con Mar\u00eda Jos\u00e9 Piacentini, Mayra Etcheverry, M\u00f3nica Cantos Milla. Juanita Garc\u00eda, tambi\u00e9n referente barrial hist\u00f3rica y Mart\u00edn Avalle, un reconocido hombre del SAME y la salud. En educaci\u00f3n al concejo escolar nuevamente todos los claustros representados, con auxiliares, docentes, directivos, contando con Walter Taramasco, Ver\u00f3nica Durand, Fernando Nu\u00f1ez, Andrea Scasso, Fabi\u00e1n Solimandi, Lucila Bustos Berrondo, referente adem\u00e1s de los jardines maternales y la primera infancia, otro de los ejes de la actual gesti\u00f3n. Lucas Pulitti una cara nueva proveniente de la juventud con experiencia en gesti\u00f3n y Romina Fern\u00e1ndez, deportista reconocida nacional e internacionalmente proveniente de una familia hist\u00f3rica del peronismo, como as\u00ed tambi\u00e9n Julio Gatica, de una familia de cepa peronista indiscutible. Un dato simb\u00f3lico, pero tambi\u00e9n muy importante para el Frente, es contar con Veteranos de Malvinas dentro de este espacio de unidad. Tambi\u00e9n se cont\u00f3 con la participaci\u00f3n del Diputado Nacional Carlos Selva.<\/p>\n\n\n\n<p>Frente Renovador, Casa Joven, Movimiento Evita, Frente Mercedino, La C\u00e1mpora, representaci\u00f3n sindical, Coordinaciones Barriales, Sectores educativos, trabajadores, del campo, del centro, de unidades b\u00e1sicas, referente social, de la educaci\u00f3n p\u00fablica y privada, deportistas, son parte de la unidad que permiti\u00f3 presentar una lista que entre sus filas gener\u00f3 una gran alegr\u00eda y comprensi\u00f3n de que lo m\u00e1s importante es \u201cseguir trabajando por Mercedes, sin descuidar la gesti\u00f3n, el acompa\u00f1amiento a las y los vecinos\u201d<\/p>\n\n\n\n<p><em><strong>Gesti\u00f3n<\/strong><\/em><br>La lista muestra claramente dos ejes transversales, uno es la educaci\u00f3n y el otro es la gesti\u00f3n, algo que qued\u00f3 de manifiesto en cada orador y que en el Frente de Todos no tienen dudas, es una decisi\u00f3n y definici\u00f3n continuar trabajando y festinando por la comunidad.<\/p>\n\n\n\n<p><strong><em>Lista completa<\/em><br><em>Pre candidatos al Concejo Deliberante<\/em><\/strong><\/p>\n\n\n\n<p><strong>Concejales titulares<\/strong><\/p>\n\n\n\n<ol class=\"wp-block-list\"><li>Flor Comalini<\/li><li>Fernando Masson<\/li><li>Silvia Ju\u00e1rez<\/li><li>Ramiro Piccone<\/li><li>Majo Piacentini<\/li><li>Lucas Puliti<\/li><li>Monica Cantos Milla<\/li><li>Martin Avalle<\/li><li>Juana Garc\u00eda<\/li><\/ol>\n\n\n\n<p><strong>Concejales suplentes<\/strong><\/p>\n\n\n\n<ol class=\"wp-block-list\"><li>Carlos Romero<\/li><li>Mayra Etcheverry<\/li><li>Raul Gatica<\/li><li>Romina Fern\u00e1ndez<\/li><li>Daniel Chuky Lucero<\/li><li>Eli Merlini<\/li><\/ol>\n\n\n\n<p><strong>Consejeros titulares<\/strong><\/p>\n\n\n\n<ol class=\"wp-block-list\"><li>Walter Taramasco<\/li><li>Veronica Durand<\/li><li>Fernando Nu\u00f1ez<\/li><\/ol>\n\n\n\n<p><strong>Consejeros suplentes<\/strong><\/p>\n\n\n\n<ol class=\"wp-block-list\"><li>Andrea Scasso<\/li><li>Fabian Solimandi<\/li><li>Lucila Bustos Berrondo<\/li><\/ol>\n","protected":false},"excerpt":{"rendered":"<p>El Frente de Todos oficializ\u00f3 la lista con una clara unidad y armon\u00eda. Con un clima de alegr\u00eda y mucha &#8230; <a title=\"Unidad, alegr\u00eda y satisfacci\u00f3n en la presentaci\u00f3n de la lista del Frente de Todos\" class=\"read-more\" href=\"https:\/\/www.hoymercedes.com.ar\/principal\/2021\/07\/24\/unidad-alegria-y-satisfaccion-en-la-presentacion-de-la-lista-del-frente-de-todos\/\" aria-label=\"Leer m\u00e1s sobre Unidad, alegr\u00eda y satisfacci\u00f3n en la presentaci\u00f3n de la lista del Frente de Todos\">Leer m\u00e1s<\/a><\/p>\n","protected":false},"author":1,"featured_media":133970,"comment_status":"closed","ping_status":"open","sticky":false,"template":"","format":"standard","meta":{"_monsterinsights_skip_tracking":false,"_monsterinsights_sitenote_active":false,"_monsterinsights_sitenote_note":"","_monsterinsights_sitenote_category":0,"jetpack_post_was_ever_published":false,"_jetpack_newsletter_access":"","_jetpack_dont_email_post_to_subs":false,"_jetpack_newsletter_tier_id":0,"_jetpack_memberships_contains_paywalled_content":false,"_jetpack_memberships_contains_paid_content":false,"footnotes":"","jetpack_publicize_message":"","jetpack_publicize_feature_enabled":true,"jetpack_social_post_already_shared":true,"jetpack_social_options":{"image_generator_settings":{"template":"highway","default_image_id":0,"font":"","enabled":false},"version":2},"_wpas_customize_per_network":false},"categories":[17907,5],"tags":[17557,15669,15363,5319],"class_list":["post-133968","post","type-post","status-publish","format-standard","has-post-thumbnail","hentry","category-paso-2021","category-politica","tag-elecciones-2021","tag-florencia-comalini","tag-frente-de-todos","tag-politica-2","generate-columns","tablet-grid-50","mobile-grid-100","grid-parent","grid-50"],"jetpack_publicize_connections":[],"jetpack_featured_media_url":"https:\/\/www.hoymercedes.com.ar\/principal\/wp-content\/uploads\/2021\/07\/SJA_0516-scaled.jpg","wps_subtitle":"Campa\u00f1a 2021","jetpack_sharing_enabled":true,"_links":{"self":[{"href":"https:\/\/www.hoymercedes.com.ar\/principal\/wp-json\/wp\/v2\/posts\/133968","targetHints":{"allow":["GET"]}}],"collection":[{"href":"https:\/\/www.hoymercedes.com.ar\/principal\/wp-json\/wp\/v2\/posts"}],"about":[{"href":"https:\/\/www.hoymercedes.com.ar\/principal\/wp-json\/wp\/v2\/types\/post"}],"author":[{"embeddable":true,"href":"https:\/\/www.hoymercedes.com.ar\/principal\/wp-json\/wp\/v2\/users\/1"}],"replies":[{"embeddable":true,"href":"https:\/\/www.hoymercedes.com.ar\/principal\/wp-json\/wp\/v2\/comments?post=133968"}],"version-history":[{"count":0,"href":"https:\/\/www.hoymercedes.com.ar\/principal\/wp-json\/wp\/v2\/posts\/133968\/revisions"}],"wp:featuredmedia":[{"embeddable":true,"href":"https:\/\/www.hoymercedes.com.ar\/principal\/wp-json\/wp\/v2\/media\/133970"}],"wp:attachment":[{"href":"https:\/\/www.hoymercedes.com.ar\/principal\/wp-json\/wp\/v2\/media?parent=133968"}],"wp:term":[{"taxonomy":"category","embeddable":true,"href":"https:\/\/www.hoymercedes.com.ar\/principal\/wp-json\/wp\/v2\/categories?post=133968"},{"taxonomy":"post_tag","embeddable":true,"href":"https:\/\/www.hoymercedes.com.ar\/principal\/wp-json\/wp\/v2\/tags?post=133968"}],"curies":[{"name":"wp","href":"https:\/\/api.w.org\/{rel}","templated":true}]}}