{"id":13399,"date":"2012-06-03T14:52:03","date_gmt":"2012-06-03T14:52:03","guid":{"rendered":"http:\/\/www.hoymercedes.com.ar\/principal\/?p=13399"},"modified":"2012-06-03T14:52:03","modified_gmt":"2012-06-03T14:52:03","slug":"programa-envion-mercedes-en-campamento-de-capacitacion","status":"publish","type":"post","link":"https:\/\/www.hoymercedes.com.ar\/principal\/2012\/06\/03\/programa-envion-mercedes-en-campamento-de-capacitacion\/","title":{"rendered":"Programa \u00abEnvi\u00f3n Mercedes\u00bb en Campamento de Capacitaci\u00f3n"},"content":{"rendered":"<p><a href=\"https:\/\/www.hoymercedes.com.ar\/principal\/wp-content\/uploads\/2012\/06\/Envi\u00f3n-Campamento.jpg\"><img loading=\"lazy\" decoding=\"async\" data-attachment-id=\"13401\" data-permalink=\"https:\/\/www.hoymercedes.com.ar\/principal\/2012\/06\/03\/programa-envion-mercedes-en-campamento-de-capacitacion\/envion-campamento\/#main\" data-orig-file=\"https:\/\/www.hoymercedes.com.ar\/principal\/wp-content\/uploads\/2012\/06\/Envi\u00f3n-Campamento.jpg\" data-orig-size=\"612,459\" data-comments-opened=\"1\" data-image-meta=\"{&quot;aperture&quot;:&quot;0&quot;,&quot;credit&quot;:&quot;&quot;,&quot;camera&quot;:&quot;&quot;,&quot;caption&quot;:&quot;&quot;,&quot;created_timestamp&quot;:&quot;0&quot;,&quot;copyright&quot;:&quot;&quot;,&quot;focal_length&quot;:&quot;0&quot;,&quot;iso&quot;:&quot;0&quot;,&quot;shutter_speed&quot;:&quot;0&quot;,&quot;title&quot;:&quot;&quot;}\" data-image-title=\"Envi\u00f3n-Campamento\" data-image-description=\"\" data-image-caption=\"\" data-large-file=\"https:\/\/www.hoymercedes.com.ar\/principal\/wp-content\/uploads\/2012\/06\/Envi\u00f3n-Campamento.jpg\" class=\"aligncenter size-full wp-image-13401\" title=\"Envi\u00f3n-Campamento\" src=\"https:\/\/www.hoymercedes.com.ar\/principal\/wp-content\/uploads\/2012\/06\/Envi\u00f3n-Campamento.jpg\" alt=\"\" width=\"612\" height=\"459\" \/><\/a><\/p>\n<p>Los d\u00edas, jueves 31 de mayo y 1 de junio, tutores del Programa Provincial de Responsabilidad Social Compartida \u201cEnvi\u00f3n\u201d funciona en la Secretaria de Desarrollo Social de la Municipalidad de Mercedes , el cual tiene un fuerte respaldo del Intendente Municipal Carlos Selva, concurrieron al Centro recreativo Nacional ubicado en Ezeiza, a fin de participar del campamento Organizado por la Direcci\u00f3n de Campamentos de la Secretaria de Deportes del Gobierno de la Provincia de Buenos Aires, el Objetivo principal es que los j\u00f3venes antes mencionados se capaciten en coordinaci\u00f3n y liderazgo de grupos en un medio diferente al habitual y con objetivos definidos, orientados a la educaci\u00f3n para la preservaci\u00f3n responsable del medio ambiente, las experiencias campamentiles ofrecen espacios de aprendizajes significativos y placenteros.<\/p>\n<p>En el Envi\u00f3n Mercedes, \u201cCreemos que la organizaci\u00f3n y el trabajo colectivo son una herramienta necesaria para la transformaci\u00f3n no solo de un proyecto de vida, sino tambi\u00e9n, para una sociedad m\u00e1s justa y solidaria\u201d. El campamento se encuadra en el art\u00edculo 14 de la Constituci\u00f3n Nacional, donde se expresa el principio de la \u201clibertad de ense\u00f1ar y de aprender\u201d haciendo referencia a la igualdad de oportunidades y de posibilidades con pluralismo de oferta y de opciones educativas, reconociendo a las actividades recreativas, actividades deportivas y actividades en y con la naturaleza como parte de estas.<\/p>\n<p>La actividad tuvo un saldo satisfactorio y es importante recalcar que en el mes de septiembre, los j\u00f3venes que se capacitaron concurrir\u00e1n nuevamente al Centro Recreativo Nacional con los beneficiarios de dicho Programa que son del Barrio Marchetti y San Mart\u00edn de nuestra ciudad.<\/p>\n<p>Por ultimo mencionamos que El Envi\u00f3n es una original iniciativa que lleva adelante el Ministerio de Desarrollo Social de la Provincia y que est\u00e1 destinada a chicos de entre 12 y 21 a\u00f1os en situaci\u00f3n de vulnerabilidad social.<\/p>\n","protected":false},"excerpt":{"rendered":"<p>Los d\u00edas, jueves 31 de mayo y 1 de junio, tutores del Programa Provincial de Responsabilidad Social Compartida \u201cEnvi\u00f3n\u201d funciona &#8230; <a title=\"Programa \u00abEnvi\u00f3n Mercedes\u00bb en Campamento de Capacitaci\u00f3n\" class=\"read-more\" href=\"https:\/\/www.hoymercedes.com.ar\/principal\/2012\/06\/03\/programa-envion-mercedes-en-campamento-de-capacitacion\/\" aria-label=\"Leer m\u00e1s sobre Programa \u00abEnvi\u00f3n Mercedes\u00bb en Campamento de Capacitaci\u00f3n\">Leer m\u00e1s<\/a><\/p>\n","protected":false},"author":1,"featured_media":0,"comment_status":"open","ping_status":"open","sticky":false,"template":"","format":"standard","meta":{"_monsterinsights_skip_tracking":false,"_monsterinsights_sitenote_active":false,"_monsterinsights_sitenote_note":"","_monsterinsights_sitenote_category":0,"jetpack_post_was_ever_published":false,"_jetpack_newsletter_access":"","_jetpack_dont_email_post_to_subs":false,"_jetpack_newsletter_tier_id":0,"_jetpack_memberships_contains_paywalled_content":false,"_jetpack_memberships_contains_paid_content":false,"footnotes":"","jetpack_publicize_message":"","jetpack_publicize_feature_enabled":true,"jetpack_social_post_already_shared":false,"jetpack_social_options":{"image_generator_settings":{"template":"highway","default_image_id":0,"font":"","enabled":false},"version":2},"_wpas_customize_per_network":false},"categories":[5],"tags":[795],"class_list":["post-13399","post","type-post","status-publish","format-standard","hentry","category-politica","tag-envion-mercedes","generate-columns","tablet-grid-50","mobile-grid-100","grid-parent","grid-50"],"jetpack_publicize_connections":[],"jetpack_featured_media_url":"","wps_subtitle":"","jetpack_sharing_enabled":true,"_links":{"self":[{"href":"https:\/\/www.hoymercedes.com.ar\/principal\/wp-json\/wp\/v2\/posts\/13399","targetHints":{"allow":["GET"]}}],"collection":[{"href":"https:\/\/www.hoymercedes.com.ar\/principal\/wp-json\/wp\/v2\/posts"}],"about":[{"href":"https:\/\/www.hoymercedes.com.ar\/principal\/wp-json\/wp\/v2\/types\/post"}],"author":[{"embeddable":true,"href":"https:\/\/www.hoymercedes.com.ar\/principal\/wp-json\/wp\/v2\/users\/1"}],"replies":[{"embeddable":true,"href":"https:\/\/www.hoymercedes.com.ar\/principal\/wp-json\/wp\/v2\/comments?post=13399"}],"version-history":[{"count":0,"href":"https:\/\/www.hoymercedes.com.ar\/principal\/wp-json\/wp\/v2\/posts\/13399\/revisions"}],"wp:attachment":[{"href":"https:\/\/www.hoymercedes.com.ar\/principal\/wp-json\/wp\/v2\/media?parent=13399"}],"wp:term":[{"taxonomy":"category","embeddable":true,"href":"https:\/\/www.hoymercedes.com.ar\/principal\/wp-json\/wp\/v2\/categories?post=13399"},{"taxonomy":"post_tag","embeddable":true,"href":"https:\/\/www.hoymercedes.com.ar\/principal\/wp-json\/wp\/v2\/tags?post=13399"}],"curies":[{"name":"wp","href":"https:\/\/api.w.org\/{rel}","templated":true}]}}