{"id":134027,"date":"2021-07-25T13:48:00","date_gmt":"2021-07-25T16:48:00","guid":{"rendered":"https:\/\/www.hoymercedes.com.ar\/principal\/?p=134027"},"modified":"2021-07-25T18:31:49","modified_gmt":"2021-07-25T21:31:49","slug":"firman-acuerdo-de-colaboracion-entre-trenes-argentinos-y-biblioteca-del-congreso","status":"publish","type":"post","link":"https:\/\/www.hoymercedes.com.ar\/principal\/2021\/07\/25\/firman-acuerdo-de-colaboracion-entre-trenes-argentinos-y-biblioteca-del-congreso\/","title":{"rendered":"Firman acuerdo de colaboraci\u00f3n entre Trenes Argentinos y Biblioteca del Congreso"},"content":{"rendered":"\n<p>Entre la Biblioteca del Congreso de la Naci\u00f3n, que preside el Diputado Nacional Carlos Selva, y Trenes Argentinos, a cargo de Mar\u00edn Marinucci, se firm\u00f3 un convenio para que los usuarios de ferrocarriles puedan acceder de manera gratuita a trav\u00e9s de un c\u00f3digo QR a libros del cat\u00e1logo de la BCN. El diputado Carlos Selva fue uno de los que rubric\u00f3 el acuerdo.<\/p>\n\n\n\n<div class=\"wp-block-image\"><figure class=\"aligncenter size-large\"><img loading=\"lazy\" decoding=\"async\" width=\"863\" height=\"575\" data-attachment-id=\"134028\" data-permalink=\"https:\/\/www.hoymercedes.com.ar\/principal\/2021\/07\/25\/firman-acuerdo-de-colaboracion-entre-trenes-argentinos-y-biblioteca-del-congreso\/25-selva-biblioteca\/#main\" data-orig-file=\"https:\/\/www.hoymercedes.com.ar\/principal\/wp-content\/uploads\/2021\/07\/25-selva-biblioteca.jpg\" data-orig-size=\"863,575\" data-comments-opened=\"0\" data-image-meta=\"{&quot;aperture&quot;:&quot;0&quot;,&quot;credit&quot;:&quot;&quot;,&quot;camera&quot;:&quot;&quot;,&quot;caption&quot;:&quot;&quot;,&quot;created_timestamp&quot;:&quot;1627217410&quot;,&quot;copyright&quot;:&quot;&quot;,&quot;focal_length&quot;:&quot;0&quot;,&quot;iso&quot;:&quot;0&quot;,&quot;shutter_speed&quot;:&quot;0&quot;,&quot;title&quot;:&quot;&quot;,&quot;orientation&quot;:&quot;1&quot;}\" data-image-title=\"25 selva biblioteca\" data-image-description=\"\" data-image-caption=\"\" data-large-file=\"https:\/\/www.hoymercedes.com.ar\/principal\/wp-content\/uploads\/2021\/07\/25-selva-biblioteca.jpg\" src=\"https:\/\/www.hoymercedes.com.ar\/principal\/wp-content\/uploads\/2021\/07\/25-selva-biblioteca.jpg\" alt=\"\" class=\"wp-image-134028\" srcset=\"https:\/\/www.hoymercedes.com.ar\/principal\/wp-content\/uploads\/2021\/07\/25-selva-biblioteca.jpg 863w, https:\/\/www.hoymercedes.com.ar\/principal\/wp-content\/uploads\/2021\/07\/25-selva-biblioteca-630x420.jpg 630w, https:\/\/www.hoymercedes.com.ar\/principal\/wp-content\/uploads\/2021\/07\/25-selva-biblioteca-150x100.jpg 150w, https:\/\/www.hoymercedes.com.ar\/principal\/wp-content\/uploads\/2021\/07\/25-selva-biblioteca-700x465.jpg 700w\" sizes=\"auto, (max-width: 863px) 100vw, 863px\" \/><\/figure><\/div>\n\n\n\n<p>\u201cEs una manera m\u00e1s de acercar la Biblioteca del Congreso a los usuarios y, a la vez, de revalorizar la enorme tarea que est\u00e1 haciendo Trenes Argentinos para brindar un buen servicio\u201d, dijo Selva, quien firm\u00f3 junto al titular de Trenes Argentinos, Martin Marinucci.<\/p>\n\n\n\n<p>Por otra parte, Selva destac\u00f3 que su ciudad, Mercedes, tiene tres ramales que la cruzan. \u201cEn el ejido urbano tenemos ferrocarriles de largo trayecto, hay una historia muy linda de mi ciudad como un nodo ferroviario. E incluso hace unos a\u00f1os tuvimos una visi\u00f3n estrat\u00e9gica de unir en 4 nodos importantes que se iban a desarrollar\u201d, dijo.<\/p>\n\n\n\n<p>\u201cEl Gobierno le da un impuso a todo el desarrollo de la pol\u00edtica de producci\u00f3n y urbanizaci\u00f3n, con presencia de los ferrocarriles. En este caso Trenes Argentinos ha tenido una visi\u00f3n de amplitud y con su presidente conversamos sobre esta posibilidad de participar con la Biblioteca de este progreso, complementando con eventos culturales. A trav\u00e9s de la app de Trenes hoy se va a tener acceso a toda la biblioteca de libros a trav\u00e9s de los c\u00f3digos QR, por lo que los usuarios tendr\u00e1n posibilidad de acceder a un compendio muy grande de libros de todos los rubros, lo que es un orgullo importante\u201d, explic\u00f3 Selva, presidente de la Comisi\u00f3n Bicameral Administradora de la BCN.<\/p>\n\n\n\n<p><strong>Acceso gratuito para la descarga desde la App<\/strong><br>La Biblioteca del Congreso de la Naci\u00f3n y la Operadora Ferroviaria Sociedad del Estado (SOFSE) firmaron un convenio marco de colaboraci\u00f3n para desarrollar actividades en conjunto, con el fin de mejorar la calidad de los servicios de ambas instituciones y propiciar un trabajo dedicado a recuperar el valor social y cultural del tren.<\/p>\n\n\n\n<p>A partir de la firma del convenio, todas y todos los usuarios que utilizan la aplicaci\u00f3n de Trenes Argentinos tienen acceso de forma gratuita a libros y publicaciones editadas en la BCN, como por ejemplo, la Colecci\u00f3n Vuela el Pez, dedicada a j\u00f3venes, que cuenta con: Cuentos de amor, de locura y de muerte, y Cuentos de la selva de Horacio Quiroga; El espejo en la pecera de Franco Vaccarini; Cuentos por su cuenta de Adela Basch; El Principito, entre otros t\u00edtulos; tambi\u00e9n las publicaciones que integran la Colecci\u00f3n Pensamiento del Bicentenario (Facundo de Domingo F. Sarmiento; El matadero\/La Cautiva de Esteban Echeverr\u00eda; Nuestra Am\u00e9rica de Jos\u00e9 Mart\u00ed, y Bases de Juan B. Alberdi, entre otros); el Bolet\u00edn BCN, y muchas m\u00e1s colecciones y publicaciones.<\/p>\n\n\n\n<p>El acuerdo tiene por objeto establecer las bases para el desarrollo de futuras acciones, planes, programas y\/o actividades de cooperaci\u00f3n y colaboraci\u00f3n que hagan al mejor cumplimiento de los fines y objetivos de ambas instituciones en lo relativo a sus respectivas \u00e1reas de influencia, procurando el beneficio para los usuarios del servicio ferroviario y de la comunidad en general.<\/p>\n\n\n\n<p><strong>Junto al Tren Sanitario<\/strong><br>Por otra parte hace unos d\u00edas adem\u00e1s la Biblioteca del Congreso lleg\u00f3 a Castelli junto al Tren Sanitario, con su propuesta cultural y educativa. En la ciudad bonaerense se hizo presente a trav\u00e9s del Tren Sanitario del Ministerio de Desarrollo Social de la Naci\u00f3n, entre el s\u00e1bado 17 y el s\u00e1bado 24 de julio.<\/p>\n\n\n\n<p>La Biblioteca del Congreso viene desarrollando desde hace algunos a\u00f1os una importante actividad junto al Tren Sanitario del Ministerio de Desarrollo Social de la Naci\u00f3n, llevando su propuesta cultural y educativa en el marco del ofrecimiento de diversos servicios sociales: atenci\u00f3n de la salud, gesti\u00f3n de pensiones, microcr\u00e9ditos, documento nacional de identidad, partidas de nacimiento, entre otros.<\/p>\n\n\n\n<p>La Operadora Ferroviaria en tanto tiene a su cargo la prestaci\u00f3n de los servicios de transporte de pasajeros tanto urbano, interurbano, y de larga distancia como regionales. A partir de este acuerdo con la BCN, se buscar\u00e1 recuperar del valor social del tren generando un impacto cultural con el desarrollo de actividades, promoviendo un v\u00ednculo participativo con la comunidad en general.<\/p>\n\n\n\n<p>Por Prensa Carlos Selva<\/p>\n","protected":false},"excerpt":{"rendered":"<p>Entre la Biblioteca del Congreso de la Naci\u00f3n, que preside el Diputado Nacional Carlos Selva, y Trenes Argentinos, a cargo &#8230; <a title=\"Firman acuerdo de colaboraci\u00f3n entre Trenes Argentinos y Biblioteca del Congreso\" class=\"read-more\" href=\"https:\/\/www.hoymercedes.com.ar\/principal\/2021\/07\/25\/firman-acuerdo-de-colaboracion-entre-trenes-argentinos-y-biblioteca-del-congreso\/\" aria-label=\"Leer m\u00e1s sobre Firman acuerdo de colaboraci\u00f3n entre Trenes Argentinos y Biblioteca del Congreso\">Leer m\u00e1s<\/a><\/p>\n","protected":false},"author":1,"featured_media":134028,"comment_status":"closed","ping_status":"open","sticky":false,"template":"","format":"standard","meta":{"_monsterinsights_skip_tracking":false,"_monsterinsights_sitenote_active":false,"_monsterinsights_sitenote_note":"","_monsterinsights_sitenote_category":0,"jetpack_post_was_ever_published":false,"_jetpack_newsletter_access":"","_jetpack_dont_email_post_to_subs":false,"_jetpack_newsletter_tier_id":0,"_jetpack_memberships_contains_paywalled_content":false,"_jetpack_memberships_contains_paid_content":false,"footnotes":"","jetpack_publicize_message":"","jetpack_publicize_feature_enabled":true,"jetpack_social_post_already_shared":true,"jetpack_social_options":{"image_generator_settings":{"template":"highway","default_image_id":0,"font":"","enabled":false},"version":2},"_wpas_customize_per_network":false},"categories":[5210],"tags":[17919,39,12989],"class_list":["post-134027","post","type-post","status-publish","format-standard","has-post-thumbnail","hentry","category-politica-nacional","tag-biblioteca-congreso","tag-carlos-selva","tag-trenes-argentinos","generate-columns","tablet-grid-50","mobile-grid-100","grid-parent","grid-50"],"jetpack_publicize_connections":[],"jetpack_featured_media_url":"https:\/\/www.hoymercedes.com.ar\/principal\/wp-content\/uploads\/2021\/07\/25-selva-biblioteca.jpg","wps_subtitle":"Carlos Selva como autoridad de la Biblioteca","jetpack_sharing_enabled":true,"_links":{"self":[{"href":"https:\/\/www.hoymercedes.com.ar\/principal\/wp-json\/wp\/v2\/posts\/134027","targetHints":{"allow":["GET"]}}],"collection":[{"href":"https:\/\/www.hoymercedes.com.ar\/principal\/wp-json\/wp\/v2\/posts"}],"about":[{"href":"https:\/\/www.hoymercedes.com.ar\/principal\/wp-json\/wp\/v2\/types\/post"}],"author":[{"embeddable":true,"href":"https:\/\/www.hoymercedes.com.ar\/principal\/wp-json\/wp\/v2\/users\/1"}],"replies":[{"embeddable":true,"href":"https:\/\/www.hoymercedes.com.ar\/principal\/wp-json\/wp\/v2\/comments?post=134027"}],"version-history":[{"count":0,"href":"https:\/\/www.hoymercedes.com.ar\/principal\/wp-json\/wp\/v2\/posts\/134027\/revisions"}],"wp:featuredmedia":[{"embeddable":true,"href":"https:\/\/www.hoymercedes.com.ar\/principal\/wp-json\/wp\/v2\/media\/134028"}],"wp:attachment":[{"href":"https:\/\/www.hoymercedes.com.ar\/principal\/wp-json\/wp\/v2\/media?parent=134027"}],"wp:term":[{"taxonomy":"category","embeddable":true,"href":"https:\/\/www.hoymercedes.com.ar\/principal\/wp-json\/wp\/v2\/categories?post=134027"},{"taxonomy":"post_tag","embeddable":true,"href":"https:\/\/www.hoymercedes.com.ar\/principal\/wp-json\/wp\/v2\/tags?post=134027"}],"curies":[{"name":"wp","href":"https:\/\/api.w.org\/{rel}","templated":true}]}}