{"id":134072,"date":"2021-07-25T18:00:00","date_gmt":"2021-07-25T21:00:00","guid":{"rendered":"https:\/\/www.hoymercedes.com.ar\/principal\/?p=134072"},"modified":"2021-07-25T18:38:15","modified_gmt":"2021-07-25T21:38:15","slug":"en-gowland-detienen-a-un-hombre-por-hurto-agravado","status":"publish","type":"post","link":"https:\/\/www.hoymercedes.com.ar\/principal\/2021\/07\/25\/en-gowland-detienen-a-un-hombre-por-hurto-agravado\/","title":{"rendered":"En Gowland detienen a un hombre por hurto agravado"},"content":{"rendered":"\n<p>La informaci\u00f3n policial de la semsna, da cuenta de que el personal de la Delegaci\u00f3n Gowland de la Polic\u00eda Comunal, tras las investigaciones de rigor, logr\u00f3 detener a un var\u00f3n que circulaba por la v\u00eda p\u00fablica. Momentos antes hab\u00eda robado una motocicleta Yamaha. El aprehendido es oriundo de la localidad de General Belgrano.<\/p>\n\n\n\n<p>La intercepci\u00f3n se dio a la altura del kil\u00f3metro 84 de la Ruta Nacional N\u00ba5 cuando intentaba huir con el moto veh\u00edculo sustra\u00eddo a su leg\u00edtimo propietario. El robo lo produjo en instalaciones de la Estaci\u00f3n de Trenes de la localidad rural de Gowland. <\/p>\n\n\n\n<p>Interviene la UFI N\u00ba4 del Departamento Judicial mercedes. Por cuestiones que hacen a la investigaci\u00f3n, no se informa el nombre del detenido. <\/p>\n","protected":false},"excerpt":{"rendered":"<p>La informaci\u00f3n policial de la semsna, da cuenta de que el personal de la Delegaci\u00f3n Gowland de la Polic\u00eda Comunal, &#8230; <a title=\"En Gowland detienen a un hombre por hurto agravado\" class=\"read-more\" href=\"https:\/\/www.hoymercedes.com.ar\/principal\/2021\/07\/25\/en-gowland-detienen-a-un-hombre-por-hurto-agravado\/\" aria-label=\"Leer m\u00e1s sobre En Gowland detienen a un hombre por hurto agravado\">Leer m\u00e1s<\/a><\/p>\n","protected":false},"author":1,"featured_media":118857,"comment_status":"closed","ping_status":"open","sticky":false,"template":"","format":"standard","meta":{"_monsterinsights_skip_tracking":false,"_monsterinsights_sitenote_active":false,"_monsterinsights_sitenote_note":"","_monsterinsights_sitenote_category":0,"jetpack_post_was_ever_published":false,"_jetpack_newsletter_access":"","_jetpack_dont_email_post_to_subs":false,"_jetpack_newsletter_tier_id":0,"_jetpack_memberships_contains_paywalled_content":false,"_jetpack_memberships_contains_paid_content":false,"footnotes":"","jetpack_publicize_message":"","jetpack_publicize_feature_enabled":true,"jetpack_social_post_already_shared":true,"jetpack_social_options":{"image_generator_settings":{"template":"highway","default_image_id":0,"font":"","enabled":false},"version":2},"_wpas_customize_per_network":false},"categories":[85],"tags":[6728,96],"class_list":["post-134072","post","type-post","status-publish","format-standard","has-post-thumbnail","hentry","category-policial","tag-detenido","tag-policial-2","generate-columns","tablet-grid-50","mobile-grid-100","grid-parent","grid-50"],"jetpack_publicize_connections":[],"jetpack_featured_media_url":"https:\/\/www.hoymercedes.com.ar\/principal\/wp-content\/uploads\/2020\/10\/21-policia-bragado.jpg","wps_subtitle":"Investigaci\u00f3n judicial","jetpack_sharing_enabled":true,"_links":{"self":[{"href":"https:\/\/www.hoymercedes.com.ar\/principal\/wp-json\/wp\/v2\/posts\/134072","targetHints":{"allow":["GET"]}}],"collection":[{"href":"https:\/\/www.hoymercedes.com.ar\/principal\/wp-json\/wp\/v2\/posts"}],"about":[{"href":"https:\/\/www.hoymercedes.com.ar\/principal\/wp-json\/wp\/v2\/types\/post"}],"author":[{"embeddable":true,"href":"https:\/\/www.hoymercedes.com.ar\/principal\/wp-json\/wp\/v2\/users\/1"}],"replies":[{"embeddable":true,"href":"https:\/\/www.hoymercedes.com.ar\/principal\/wp-json\/wp\/v2\/comments?post=134072"}],"version-history":[{"count":0,"href":"https:\/\/www.hoymercedes.com.ar\/principal\/wp-json\/wp\/v2\/posts\/134072\/revisions"}],"wp:featuredmedia":[{"embeddable":true,"href":"https:\/\/www.hoymercedes.com.ar\/principal\/wp-json\/wp\/v2\/media\/118857"}],"wp:attachment":[{"href":"https:\/\/www.hoymercedes.com.ar\/principal\/wp-json\/wp\/v2\/media?parent=134072"}],"wp:term":[{"taxonomy":"category","embeddable":true,"href":"https:\/\/www.hoymercedes.com.ar\/principal\/wp-json\/wp\/v2\/categories?post=134072"},{"taxonomy":"post_tag","embeddable":true,"href":"https:\/\/www.hoymercedes.com.ar\/principal\/wp-json\/wp\/v2\/tags?post=134072"}],"curies":[{"name":"wp","href":"https:\/\/api.w.org\/{rel}","templated":true}]}}