{"id":134139,"date":"2021-07-26T15:55:04","date_gmt":"2021-07-26T18:55:04","guid":{"rendered":"https:\/\/www.hoymercedes.com.ar\/principal\/?p=134139"},"modified":"2021-07-26T18:59:48","modified_gmt":"2021-07-26T21:59:48","slug":"abren-convocatoria-para-dos-concursos-de-fotografias","status":"publish","type":"post","link":"https:\/\/www.hoymercedes.com.ar\/principal\/2021\/07\/26\/abren-convocatoria-para-dos-concursos-de-fotografias\/","title":{"rendered":"Abren convocatoria para dos concursos de fotograf\u00edas"},"content":{"rendered":"\n<p>La Direcci\u00f3n de Cultura del Municipio de Mercedes anunci\u00f3 la convocatoria para dos concursos de fotograf\u00edas. El primero es junto a el \u00e1rea de Salud y el Programa Mil D\u00edas y tiene como tem\u00e1tica la lactancia materna, mientras que el segundo certamen es el Sal\u00f3n Anual de Fotograf\u00eda con tem\u00e1tica libre. <\/p>\n\n\n\n<div class=\"wp-block-image\"><figure class=\"aligncenter size-full\"><img loading=\"lazy\" decoding=\"async\" width=\"799\" height=\"533\" data-attachment-id=\"134147\" data-permalink=\"https:\/\/www.hoymercedes.com.ar\/principal\/2021\/07\/26\/abren-convocatoria-para-dos-concursos-de-fotografias\/img_20210726_103132233_hdr\/#main\" data-orig-file=\"https:\/\/www.hoymercedes.com.ar\/principal\/wp-content\/uploads\/2021\/07\/IMG_20210726_103132233_HDR.jpg\" data-orig-size=\"799,533\" data-comments-opened=\"0\" data-image-meta=\"{&quot;aperture&quot;:&quot;0&quot;,&quot;credit&quot;:&quot;&quot;,&quot;camera&quot;:&quot;&quot;,&quot;caption&quot;:&quot;&quot;,&quot;created_timestamp&quot;:&quot;1627295494&quot;,&quot;copyright&quot;:&quot;&quot;,&quot;focal_length&quot;:&quot;0&quot;,&quot;iso&quot;:&quot;0&quot;,&quot;shutter_speed&quot;:&quot;0&quot;,&quot;title&quot;:&quot;&quot;,&quot;orientation&quot;:&quot;1&quot;}\" data-image-title=\"IMG_20210726_103132233_HDR\" data-image-description=\"\" data-image-caption=\"\" data-large-file=\"https:\/\/www.hoymercedes.com.ar\/principal\/wp-content\/uploads\/2021\/07\/IMG_20210726_103132233_HDR.jpg\" src=\"https:\/\/www.hoymercedes.com.ar\/principal\/wp-content\/uploads\/2021\/07\/IMG_20210726_103132233_HDR.jpg\" alt=\"\" class=\"wp-image-134147\" srcset=\"https:\/\/www.hoymercedes.com.ar\/principal\/wp-content\/uploads\/2021\/07\/IMG_20210726_103132233_HDR.jpg 799w, https:\/\/www.hoymercedes.com.ar\/principal\/wp-content\/uploads\/2021\/07\/IMG_20210726_103132233_HDR-630x420.jpg 630w, https:\/\/www.hoymercedes.com.ar\/principal\/wp-content\/uploads\/2021\/07\/IMG_20210726_103132233_HDR-150x100.jpg 150w\" sizes=\"auto, (max-width: 799px) 100vw, 799px\" \/><\/figure><\/div>\n\n\n\n<p>Luego de un a\u00f1o pand\u00e9mico en el que no pudo realizarse el Sal\u00f3n Anual de Fotograf\u00eda, este 2021 se har\u00e1 la edici\u00f3n doceava, muy esperada por los fot\u00f3grafos profesionales y aficionados. Tal como se realiz\u00f3 en los \u00faltimas ediciones, los participantes podr\u00e1n presentar hasta dos fotograf\u00edas para la primera preselecci\u00f3n virtual del jurado convocado. Luego s\u00ed, cuando se confirmen los selecionados, deber\u00e1n presentar la fotograf\u00eda impresa en el tama\u00f1o necesario para la exposici\u00f3n. <\/p>\n\n\n\n<p>La convocatoria est\u00e1 abierta para mayores de 18 a\u00f1os, fot\u00f3grafos profesionales y aficionados. El tema de las fotograf\u00edas es libre. Los interesados deber\u00e1n enviar las fotograf\u00edas a trav\u00e9s del correo electr\u00f3nico del MAMM (museodeartemamm@gmail.com) entre el 7 y el 20 de agosto (no se admitir\u00e1n obras fuera de t\u00e9rmino). Los d\u00edas siguientes ser\u00e1n notificados los preseleccionados que deber\u00e1n enviar la fotograf\u00eda impresa entre 30 agosto y el 17 de septiembre inclusive.<\/p>\n\n\n\n<p>Este 2021, los premios ser\u00e1n monetarios para los primeros tres del certamen general adem\u00e1s del premio local. El primer premio es la adquisici\u00f3n de la fotograf\u00eda con 25 mil pesos, igual que el segundo que se pagar\u00e1 15 mil pesos, mientras que el tercero premio ser\u00e1 de 8 mil pesos. En tanto, el premio local es de 23 mil pesos y tambi\u00e9n pasar\u00e1 a formar parte del patrimionio cultural de la ciudad. <\/p>\n\n\n\n<p>En principio, la entrega de premios ser\u00eda el s\u00e1bado 25 de septiembre, a la hora 19. Aun no est\u00e1 confirmado el lugar de la exposici\u00f3n de todos los premiados y seleccionados para el Sal\u00f3n Anual de Fotograf\u00eda, pero s\u00ed que las fotograf\u00edas estar\u00e1n expuestas hasta el 10 de octubre. <\/p>\n\n\n\n<p>Las bases y condiciones pueden verse en la p\u00e1gina web de la Direcci\u00f3n de Cultura, a trav\u00e9s de este <a rel=\"noreferrer noopener\" href=\"http:\/\/cultura.mercedes.gob.ar\/2021\/07\/25\/12o-salon-anual-nacional-de-fotografia-ciudad-de-mercedes-2021\/\" target=\"_blank\">link<\/a>. <\/p>\n\n\n\n<div class=\"wp-block-image\"><figure class=\"aligncenter size-full\"><img loading=\"lazy\" decoding=\"async\" width=\"800\" height=\"533\" data-attachment-id=\"134148\" data-permalink=\"https:\/\/www.hoymercedes.com.ar\/principal\/2021\/07\/26\/abren-convocatoria-para-dos-concursos-de-fotografias\/img_20210726_102704726_hdr\/#main\" data-orig-file=\"https:\/\/www.hoymercedes.com.ar\/principal\/wp-content\/uploads\/2021\/07\/IMG_20210726_102704726_HDR.jpg\" data-orig-size=\"800,533\" data-comments-opened=\"0\" data-image-meta=\"{&quot;aperture&quot;:&quot;0&quot;,&quot;credit&quot;:&quot;&quot;,&quot;camera&quot;:&quot;&quot;,&quot;caption&quot;:&quot;&quot;,&quot;created_timestamp&quot;:&quot;1627295226&quot;,&quot;copyright&quot;:&quot;&quot;,&quot;focal_length&quot;:&quot;0&quot;,&quot;iso&quot;:&quot;0&quot;,&quot;shutter_speed&quot;:&quot;0&quot;,&quot;title&quot;:&quot;&quot;,&quot;orientation&quot;:&quot;1&quot;}\" data-image-title=\"IMG_20210726_102704726_HDR\" data-image-description=\"\" data-image-caption=\"\" data-large-file=\"https:\/\/www.hoymercedes.com.ar\/principal\/wp-content\/uploads\/2021\/07\/IMG_20210726_102704726_HDR.jpg\" src=\"https:\/\/www.hoymercedes.com.ar\/principal\/wp-content\/uploads\/2021\/07\/IMG_20210726_102704726_HDR.jpg\" alt=\"\" class=\"wp-image-134148\" srcset=\"https:\/\/www.hoymercedes.com.ar\/principal\/wp-content\/uploads\/2021\/07\/IMG_20210726_102704726_HDR.jpg 800w, https:\/\/www.hoymercedes.com.ar\/principal\/wp-content\/uploads\/2021\/07\/IMG_20210726_102704726_HDR-630x420.jpg 630w, https:\/\/www.hoymercedes.com.ar\/principal\/wp-content\/uploads\/2021\/07\/IMG_20210726_102704726_HDR-150x100.jpg 150w, https:\/\/www.hoymercedes.com.ar\/principal\/wp-content\/uploads\/2021\/07\/IMG_20210726_102704726_HDR-700x465.jpg 700w\" sizes=\"auto, (max-width: 800px) 100vw, 800px\" \/><\/figure><\/div>\n\n\n\n<p><strong>Fotograf\u00eda virtual lactancia materna<\/strong><\/p>\n\n\n\n<p>Del 1 al 7 de agosto se celebra la Semana Mundial de la Lactancia Materna en m\u00e1s de 170 pa\u00edses, con la intenci\u00f3n de fomentar esta pr\u00e1ctica y mejorar la salud de los beb\u00e9s. El lema de la Semana Mundial de la Lactancia Materna 2021 es \u00abProteger la Lactancia Materna: Una Responsabilidad Compartida\u00bb. <\/p>\n\n\n\n<p>Con el fin de concientizar, llevar\u00e1n adelante el certamen fotogr\u00e1fico virtual que tendr\u00e1 un caracter regional, ya que la invitaci\u00f3n se hace extensiva a todas las localidades que integran la Regi\u00f3n Sanitaria X (Alberti, Bragado, Chivilcoy, Lobos, Mercedes, Navarro, Roque P\u00e9rez, Saladillo, Suipacha y 25 de Mayo). <\/p>\n\n\n\n<p>Los trabajos deber\u00e1n ser enviados a trav\u00e9s del correo virtual entre el 1 y el 8 de agosto, mientras que los resultados se conocer\u00e1n el 31 de agosto, la fecha prevista para entregar los premios. Para este concurso son tres los premios principales. El primer premio es de 15 mil pesos, el segundo es de 10 mil pesos y el tercero 7 mil.<\/p>\n\n\n\n<p>Los interesados podr\u00e1n presentar una obra \u00fanica por artista. La fotograf\u00eda deber\u00e1 ser original y de autor\u00eda propia. No est\u00e1n permitidos los montajes fotogr\u00e1ficos ni las im\u00e1genes retocadas digitalmente (excepto en aspectos t\u00e9cnicos como la mejora del contraste o la iluminaci\u00f3n. El retoque NO podr\u00e1 modificar la esencia de la imagen)<\/p>\n\n\n\n<p>La obra se deber\u00e1 enviar en formato JPG, con 300 dpi de resoluci\u00f3n, un tama\u00f1o no mayor de 1600 x 1200 pixeles indicando en el asunto: \u201cLactancia Materna 2021\u201d por mail a&nbsp;<strong>museodeartemamm@gmail.com<\/strong>. En el correo se deber\u00e1 agregar: Nombre del participante, t\u00edtulo de la obra y ciudad de residencia del artista; Correo electr\u00f3nico y tel\u00e9fono celular de contacto y cada obra deber\u00e1 adjuntar un permiso o consentimiento de registro fotogr\u00e1fico por parte de las personas que protagonicen la escena y cesi\u00f3n de derechos de imagen por tiempo indeterminado con los siguientes datos: Nombre y apellido, DNI y lugar de residencia. <\/p>\n\n\n\n<p>Las bases y condiciones pueden verse en la p\u00e1gina web de la Direcci\u00f3n de Cultura, a trav\u00e9s de este <a rel=\"noreferrer noopener\" href=\"http:\/\/cultura.mercedes.gob.ar\/2021\/07\/20\/certamen-fotografico-virtual\/\" target=\"_blank\">link<\/a>.  <\/p>\n\n\n\n<p>En la presentaci\u00f3n de los dos concursos de fotograf\u00edas realizada en el anden de la vieja estaci\u00f3n de LA Trocha estuvieron presentes el Intendente Juan Ustarroz, la directora de Cultura Luc\u00eda Capaccio, la subsecretaria de Salud Marianela Arenillas, la coordinadora de Museos Marcela Brown, Jimena Rivas del MAMM y Luc\u00eda Lascano del programa Mil D\u00edas. <\/p>\n","protected":false},"excerpt":{"rendered":"<p>La Direcci\u00f3n de Cultura del Municipio de Mercedes anunci\u00f3 la convocatoria para dos concursos de fotograf\u00edas. El primero es junto &#8230; <a title=\"Abren convocatoria para dos concursos de fotograf\u00edas\" class=\"read-more\" href=\"https:\/\/www.hoymercedes.com.ar\/principal\/2021\/07\/26\/abren-convocatoria-para-dos-concursos-de-fotografias\/\" aria-label=\"Leer m\u00e1s sobre Abren convocatoria para dos concursos de fotograf\u00edas\">Leer m\u00e1s<\/a><\/p>\n","protected":false},"author":1,"featured_media":134148,"comment_status":"closed","ping_status":"open","sticky":false,"template":"","format":"standard","meta":{"_monsterinsights_skip_tracking":false,"_monsterinsights_sitenote_active":false,"_monsterinsights_sitenote_note":"","_monsterinsights_sitenote_category":0,"jetpack_post_was_ever_published":false,"_jetpack_newsletter_access":"","_jetpack_dont_email_post_to_subs":false,"_jetpack_newsletter_tier_id":0,"_jetpack_memberships_contains_paywalled_content":false,"_jetpack_memberships_contains_paid_content":false,"footnotes":"","jetpack_publicize_message":"","jetpack_publicize_feature_enabled":true,"jetpack_social_post_already_shared":true,"jetpack_social_options":{"image_generator_settings":{"template":"highway","default_image_id":0,"font":"","enabled":false},"version":2},"_wpas_customize_per_network":false},"categories":[104],"tags":[7805,1034,8674],"class_list":["post-134139","post","type-post","status-publish","format-standard","has-post-thumbnail","hentry","category-cultura","tag-cultura","tag-fotografia","tag-mamm","generate-columns","tablet-grid-50","mobile-grid-100","grid-parent","grid-50"],"jetpack_publicize_connections":[],"jetpack_featured_media_url":"https:\/\/www.hoymercedes.com.ar\/principal\/wp-content\/uploads\/2021\/07\/IMG_20210726_102704726_HDR.jpg","wps_subtitle":"Desde la Direccion de Cultura","jetpack_sharing_enabled":true,"_links":{"self":[{"href":"https:\/\/www.hoymercedes.com.ar\/principal\/wp-json\/wp\/v2\/posts\/134139","targetHints":{"allow":["GET"]}}],"collection":[{"href":"https:\/\/www.hoymercedes.com.ar\/principal\/wp-json\/wp\/v2\/posts"}],"about":[{"href":"https:\/\/www.hoymercedes.com.ar\/principal\/wp-json\/wp\/v2\/types\/post"}],"author":[{"embeddable":true,"href":"https:\/\/www.hoymercedes.com.ar\/principal\/wp-json\/wp\/v2\/users\/1"}],"replies":[{"embeddable":true,"href":"https:\/\/www.hoymercedes.com.ar\/principal\/wp-json\/wp\/v2\/comments?post=134139"}],"version-history":[{"count":0,"href":"https:\/\/www.hoymercedes.com.ar\/principal\/wp-json\/wp\/v2\/posts\/134139\/revisions"}],"wp:featuredmedia":[{"embeddable":true,"href":"https:\/\/www.hoymercedes.com.ar\/principal\/wp-json\/wp\/v2\/media\/134148"}],"wp:attachment":[{"href":"https:\/\/www.hoymercedes.com.ar\/principal\/wp-json\/wp\/v2\/media?parent=134139"}],"wp:term":[{"taxonomy":"category","embeddable":true,"href":"https:\/\/www.hoymercedes.com.ar\/principal\/wp-json\/wp\/v2\/categories?post=134139"},{"taxonomy":"post_tag","embeddable":true,"href":"https:\/\/www.hoymercedes.com.ar\/principal\/wp-json\/wp\/v2\/tags?post=134139"}],"curies":[{"name":"wp","href":"https:\/\/api.w.org\/{rel}","templated":true}]}}