{"id":13415,"date":"2012-06-03T15:48:46","date_gmt":"2012-06-03T15:48:46","guid":{"rendered":"http:\/\/www.hoymercedes.com.ar\/principal\/?p=13415"},"modified":"2012-06-04T12:07:02","modified_gmt":"2012-06-04T12:07:02","slug":"ninas-hallan-fetos-en-un-contendos","status":"publish","type":"post","link":"https:\/\/www.hoymercedes.com.ar\/principal\/2012\/06\/03\/ninas-hallan-fetos-en-un-contendos\/","title":{"rendered":"Ni\u00f1as hallan Fetos en un contenedor"},"content":{"rendered":"<p>El hallazgo se produjo en un terreno ubicado en 16 entre 51 y 53 en el interior de un volquete que conten\u00eda residuos de una obra en construcci\u00f3n.<\/p>\n<p>La polic\u00eda intervino luego de una denuncia efectuada al 311 a partir del hallazgo a manos de una ni\u00f1a.<\/p>\n<p>Los fetos encontrados fueron dos entre diversos elementos de sanidad usados conocidos como \u201cresiduos pat\u00f3genos\u201d.<\/p>\n<p>La investigaci\u00f3n judicial condujo a que se llevaran a cabo allanamientos y que se convoque a la intervenci\u00f3n de la polic\u00eda cient\u00edfica para poder determinar con precisi\u00f3n la naturaleza de cada hallazgo, independientemente de la obviedad de los fetos. Los residuos claramente no estaban bajo el tratamiento correspondiente.<\/p>\n<p>Ahora se espera que con el correr de los d\u00edas se conozcan m\u00e1s detalles e informaciones oficiales.<\/p>\n<p>&nbsp;<\/p>\n","protected":false},"excerpt":{"rendered":"<p>El hallazgo se produjo en un terreno ubicado en 16 entre 51 y 53 en el interior de un volquete &#8230; <a title=\"Ni\u00f1as hallan Fetos en un contenedor\" class=\"read-more\" href=\"https:\/\/www.hoymercedes.com.ar\/principal\/2012\/06\/03\/ninas-hallan-fetos-en-un-contendos\/\" aria-label=\"Leer m\u00e1s sobre Ni\u00f1as hallan Fetos en un contenedor\">Leer m\u00e1s<\/a><\/p>\n","protected":false},"author":1,"featured_media":0,"comment_status":"open","ping_status":"open","sticky":false,"template":"","format":"standard","meta":{"_monsterinsights_skip_tracking":false,"_monsterinsights_sitenote_active":false,"_monsterinsights_sitenote_note":"","_monsterinsights_sitenote_category":0,"jetpack_post_was_ever_published":false,"_jetpack_newsletter_access":"","_jetpack_dont_email_post_to_subs":false,"_jetpack_newsletter_tier_id":0,"_jetpack_memberships_contains_paywalled_content":false,"_jetpack_memberships_contains_paid_content":false,"footnotes":"","jetpack_publicize_message":"","jetpack_publicize_feature_enabled":true,"jetpack_social_post_already_shared":false,"jetpack_social_options":{"image_generator_settings":{"template":"highway","default_image_id":0,"font":"","enabled":false},"version":2},"_wpas_customize_per_network":false},"categories":[8],"tags":[2300],"class_list":["post-13415","post","type-post","status-publish","format-standard","hentry","category-sociedad","tag-fetos-en-contenedor","generate-columns","tablet-grid-50","mobile-grid-100","grid-parent","grid-50"],"jetpack_publicize_connections":[],"jetpack_featured_media_url":"","wps_subtitle":"","jetpack_sharing_enabled":true,"_links":{"self":[{"href":"https:\/\/www.hoymercedes.com.ar\/principal\/wp-json\/wp\/v2\/posts\/13415","targetHints":{"allow":["GET"]}}],"collection":[{"href":"https:\/\/www.hoymercedes.com.ar\/principal\/wp-json\/wp\/v2\/posts"}],"about":[{"href":"https:\/\/www.hoymercedes.com.ar\/principal\/wp-json\/wp\/v2\/types\/post"}],"author":[{"embeddable":true,"href":"https:\/\/www.hoymercedes.com.ar\/principal\/wp-json\/wp\/v2\/users\/1"}],"replies":[{"embeddable":true,"href":"https:\/\/www.hoymercedes.com.ar\/principal\/wp-json\/wp\/v2\/comments?post=13415"}],"version-history":[{"count":0,"href":"https:\/\/www.hoymercedes.com.ar\/principal\/wp-json\/wp\/v2\/posts\/13415\/revisions"}],"wp:attachment":[{"href":"https:\/\/www.hoymercedes.com.ar\/principal\/wp-json\/wp\/v2\/media?parent=13415"}],"wp:term":[{"taxonomy":"category","embeddable":true,"href":"https:\/\/www.hoymercedes.com.ar\/principal\/wp-json\/wp\/v2\/categories?post=13415"},{"taxonomy":"post_tag","embeddable":true,"href":"https:\/\/www.hoymercedes.com.ar\/principal\/wp-json\/wp\/v2\/tags?post=13415"}],"curies":[{"name":"wp","href":"https:\/\/api.w.org\/{rel}","templated":true}]}}