{"id":13430,"date":"2012-06-04T13:22:02","date_gmt":"2012-06-04T13:22:02","guid":{"rendered":"http:\/\/www.hoymercedes.com.ar\/principal\/?p=13430"},"modified":"2012-06-04T13:22:02","modified_gmt":"2012-06-04T13:22:02","slug":"asaltaron-a-familia-la-maniataron-y-le-sustraen-importante-cantidad-de-bienes","status":"publish","type":"post","link":"https:\/\/www.hoymercedes.com.ar\/principal\/2012\/06\/04\/asaltaron-a-familia-la-maniataron-y-le-sustraen-importante-cantidad-de-bienes\/","title":{"rendered":"Asaltaron a familia, la maniataron y le sustraen importante cantidad de bienes"},"content":{"rendered":"<p>Mientras lavaba su veh\u00edculo en la v\u00eda p\u00fablica fue abordado por delincuentes que lo redujeron al igual que a su mujer. La pareja mercedina fue maniatada y reducida para robarle el auto, dinero y gran cantidad de bienes de su vivienda.<\/p>\n<p>Los delincuentes ten\u00edan seg\u00fan declar\u00f3 el vecino otro c\u00f3mplice que hac\u00eda de apoyo desde otro veh\u00edculo.<\/p>\n<p>Durante la pasada semana el vecino fue abordado mientras terminaba de lavar su veh\u00edculo en primera instancia por una persona joven que hizo el primero de los avances para dar lugar a que se sumen otras dos.<\/p>\n<p>El asalto dur\u00f3 cerca de una hora donde los vecinos de nuestra ciudad pasaron un muy mal momento estando maniatados en una de las partes traseras de su vivienda. Le habr\u00edan dado el dinero del que dispon\u00edan as\u00ed como acceso a todos los bienes con el claro objetivo de proteger su vida.<\/p>\n<p>Se habr\u00edan llevado cerca de 4mil pesos, dos tel\u00e9fonos m\u00f3viles, dos televisores, un microondas, una computadora y una m\u00e1quina de fotos. Claramente los bienes quedan en segundo plano teniendo presente la cuesti\u00f3n principal que es el terror vivido durante cerca de una hora.<\/p>\n<p>El hecho se produjo en calle 40 entre 31 y 33.<\/p>\n<p>La causa est\u00e1 a cargo de la Unidad Fiscal Instrucci\u00f3n N\u00b0 a cargo del Dr. Massaroni.<\/p>\n<p>&nbsp;<\/p>\n","protected":false},"excerpt":{"rendered":"<p>Mientras lavaba su veh\u00edculo en la v\u00eda p\u00fablica fue abordado por delincuentes que lo redujeron al igual que a su &#8230; <a title=\"Asaltaron a familia, la maniataron y le sustraen importante cantidad de bienes\" class=\"read-more\" href=\"https:\/\/www.hoymercedes.com.ar\/principal\/2012\/06\/04\/asaltaron-a-familia-la-maniataron-y-le-sustraen-importante-cantidad-de-bienes\/\" aria-label=\"Leer m\u00e1s sobre Asaltaron a familia, la maniataron y le sustraen importante cantidad de bienes\">Leer m\u00e1s<\/a><\/p>\n","protected":false},"author":1,"featured_media":0,"comment_status":"open","ping_status":"open","sticky":false,"template":"","format":"standard","meta":{"_monsterinsights_skip_tracking":false,"_monsterinsights_sitenote_active":false,"_monsterinsights_sitenote_note":"","_monsterinsights_sitenote_category":0,"jetpack_post_was_ever_published":false,"_jetpack_newsletter_access":"","_jetpack_dont_email_post_to_subs":false,"_jetpack_newsletter_tier_id":0,"_jetpack_memberships_contains_paywalled_content":false,"_jetpack_memberships_contains_paid_content":false,"footnotes":"","jetpack_publicize_message":"","jetpack_publicize_feature_enabled":true,"jetpack_social_post_already_shared":false,"jetpack_social_options":{"image_generator_settings":{"template":"highway","default_image_id":0,"font":"","enabled":false},"version":2},"_wpas_customize_per_network":false},"categories":[5],"tags":[2302],"class_list":["post-13430","post","type-post","status-publish","format-standard","hentry","category-politica","tag-robo-en-mercedes","generate-columns","tablet-grid-50","mobile-grid-100","grid-parent","grid-50"],"jetpack_publicize_connections":[],"jetpack_featured_media_url":"","wps_subtitle":"","jetpack_sharing_enabled":true,"_links":{"self":[{"href":"https:\/\/www.hoymercedes.com.ar\/principal\/wp-json\/wp\/v2\/posts\/13430","targetHints":{"allow":["GET"]}}],"collection":[{"href":"https:\/\/www.hoymercedes.com.ar\/principal\/wp-json\/wp\/v2\/posts"}],"about":[{"href":"https:\/\/www.hoymercedes.com.ar\/principal\/wp-json\/wp\/v2\/types\/post"}],"author":[{"embeddable":true,"href":"https:\/\/www.hoymercedes.com.ar\/principal\/wp-json\/wp\/v2\/users\/1"}],"replies":[{"embeddable":true,"href":"https:\/\/www.hoymercedes.com.ar\/principal\/wp-json\/wp\/v2\/comments?post=13430"}],"version-history":[{"count":0,"href":"https:\/\/www.hoymercedes.com.ar\/principal\/wp-json\/wp\/v2\/posts\/13430\/revisions"}],"wp:attachment":[{"href":"https:\/\/www.hoymercedes.com.ar\/principal\/wp-json\/wp\/v2\/media?parent=13430"}],"wp:term":[{"taxonomy":"category","embeddable":true,"href":"https:\/\/www.hoymercedes.com.ar\/principal\/wp-json\/wp\/v2\/categories?post=13430"},{"taxonomy":"post_tag","embeddable":true,"href":"https:\/\/www.hoymercedes.com.ar\/principal\/wp-json\/wp\/v2\/tags?post=13430"}],"curies":[{"name":"wp","href":"https:\/\/api.w.org\/{rel}","templated":true}]}}