{"id":13434,"date":"2012-06-05T00:49:38","date_gmt":"2012-06-05T00:49:38","guid":{"rendered":"http:\/\/www.hoymercedes.com.ar\/principal\/?p=13434"},"modified":"2012-06-05T00:49:38","modified_gmt":"2012-06-05T00:49:38","slug":"proyecto-de-despenalizacion-de-drogas-la-opinion-de-la-conferencia-episcopal-argentina","status":"publish","type":"post","link":"https:\/\/www.hoymercedes.com.ar\/principal\/2012\/06\/05\/proyecto-de-despenalizacion-de-drogas-la-opinion-de-la-conferencia-episcopal-argentina\/","title":{"rendered":"Proyecto de despenalizaci\u00f3n de drogas: la opini\u00f3n de la Conferencia Episcopal Argentina"},"content":{"rendered":"<p>Estas reflexiones est\u00e1n inspiradas en los testimonios y preocupaciones que recogemos a diario en los distintos \u00e1mbitos de la Iglesia en todo nuestro pa\u00eds.<\/p>\n<p>El tema de la droga genera una enorme preocupaci\u00f3n en todas partes, en las grandes ciudades y en los pueblos m\u00e1s peque\u00f1os, en las familias con muchos recursos y en las m\u00e1s humildes de nuestra sociedad.<\/p>\n<p>Las familias recurren a nosotros en b\u00fasqueda de orientaci\u00f3n y consuelo. Muchas veces caen en la desesperaci\u00f3n.<\/p>\n<p><strong>Por eso no podemos callar.<\/strong><\/p>\n<p>Expresamos nuestros pareceres enriquecidos por la experiencia de la Iglesia en todo el mundo. S\u00ed: en todo el mundo.<\/p>\n<p>As\u00ed quisi\u00e9ramos que se interpreten. Como una contribuci\u00f3n para encontrar caminos de comuni\u00f3n superadores de una realidad que nos angustia.<\/p>\n<p>Creemos que es a trav\u00e9s del di\u00e1logo y creando espacios de reflexi\u00f3n en donde cada uno se pueda expresar con aut\u00e9ntica libertad, que encontraremos las verdaderas respuestas a este mal de nuestro tiempo.<\/p>\n<p>De ninguna manera debi\u00e9ramos mirar al que piensa distinto como un enemigo reprochable con el que ni siquiera hay que hablar. Por el contrario, pensamos que es respetando profundamente los distintos puntos de vista que nos gu\u00edan, que encontraremos verdaderos caminos de comuni\u00f3n que en definitiva nos ayuden a alejar a toda la sociedad del esclavizante mundo de las drogas.<\/p>\n<p>Y, por sobre y ante todo, queremos recoger y expresar la voz de los m\u00e1s pobres.<\/p>\n<p>Un joven pobre que se droga no se est\u00e1 divirtiendo, no hace fiesta ni se dedica a un uso recreativo: huye hacia adelante para llegar m\u00e1s r\u00e1pido al d\u00eda de su muerte.<\/p>\n<p>\u201cEn la Argentina, lo que quiz\u00e1s es recreativo para un joven de clase media o alta se torna fatal en los ambientes pobres y marginales. Es necesario comprender que la vulnerabilidad social aumenta cuando no hay oportunidades de inclusi\u00f3n real; y que, a mayor vulnerabilidad, la brecha entre el consumo recreativo y el consumo problem\u00e1tico se acorta dram\u00e1ticamente. El joven pobre no tiene de d\u00f3nde asirse, porque vive la fragilidad en lo escolar, en lo laboral y lo sanitario; en consecuencia, un simple consumo de porro tiende a arraigarse m\u00e1s r\u00e1pido y con mayor fuerza.\u201d (Fragmento tomado de la nota de opini\u00f3n del sacerdote Jos\u00e9 Mar\u00eda \u201cPepe\u201d Di Paola, publicada en el diario La Naci\u00f3n el lunes 28 de mayo de 2012 con el t\u00edtulo \u201cLa cuesti\u00f3n no es despenalizar\u201d.)<\/p>\n<p><strong>El contexto de la ley<\/strong><\/p>\n<p>Desde hace un tiempo se escuchan diversas propuestas que promueven la despenalizaci\u00f3n de la tenencia de drogas para el consumo personal.<\/p>\n<p>Para sostener y justificar esta postura se expresan distintos argumentos, pero el m\u00e1s com\u00fan es que \u201cla guerra contra las drogas ha fracasado\u201d, el consumo ha aumentado y lo \u00fanico que se ha logrado es \u201ccriminalizar al adicto\u201d.<\/p>\n<p>Entonces se dice que la \u00fanica y la \u201cverdadera soluci\u00f3n\u201d es simplemente \u201cdespenalizar\u201d, confiando en que con esta sola medida se resuelve casi todo el problema.<\/p>\n<p>Sin embargo, como ya ocurri\u00f3 en otros pa\u00edses, esto favorecer\u00eda el incremento de las facilidades y oportunidades para obtener estas sustancias y por lo tanto aumentar de esa manera el consumo, m\u00e1s que disminuirlo.<\/p>\n<p>Cabe se\u00f1alar en este contexto, que llama la atenci\u00f3n que cuando se hace un an\u00e1lisis jur\u00eddico del problema de las adicciones, no se hayan analizado otras alternativas para atender una problem\u00e1tica tan espec\u00edfica como la creaci\u00f3n de tribunales propios, fuera del \u00e1rea penal por ejemplo.<\/p>\n<p><strong>Nuestra realidad<\/strong><\/p>\n<p>El 25 de Marzo de 2009 el Equipo de Sacerdotes para las Villas de Emergencia de la Arquidi\u00f3cesis de Buenos Aires public\u00f3 un documento en el que se manifestaba que \u201cla droga est\u00e1 despenalizada de hecho\u201d y nos dec\u00edan que \u201cla despenalizaci\u00f3n a nuestro parecer influir\u00eda en el imaginario social instalando la idea de que las drogas no hacen tanto da\u00f1o\u201d. Y continuaban:<\/p>\n<p>\u201cVemos la buena intenci\u00f3n de los que buscan no criminalizar al adicto, es una locura criminalizar la enfermedad. Pero intentemos pararnos desde la perspectiva de las familias m\u00e1s vulnerables. Sin un buen sistema de salud, sin pol\u00edticas fuertes de prevenci\u00f3n, sin un sistema educativo realmente inclusivo y eficiente, el \u00fanico encuentro del adicto y su familia que pide ayuda con el Estado es la justicia. Despenalizar en estas condiciones es dejar abandonado al adicto, no hacerse cargo de su derecho a la salud. La din\u00e1mica misma de la adicci\u00f3n lleva muchas veces a hacer cualquier cosa para satisfacer el deseo de consumo. El pr\u00f3ximo encuentro entre el Estado y el adicto ya no ser\u00e1 en la enfermedad, sino en el delito que a veces nace de ella.(\u2026) Usando una imagen podr\u00edamos decir entonces que la discusi\u00f3n sobre la despenalizaci\u00f3n corresponde a los \u00faltimos cap\u00edtulos del libro y no a los primeros\u201d.<\/p>\n<p>Cuando los legisladores deban meritar sobre los motivos o razones por las que se deber\u00eda liberar el consumo de cannabis, entendemos que simult\u00e1neamente deber\u00edan reflexionar si el sistema sanitario de nuestro pa\u00eds se encuentra preparado para enfrentar todo lo que conllevar\u00eda poner en pr\u00e1ctica tal decisi\u00f3n. Particularmente se ha de tener en cuenta a los m\u00e1s pobres. No se debe legislar para minor\u00edas sin tener en cuenta a las mayor\u00edas postergadas. Sabemos que las drogas producen impactos diversos seg\u00fan el estado de la salud del consumidor. Quien tiene alimentaci\u00f3n adecuada en su infancia, atenci\u00f3n m\u00e9dica habitual, dormitorio c\u00f3modo y abrigado, recibe las sustancias con serios riesgos para su salud. Pero el da\u00f1o ser\u00e1 mayor en un organismo deteriorado por la pobreza.<\/p>\n<p>Entendemos el esp\u00edritu de la mirada jur\u00eddica, pero creemos que no es facilitando el consumo, ni haciendo aparecer como que est\u00e1 bien lo que est\u00e1 mal, que vamos a superar este creciente flagelo de las drogas, particularmente en nuestros j\u00f3venes y adolescentes.<\/p>\n<p><strong>Estado &#8211; Pol\u00edticas P\u00fablicas &#8211; Contexto Social<\/strong><\/p>\n<p>Es necesario ir a las causas de la cuesti\u00f3n y no solo, a trav\u00e9s de una mirada parcial y no integral, a considerar un aspecto del problema: el jur\u00eddico.<\/p>\n<p>En este momento, en el que la pobreza y la exclusi\u00f3n persisten en buena parte de nuestra gente, medidas que puedan facilitar el consumo generan confusi\u00f3n y aparecen como a destiempo, desenfocadas de la realidad social.<\/p>\n<p>Las pol\u00edticas p\u00fablicas deber\u00edan orientar sin lugar a dudas a desalentar el consumo de drogas. Por eso es de la mayor importancia contar con una pol\u00edtica de Estado que promueva la educaci\u00f3n, la prevenci\u00f3n y la salud. Es urgente dar pasos hacia soluciones integrales.<\/p>\n<p>La Ley N\u00ba 26.586 que establece el Programa Nacional de Educaci\u00f3n y Prevenci\u00f3n sobre las adicciones y el consumo indebido de drogas fue promulgada el 28 de Diciembre de 2009. Es un excelente instrumento para desarrollar un verdadero esfuerzo educativo a nivel nacional. Sin embargo, debemos lamentar que a\u00fan no se han dado pasos firmes para su implementaci\u00f3n. \u00a1\u00a1 Es Urgente avanzar en educaci\u00f3n y prevenci\u00f3n !!<\/p>\n<p>Hoy el mundo se enfrenta a uno de los mayores flagelos que se haya registrado en la historia de la humanidad. No solo por el aumento de las toxicoman\u00edas \u2014cientos de millones de hombres y mujeres consumidores\u2014 sino tambi\u00e9n porque el entorno del adicto (principalmente la familia) se ve sometido a sacrificios enormes tanto en la observaci\u00f3n diaria del deterioro y la angustia a que se haya expuesto el abusador de sustancias, como as\u00ed tambi\u00e9n en la fase de rehabilitaci\u00f3n posterior que importa un gran esfuerzo f\u00edsico y moral de todo el n\u00facleo afectivo primario que debe acompa\u00f1ar esta dolorosa y compleja etapa.<\/p>\n<p><strong>El conocimiento cient\u00edfico<\/strong><\/p>\n<p>Se ha divulgado de modo confuso que la distinci\u00f3n entre drogas blandas y duras \u2014inclusive algunos gustan denominar \u201cinocuas\u201d a las primeras, tambi\u00e9n se las describi\u00f3 como \u201crecreativas\u201d\u2014 es un primer paso para distinguir lo que debe separarse en cuanto a las restricciones o controles gubernamentales.<\/p>\n<p>Todo parece reducirse a un esquema err\u00f3neamente simplificado en el cual la droga es evaluada por comparaci\u00f3n con otras sustancias aceptadas socialmente. As\u00ed, el caso de los cannabinoides tal vez sea el paradigma de esta situaci\u00f3n. Inclusive algunos autores sosten\u00edan que el uso de marihuana resultaba menos da\u00f1ino que la aspirina (Ells, 1992). Hoy sabemos cient\u00edficamente que no es as\u00ed y las organizaciones internacionales que estudian seriamente el problema como la UNODC (Oficina de Naciones Unidas contra la Droga y el Delito) alertan, por ejemplo, sobre el uso da\u00f1ino de la marihuana. Esta Organizaci\u00f3n de las Naciones Unidas en su Informe Mundial sobre drogas 2011 expresa con toda claridad que cada vez m\u00e1s y m\u00e1s hay evidencias que indican que la intensa exposici\u00f3n al uso de cannabis incrementa el riesgo de des\u00f3rdenes psic\u00f3ticos.<\/p>\n<p>Frente al cannabis los adolescentes parecen estar en doble desventaja: son m\u00e1s vulnerables al uso de ella y los efectos sobre las medidas cognitivas son m\u00e1s pronunciadas que en la edad adulta (Arsenault y otros, 2004, Ehrenreich y otros, 1999; Pope y otros, 2003). La adolescencia es un per\u00edodo cr\u00edtico para el desarrollo neuronal y existen poco estudios encarados en esta etapa cr\u00edtica (Mathias y otros, 2010).<\/p>\n<p>Existen, como los se\u00f1alados, numerosos estudios que desde el conocimiento cient\u00edfico, nos permiten hoy tener clara conciencia de las caracter\u00edsticas complejas que nos plantea el problema de las drogas.<\/p>\n<p>El deterioro de las funciones conductuales durante el manejo de veh\u00edculos, las consecuencias durante el embarazo, su relaci\u00f3n con la esquizofrenia y los brotes psic\u00f3ticos y muchos otros han sido claramente estudiados y documentados.<\/p>\n<p><strong>El narcotr\u00e1fico y los mercaderes de la muerte<\/strong><\/p>\n<p>El da\u00f1o que se produce a los adolescentes y j\u00f3venes da cuantiosas ganancias a organizaciones mafiosas que operan en nuestro pa\u00eds. En los \u00faltimos a\u00f1os Carteles extranjeros se han instalado entre nosotros. Un crecimiento semejante va acompa\u00f1ado de corrupci\u00f3n e impunidad, violencia y muerte, sobornos y extorsiones, miedo y repliegue de la sociedad, que ya no sabe en qui\u00e9n confiar. La sospecha de corrupci\u00f3n generalizada deja el sabor amargo de abandono y desamparo. Semejante crecimiento no pudo desplegarse sin complicidades de diverso orden en la sociedad y el Estado.<\/p>\n<p>Constatamos mensajes ambiguos. No queremos la droga cerca, se le da vuelta la cara a los adictos, \u00bfy le vamos a dar m\u00e1s libertad de circulaci\u00f3n todav\u00eda?<\/p>\n<p>Debemos saber que las leyes cumplen una funci\u00f3n pedag\u00f3gica. \u00bfQu\u00e9 ense\u00f1anza nos deja darle a las drogas un reconocimiento legal?<\/p>\n<p>No caben dudas de que es necesario redoblar esfuerzos para combatir las redes mafiosas de los mercaderes de la muerte. No hay que darle espacio al narco-negocio.<\/p>\n<p>Pero recordando siempre que en el centro del problema est\u00e1 el hombre y sus v\u00ednculos. El hombre que necesita encontrar un verdadero sentido a su vida y poder vivirla dignamente con la libertad de los hijos de Dios.<\/p>\n<p><strong>Red social &#8211; Solidaridad &#8211; Bien com\u00fan<\/strong><\/p>\n<p>Hacemos votos para que la sociedad en su conjunto se involucre para formar una verdadera RED SOCIAL que d\u00e9 respuestas concretas a esta enfermedad de nuestro tiempo.<\/p>\n<p>La lucha contra la droga se gana en la EDUCACI\u00d3N y PREVENCI\u00d3N, creando fuertes v\u00ednculos sociales a trav\u00e9s de la SOLIDARIDAD y la b\u00fasqueda del BIEN COM\u00daN.<\/p>\n<p>En este camino del Bicentenario del 2010 al 2016 hacemos votos para que fructifiquen los esfuerzos por lograr una sociedad libre de la esclavitud de las drogas y de toda opresi\u00f3n.<\/p>\n<p>Comisi\u00f3n de Drogadependencia de la Conferencia Episcopal Argentina<\/p>\n<p>4 de junio de 2012<\/p>\n<p><strong>Referencias<\/strong><\/p>\n<p>\u00d8 Ellard, J. The ninth crusade: The crusade against drugs. Mod Med Aust, 58-68, 1992.<\/p>\n<p>\u00d8 Arsenault y col. Causal association between cannabis and psychosis: examination of the evidence Br. J. Psychiatry 184, 110-117, 2004.<\/p>\n<p>\u00d8 Ehrenreich y col. Specific attentional dysfunction in adults following early start of cannabis use. Psychopharmacology 142, 295-301, 1999.<\/p>\n<p>\u00d8 Kendell R. Cannabis condemned: the proscription of indian hemp. Addictions 98, 143-151, 2003.<\/p>\n<p>\u00d8 Mathias y col. A failure to sustain prepulse inhibition in adolescent marijuana users. Drugs and alcohol dependence, 2010.<\/p>\n<p>\u00d8 McGrath y col. Association between cannabis use and psychosis related outcomes using sibiling pair analysis in a cohort of young adults. Arch Gen Psychiatry 67, 2010.<\/p>\n<p>\u00d8 Shapiro &amp; Buckley Hunter. What every adolescent need to know: cannabis can cause psychosis. J of Psychos. Res. 69, 533-539, 2010.<\/p>\n<p>\u00d8 M\u00edguez, Hugo, II Congreso Uruguayo de Neonatolog\u00eda, 2007.<\/p>\n<p>\u00d8 Bauer, Gabriela; Ortiz, Zulma, La Naci\u00f3n, 2010.<\/p>\n<p>\u00d8 Pontificio Consejo para la Pastoral de la Salud, Iglesia, droga y toxicoman\u00eda, \u00c1gape Libros, 2010.<\/p>\n<p>\u00d8 Ley N\u00ba 26.586, Programa Nacional de Educaci\u00f3n y Prevenci\u00f3n sobre las Adicciones y el consumo indebido de drogas, Buenos Aires, 2009.<\/p>\n","protected":false},"excerpt":{"rendered":"<p>Estas reflexiones est\u00e1n inspiradas en los testimonios y preocupaciones que recogemos a diario en los distintos \u00e1mbitos de la Iglesia &#8230; <a title=\"Proyecto de despenalizaci\u00f3n de drogas: la opini\u00f3n de la Conferencia Episcopal Argentina\" class=\"read-more\" href=\"https:\/\/www.hoymercedes.com.ar\/principal\/2012\/06\/05\/proyecto-de-despenalizacion-de-drogas-la-opinion-de-la-conferencia-episcopal-argentina\/\" aria-label=\"Leer m\u00e1s sobre Proyecto de despenalizaci\u00f3n de drogas: la opini\u00f3n de la Conferencia Episcopal Argentina\">Leer m\u00e1s<\/a><\/p>\n","protected":false},"author":1,"featured_media":0,"comment_status":"open","ping_status":"open","sticky":false,"template":"","format":"standard","meta":{"_monsterinsights_skip_tracking":false,"_monsterinsights_sitenote_active":false,"_monsterinsights_sitenote_note":"","_monsterinsights_sitenote_category":0,"jetpack_post_was_ever_published":false,"_jetpack_newsletter_access":"","_jetpack_dont_email_post_to_subs":false,"_jetpack_newsletter_tier_id":0,"_jetpack_memberships_contains_paywalled_content":false,"_jetpack_memberships_contains_paid_content":false,"footnotes":"","jetpack_publicize_message":"","jetpack_publicize_feature_enabled":true,"jetpack_social_post_already_shared":false,"jetpack_social_options":{"image_generator_settings":{"template":"highway","default_image_id":0,"font":"","enabled":false},"version":2},"_wpas_customize_per_network":false},"categories":[5],"tags":[9],"class_list":["post-13434","post","type-post","status-publish","format-standard","hentry","category-politica","tag-droga","generate-columns","tablet-grid-50","mobile-grid-100","grid-parent","grid-50"],"jetpack_publicize_connections":[],"jetpack_featured_media_url":"","wps_subtitle":"","jetpack_sharing_enabled":true,"_links":{"self":[{"href":"https:\/\/www.hoymercedes.com.ar\/principal\/wp-json\/wp\/v2\/posts\/13434","targetHints":{"allow":["GET"]}}],"collection":[{"href":"https:\/\/www.hoymercedes.com.ar\/principal\/wp-json\/wp\/v2\/posts"}],"about":[{"href":"https:\/\/www.hoymercedes.com.ar\/principal\/wp-json\/wp\/v2\/types\/post"}],"author":[{"embeddable":true,"href":"https:\/\/www.hoymercedes.com.ar\/principal\/wp-json\/wp\/v2\/users\/1"}],"replies":[{"embeddable":true,"href":"https:\/\/www.hoymercedes.com.ar\/principal\/wp-json\/wp\/v2\/comments?post=13434"}],"version-history":[{"count":0,"href":"https:\/\/www.hoymercedes.com.ar\/principal\/wp-json\/wp\/v2\/posts\/13434\/revisions"}],"wp:attachment":[{"href":"https:\/\/www.hoymercedes.com.ar\/principal\/wp-json\/wp\/v2\/media?parent=13434"}],"wp:term":[{"taxonomy":"category","embeddable":true,"href":"https:\/\/www.hoymercedes.com.ar\/principal\/wp-json\/wp\/v2\/categories?post=13434"},{"taxonomy":"post_tag","embeddable":true,"href":"https:\/\/www.hoymercedes.com.ar\/principal\/wp-json\/wp\/v2\/tags?post=13434"}],"curies":[{"name":"wp","href":"https:\/\/api.w.org\/{rel}","templated":true}]}}