{"id":134483,"date":"2021-08-01T16:21:49","date_gmt":"2021-08-01T19:21:49","guid":{"rendered":"https:\/\/www.hoymercedes.com.ar\/principal\/?p=134483"},"modified":"2021-08-01T16:21:56","modified_gmt":"2021-08-01T19:21:56","slug":"bustelo-creo-que-pudieron-mucho-mas-los-egos-que-la-unidad","status":"publish","type":"post","link":"https:\/\/www.hoymercedes.com.ar\/principal\/2021\/08\/01\/bustelo-creo-que-pudieron-mucho-mas-los-egos-que-la-unidad\/","title":{"rendered":"Bustelo: \u201cCreo que pudieron mucho m\u00e1s los egos que la unidad\u201d"},"content":{"rendered":"\n<p><em><strong>L<\/strong><\/em><strong><em>a lista de precandidatos de \u201cUnidos\u201d dentro de \u201cJuntos\u201d fue presentada por la primera en la lista Marilina Bustelo. Habl\u00f3 de la interna y de las dificultades para armar la n\u00f3mina de candidatos en la unidad del espacio pol\u00edtico. Por su parte, el segundo precandidato Gustavo Gutierrez afirm\u00f3 que el adversario es el kirchnerismo.<\/em><\/strong><\/p>\n\n\n\n<div class=\"wp-block-image\"><figure class=\"aligncenter size-full\"><img loading=\"lazy\" decoding=\"async\" width=\"799\" height=\"533\" data-attachment-id=\"134485\" data-permalink=\"https:\/\/www.hoymercedes.com.ar\/principal\/2021\/08\/01\/bustelo-creo-que-pudieron-mucho-mas-los-egos-que-la-unidad\/img_20210730_105217426\/#main\" data-orig-file=\"https:\/\/www.hoymercedes.com.ar\/principal\/wp-content\/uploads\/2021\/08\/IMG_20210730_105217426.jpg\" data-orig-size=\"799,533\" data-comments-opened=\"0\" data-image-meta=\"{&quot;aperture&quot;:&quot;0&quot;,&quot;credit&quot;:&quot;&quot;,&quot;camera&quot;:&quot;&quot;,&quot;caption&quot;:&quot;&quot;,&quot;created_timestamp&quot;:&quot;1627642338&quot;,&quot;copyright&quot;:&quot;&quot;,&quot;focal_length&quot;:&quot;0&quot;,&quot;iso&quot;:&quot;0&quot;,&quot;shutter_speed&quot;:&quot;0&quot;,&quot;title&quot;:&quot;&quot;,&quot;orientation&quot;:&quot;1&quot;}\" data-image-title=\"IMG_20210730_105217426\" data-image-description=\"\" data-image-caption=\"\" data-large-file=\"https:\/\/www.hoymercedes.com.ar\/principal\/wp-content\/uploads\/2021\/08\/IMG_20210730_105217426.jpg\" src=\"https:\/\/www.hoymercedes.com.ar\/principal\/wp-content\/uploads\/2021\/08\/IMG_20210730_105217426.jpg\" alt=\"\" class=\"wp-image-134485\" srcset=\"https:\/\/www.hoymercedes.com.ar\/principal\/wp-content\/uploads\/2021\/08\/IMG_20210730_105217426.jpg 799w, https:\/\/www.hoymercedes.com.ar\/principal\/wp-content\/uploads\/2021\/08\/IMG_20210730_105217426-630x420.jpg 630w, https:\/\/www.hoymercedes.com.ar\/principal\/wp-content\/uploads\/2021\/08\/IMG_20210730_105217426-150x100.jpg 150w\" sizes=\"auto, (max-width: 799px) 100vw, 799px\" \/><\/figure><\/div>\n\n\n\n<p>A trav\u00e9s de un encuentro con los medios locales, la concejal Marilina Bustelo oficializ\u00f3 la lista de precandidatos a concejales y consejeros escolares para competir en las Primarias dentro del espacio pol\u00edtico \u201cJuntos\u201d. \u201cEn la lista estamos vecinos que nos referenciamos en un vecinalismo nuevo dentro de Juntos. En este espacio estaremos participando\u201d, expres\u00f3 la legisladora local que busca renovar su banca en el HCD.<\/p>\n\n\n\n<p>Acompa\u00f1ada por algunos de los integrantes de la lista Gustavo Gutierrez, Andrea Vara, Beatriz Mi\u00f1o, Leticia Garay, Jonatan Ch\u00e1vez, y Ra\u00fal Martino, Bustelo explic\u00f3 que el cierre y presentaci\u00f3n de la lista se vio retrasado porque \u201clos acuerdos no llegaban y hasta \u00faltimo momento hubo presiones para que la lista no se presentara\u201d. \u201cNuestra representaci\u00f3n dentro de provincia fue muy buena dentro de los acuerdos. Nos dieron la posibilidad de participar. Creemos que son los vecinos los que deben elegir a sus representantes. El viernes hicimos las presentaciones de los papeles dentro de la ciudad, ante escribano. Esa misma ma\u00f1ana, no ten\u00edamos todo definido. En provincia esper\u00e1bamos el ok, algo que se dio en el transcurso del viernes. Y el s\u00e1bado tuvimos el \u00faltimo papel presentado y firmado ante la junta electoral de Juntos\u201d, explic\u00f3 la concejal.<\/p>\n\n\n\n<p>Sobre los \u201cacuerdos\u201d y las \u201cpresiones\u201d cont\u00f3 que hubo \u201cmuchas oposiciones locales\u201d. Luego Bustelo cont\u00f3 que \u201cella personalmente\u201d no hab\u00eda sido convocada a la mesa de negociaci\u00f3n para el armado de listas, aunque s\u00ed hab\u00edan hablando con su referente el Senador Roberto Costa, pero \u00e9ste \u201cno le gustaban los modos ni los lugares que pretend\u00edan para cada uno de los espacios\u201d ya que \u201cse pretend\u00edan candidaturas espec\u00edficas y que lo dem\u00e1s sea de relleno\u201d.<\/p>\n\n\n\n<p>\u201cCreo que pudieron mucho m\u00e1s los egos que la unidad. Cuando d\u00ed a conocer el espacio en el que estaba participando y formando, dej\u00e9 en claro que no me iba de Juntos, en ese momento Juntos por el Cambio, que mi intenci\u00f3n era ampliar, que realmente cra\u00eda que hab\u00eda muchos vecinos que ten\u00edan que empezar a participar. Dej\u00e9 en claro que mi idea era consensuar los lugares. No pretend\u00eda ser primera, quer\u00eda acompa\u00f1ar una lista que realmente sea de unidad y no me interesaba el puesto donde me pusieran. Fue \u00fanicamente la voz de Roberto (Costa) la que pudo estar en esa reuniones de los referentes de los partidos\u201d, agreg\u00f3 la concejal.<\/p>\n\n\n\n<p>\u201c<strong>El kirchnerismo es el adversario\u201d<\/strong><\/p>\n\n\n\n<p>Por su parte, Gustavo Guti\u00e9rrez, segundo en la lista de precandidatos de Unidos, expres\u00f3: \u201cNosotros tenemos claro cu\u00e1l es el horizonte. Los adversarios nuestros no es el radicalismo o el PRO, los adversarios nuestros son los candidatos del kirchnerismo. Hacia eso vamos. Nosotros podemos tener una propuesta, el radicalismo tendr\u00e1 otra y el PRO otra propuesta. No nos hace a la diferencia despu\u00e9s de que sean las internas tengamos que unificar esas cuestiones. En cada partido pol\u00edtico hay diferencias, por eso en la lista del kirchnerismo local tienen tanto problemas con el sindicalismo y la mesa sindical fue disuelta por una discusi\u00f3n fuerte con el Intendente\u201d.<\/p>\n\n\n\n<p>\u201cNosotros proponemos algo distinto. Cada uno tendr\u00e1 un rol funcional. Cada uno de nuestros compa\u00f1eros se centra en un tema. Estamos enfocados y tenemos muy claro, cu\u00e1l es el horizonte y cu\u00e1l es el adversario a vencer. Nuestro adversario es el kirchnerismo. La interna que tenga que haber es parte de la democracia. Cada uno quiso hacer y quiso estar. Ellos (por el PRO, el Radicalismo y el la CC-ARI) tambi\u00e9n tienen en claro que el adversario a vencer es el oficialismo\u201d, agreg\u00f3 Gut\u00ed\u00e9rrez.<\/p>\n\n\n\n<figure class=\"wp-block-image size-full\"><img loading=\"lazy\" decoding=\"async\" width=\"799\" height=\"533\" data-attachment-id=\"134484\" data-permalink=\"https:\/\/www.hoymercedes.com.ar\/principal\/2021\/08\/01\/bustelo-creo-que-pudieron-mucho-mas-los-egos-que-la-unidad\/img_20210730_100614009\/#main\" data-orig-file=\"https:\/\/www.hoymercedes.com.ar\/principal\/wp-content\/uploads\/2021\/08\/IMG_20210730_100614009.jpg\" data-orig-size=\"799,533\" data-comments-opened=\"0\" data-image-meta=\"{&quot;aperture&quot;:&quot;0&quot;,&quot;credit&quot;:&quot;&quot;,&quot;camera&quot;:&quot;&quot;,&quot;caption&quot;:&quot;&quot;,&quot;created_timestamp&quot;:&quot;1627639574&quot;,&quot;copyright&quot;:&quot;&quot;,&quot;focal_length&quot;:&quot;0&quot;,&quot;iso&quot;:&quot;0&quot;,&quot;shutter_speed&quot;:&quot;0&quot;,&quot;title&quot;:&quot;&quot;,&quot;orientation&quot;:&quot;1&quot;}\" data-image-title=\"IMG_20210730_100614009\" data-image-description=\"\" data-image-caption=\"\" data-large-file=\"https:\/\/www.hoymercedes.com.ar\/principal\/wp-content\/uploads\/2021\/08\/IMG_20210730_100614009.jpg\" src=\"https:\/\/www.hoymercedes.com.ar\/principal\/wp-content\/uploads\/2021\/08\/IMG_20210730_100614009.jpg\" alt=\"\" class=\"wp-image-134484\" srcset=\"https:\/\/www.hoymercedes.com.ar\/principal\/wp-content\/uploads\/2021\/08\/IMG_20210730_100614009.jpg 799w, https:\/\/www.hoymercedes.com.ar\/principal\/wp-content\/uploads\/2021\/08\/IMG_20210730_100614009-630x420.jpg 630w, https:\/\/www.hoymercedes.com.ar\/principal\/wp-content\/uploads\/2021\/08\/IMG_20210730_100614009-150x100.jpg 150w\" sizes=\"auto, (max-width: 799px) 100vw, 799px\" \/><\/figure>\n\n\n\n<p><strong>Acuerdo de campa\u00f1a limpia<\/strong><\/p>\n\n\n\n<p>Asimsmo, Guti\u00e9rrez destac\u00f3 por qu\u00e9 el espacio \u201cUnidos\u201d no firm\u00f3 el acuerdo de campa\u00f1a limpia propuesto por el Jefe Comunal. \u201cFue una decisi\u00f3n del equipo de no participar en una estrateguia que la hace solamente el Intendente. Nosotros no colocaremos un cartel para ensuciar la ciudad. Nuestro proyecto es el vecino y comentarle nuestras ideas\u201d, cont\u00f3.<\/p>\n\n\n\n<p>\u201cEl Intendente hace la convocatoria a los distintos partidos para acallar a cada uno de los candidatos y que no cuestionen su gobierno que viene haciendo agua en un mont\u00f3n de \u00e1reas. Poniendo una firma de que no haremos una campa\u00f1a de cuestionamiento, el Intendente el d\u00eda de ma\u00f1ana puede decir &#8216;me est\u00e1n cuestionando tal \u00e1rea cuando firmaron que no lo podr\u00edamos hacer&#8217;. El texto que se firma dice eso. En una oportunidad anterior, yo fui como candidato y me di cuenta que esa reuni\u00f3n era una estrategia para que los candidatos no hablaran de la gesti\u00f3n. Si hay algo que hay que hablar es de la gesti\u00f3n. Cuando se hace bien y cuando se hace mal. Firmando ese documento, uno queda preso de no poder decirle cosas al vecino en una campa\u00f1a pol\u00edtica. Por eso decidimos no ir y no firmar, porque la campa\u00f1a va a ser limpia igual. No habr\u00e1 agresiones, sino que habr\u00e1 cuestionamientos a la gesti\u00f3n del Intendente y habr\u00e1 propuestas. No est\u00e1 explicito, pero s\u00ed en la letra chica del acuerdo\u201d, agreg\u00f3 el segundo precandidato de Unidos dentro de Juntos que adem\u00e1s destac\u00f3 haber sido agredido por los militantes kirchneristas a trav\u00e9s de redes sociales.<\/p>\n","protected":false},"excerpt":{"rendered":"<p>La lista de precandidatos de \u201cUnidos\u201d dentro de \u201cJuntos\u201d fue presentada por la primera en la lista Marilina Bustelo. Habl\u00f3 &#8230; <a title=\"Bustelo: \u201cCreo que pudieron mucho m\u00e1s los egos que la unidad\u201d\" class=\"read-more\" href=\"https:\/\/www.hoymercedes.com.ar\/principal\/2021\/08\/01\/bustelo-creo-que-pudieron-mucho-mas-los-egos-que-la-unidad\/\" aria-label=\"Leer m\u00e1s sobre Bustelo: \u201cCreo que pudieron mucho m\u00e1s los egos que la unidad\u201d\">Leer m\u00e1s<\/a><\/p>\n","protected":false},"author":1,"featured_media":134484,"comment_status":"closed","ping_status":"open","sticky":false,"template":"","format":"standard","meta":{"_monsterinsights_skip_tracking":false,"_monsterinsights_sitenote_active":false,"_monsterinsights_sitenote_note":"","_monsterinsights_sitenote_category":0,"jetpack_post_was_ever_published":false,"_jetpack_newsletter_access":"","_jetpack_dont_email_post_to_subs":false,"_jetpack_newsletter_tier_id":0,"_jetpack_memberships_contains_paywalled_content":false,"_jetpack_memberships_contains_paid_content":false,"footnotes":"","jetpack_publicize_message":"","jetpack_publicize_feature_enabled":true,"jetpack_social_post_already_shared":true,"jetpack_social_options":{"image_generator_settings":{"template":"highway","default_image_id":0,"font":"","enabled":false},"version":2},"_wpas_customize_per_network":false},"categories":[17907,5],"tags":[17557,17915,11105,5319],"class_list":["post-134483","post","type-post","status-publish","format-standard","has-post-thumbnail","hentry","category-paso-2021","category-politica","tag-elecciones-2021","tag-juntos","tag-paso","tag-politica-2","generate-columns","tablet-grid-50","mobile-grid-100","grid-parent","grid-50"],"jetpack_publicize_connections":[],"jetpack_featured_media_url":"https:\/\/www.hoymercedes.com.ar\/principal\/wp-content\/uploads\/2021\/08\/IMG_20210730_100614009.jpg","wps_subtitle":"Primarias en Juntos","jetpack_sharing_enabled":true,"_links":{"self":[{"href":"https:\/\/www.hoymercedes.com.ar\/principal\/wp-json\/wp\/v2\/posts\/134483","targetHints":{"allow":["GET"]}}],"collection":[{"href":"https:\/\/www.hoymercedes.com.ar\/principal\/wp-json\/wp\/v2\/posts"}],"about":[{"href":"https:\/\/www.hoymercedes.com.ar\/principal\/wp-json\/wp\/v2\/types\/post"}],"author":[{"embeddable":true,"href":"https:\/\/www.hoymercedes.com.ar\/principal\/wp-json\/wp\/v2\/users\/1"}],"replies":[{"embeddable":true,"href":"https:\/\/www.hoymercedes.com.ar\/principal\/wp-json\/wp\/v2\/comments?post=134483"}],"version-history":[{"count":0,"href":"https:\/\/www.hoymercedes.com.ar\/principal\/wp-json\/wp\/v2\/posts\/134483\/revisions"}],"wp:featuredmedia":[{"embeddable":true,"href":"https:\/\/www.hoymercedes.com.ar\/principal\/wp-json\/wp\/v2\/media\/134484"}],"wp:attachment":[{"href":"https:\/\/www.hoymercedes.com.ar\/principal\/wp-json\/wp\/v2\/media?parent=134483"}],"wp:term":[{"taxonomy":"category","embeddable":true,"href":"https:\/\/www.hoymercedes.com.ar\/principal\/wp-json\/wp\/v2\/categories?post=134483"},{"taxonomy":"post_tag","embeddable":true,"href":"https:\/\/www.hoymercedes.com.ar\/principal\/wp-json\/wp\/v2\/tags?post=134483"}],"curies":[{"name":"wp","href":"https:\/\/api.w.org\/{rel}","templated":true}]}}