{"id":13450,"date":"2012-06-05T11:34:09","date_gmt":"2012-06-05T11:34:09","guid":{"rendered":"http:\/\/www.hoymercedes.com.ar\/principal\/?p=13450"},"modified":"2012-06-05T11:34:09","modified_gmt":"2012-06-05T11:34:09","slug":"jornada-de-recreacion-en-el-barrio-san-martin","status":"publish","type":"post","link":"https:\/\/www.hoymercedes.com.ar\/principal\/2012\/06\/05\/jornada-de-recreacion-en-el-barrio-san-martin\/","title":{"rendered":"Jornada de recreaci\u00f3n en el Barrio San Mart\u00edn"},"content":{"rendered":"<p><a href=\"https:\/\/www.hoymercedes.com.ar\/principal\/wp-content\/uploads\/2012\/06\/Recreaci\u00f3n-JP-Agrupaci\u00f3n-17-de-octubre.jpg\"><img loading=\"lazy\" decoding=\"async\" data-attachment-id=\"13452\" data-permalink=\"https:\/\/www.hoymercedes.com.ar\/principal\/2012\/06\/05\/jornada-de-recreacion-en-el-barrio-san-martin\/recreacion-jp-agrupacion-17-de-octubre\/#main\" data-orig-file=\"https:\/\/www.hoymercedes.com.ar\/principal\/wp-content\/uploads\/2012\/06\/Recreaci\u00f3n-JP-Agrupaci\u00f3n-17-de-octubre.jpg\" data-orig-size=\"612,459\" data-comments-opened=\"1\" data-image-meta=\"{&quot;aperture&quot;:&quot;0&quot;,&quot;credit&quot;:&quot;&quot;,&quot;camera&quot;:&quot;&quot;,&quot;caption&quot;:&quot;&quot;,&quot;created_timestamp&quot;:&quot;0&quot;,&quot;copyright&quot;:&quot;&quot;,&quot;focal_length&quot;:&quot;0&quot;,&quot;iso&quot;:&quot;0&quot;,&quot;shutter_speed&quot;:&quot;0&quot;,&quot;title&quot;:&quot;&quot;}\" data-image-title=\"Recreaci\u00f3n-JP-Agrupaci\u00f3n-17-de-octubre\" data-image-description=\"\" data-image-caption=\"\" data-large-file=\"https:\/\/www.hoymercedes.com.ar\/principal\/wp-content\/uploads\/2012\/06\/Recreaci\u00f3n-JP-Agrupaci\u00f3n-17-de-octubre.jpg\" class=\"aligncenter size-full wp-image-13452\" title=\"Recreaci\u00f3n-JP-Agrupaci\u00f3n-17-de-octubre\" src=\"https:\/\/www.hoymercedes.com.ar\/principal\/wp-content\/uploads\/2012\/06\/Recreaci\u00f3n-JP-Agrupaci\u00f3n-17-de-octubre.jpg\" alt=\"\" width=\"612\" height=\"459\" \/><\/a><\/p>\n<p>La Juventud Peronista (JP)de la Agrupaci\u00f3n 17 de Octubre, que responde al liderazgo del presidente del Partido Justicialista e intendente de la ciudad de Mercedes, Carlos Selva, llev\u00f3 a cabo el pasado domingo 3 de junio, una jornada recreativa en el Barrio San Mart\u00edn.<\/p>\n<p>El evento se llev\u00f3 a cabo en el predio ubicado en las calles 67 y 104 y de acuerdo a lo manifestado por los j\u00f3venes responables de la organizaci\u00f3n\u00bbla convocatoria fue realizada con el apoyo de fomentistas de los barrios San Mart\u00edn, Ravello y Facundo Quiroga y es el puntapi\u00e9 inicial de una serie de jornadas similares que estar\u00e1n realizando en distintos barrios de la ciudad.\u00bb<\/p>\n<p>La jornada cont\u00f3 con un campeonato de f\u00fatbol para chicos, con juegos y otras actividades que contribuyeron a la generaci\u00f3n de un espacio donde muchos vecinos, j\u00f3venes, chicos y adultos, de los barrios aleda\u00f1os, se acercaron a participar compartiendo una linda tarde que termin\u00f3 con una merienda entre todos los presentes.<\/p>\n<p>Los integrantes de la Juventud, expresaron durante el encuentro que est\u00e1n convencidos que \u00abson este tipo de acciones las que realmente contribuyen a mejorar la ciudad que todos queremos, porque convocan, fomentan el di\u00e1logo con los vecinos y fortalecen la idea de que se puede hacer pol\u00edtica de otra forma, sin acudir al clientelismo u otras pr\u00e1cticas que lamentablemente se est\u00e1n empezando a visualizar de nuevo en nuestra ciudad\u00bb.<\/p>\n","protected":false},"excerpt":{"rendered":"<p>La Juventud Peronista (JP)de la Agrupaci\u00f3n 17 de Octubre, que responde al liderazgo del presidente del Partido Justicialista e intendente &#8230; <a title=\"Jornada de recreaci\u00f3n en el Barrio San Mart\u00edn\" class=\"read-more\" href=\"https:\/\/www.hoymercedes.com.ar\/principal\/2012\/06\/05\/jornada-de-recreacion-en-el-barrio-san-martin\/\" aria-label=\"Leer m\u00e1s sobre Jornada de recreaci\u00f3n en el Barrio San Mart\u00edn\">Leer m\u00e1s<\/a><\/p>\n","protected":false},"author":1,"featured_media":0,"comment_status":"open","ping_status":"open","sticky":false,"template":"","format":"standard","meta":{"_monsterinsights_skip_tracking":false,"_monsterinsights_sitenote_active":false,"_monsterinsights_sitenote_note":"","_monsterinsights_sitenote_category":0,"jetpack_post_was_ever_published":false,"_jetpack_newsletter_access":"","_jetpack_dont_email_post_to_subs":false,"_jetpack_newsletter_tier_id":0,"_jetpack_memberships_contains_paywalled_content":false,"_jetpack_memberships_contains_paid_content":false,"footnotes":"","jetpack_publicize_message":"","jetpack_publicize_feature_enabled":true,"jetpack_social_post_already_shared":false,"jetpack_social_options":{"image_generator_settings":{"template":"highway","default_image_id":0,"font":"","enabled":false},"version":2},"_wpas_customize_per_network":false},"categories":[5],"tags":[552,2304],"class_list":["post-13450","post","type-post","status-publish","format-standard","hentry","category-politica","tag-agrupacion-17-de-octubre","tag-recreacion-jp","generate-columns","tablet-grid-50","mobile-grid-100","grid-parent","grid-50"],"jetpack_publicize_connections":[],"jetpack_featured_media_url":"","wps_subtitle":"","jetpack_sharing_enabled":true,"_links":{"self":[{"href":"https:\/\/www.hoymercedes.com.ar\/principal\/wp-json\/wp\/v2\/posts\/13450","targetHints":{"allow":["GET"]}}],"collection":[{"href":"https:\/\/www.hoymercedes.com.ar\/principal\/wp-json\/wp\/v2\/posts"}],"about":[{"href":"https:\/\/www.hoymercedes.com.ar\/principal\/wp-json\/wp\/v2\/types\/post"}],"author":[{"embeddable":true,"href":"https:\/\/www.hoymercedes.com.ar\/principal\/wp-json\/wp\/v2\/users\/1"}],"replies":[{"embeddable":true,"href":"https:\/\/www.hoymercedes.com.ar\/principal\/wp-json\/wp\/v2\/comments?post=13450"}],"version-history":[{"count":0,"href":"https:\/\/www.hoymercedes.com.ar\/principal\/wp-json\/wp\/v2\/posts\/13450\/revisions"}],"wp:attachment":[{"href":"https:\/\/www.hoymercedes.com.ar\/principal\/wp-json\/wp\/v2\/media?parent=13450"}],"wp:term":[{"taxonomy":"category","embeddable":true,"href":"https:\/\/www.hoymercedes.com.ar\/principal\/wp-json\/wp\/v2\/categories?post=13450"},{"taxonomy":"post_tag","embeddable":true,"href":"https:\/\/www.hoymercedes.com.ar\/principal\/wp-json\/wp\/v2\/tags?post=13450"}],"curies":[{"name":"wp","href":"https:\/\/api.w.org\/{rel}","templated":true}]}}