{"id":134537,"date":"2021-08-02T00:33:00","date_gmt":"2021-08-02T03:33:00","guid":{"rendered":"https:\/\/www.hoymercedes.com.ar\/principal\/?p=134537"},"modified":"2021-08-01T23:41:01","modified_gmt":"2021-08-02T02:41:01","slug":"diputados-nacionales-de-juntos-en-campana-electoral-por-mercedes","status":"publish","type":"post","link":"https:\/\/www.hoymercedes.com.ar\/principal\/2021\/08\/02\/diputados-nacionales-de-juntos-en-campana-electoral-por-mercedes\/","title":{"rendered":"Diputados Nacionales de Juntos en campa\u00f1a electoral por Mercedes"},"content":{"rendered":"\n<p>En la tarde del viernes \u00faltimo, visitaron la ciudad los Diputados Nacionales de la Coalici\u00f3n C\u00edvica Marcela\u00a0Campagnoli\u00a0y\u00a0Juan Manuel L\u00f3pez. Ambos, integrantes de la lista de precandidatos para renovar sus bancas en diciembre venidero. Los Diputados fueron recibidos por los integrantes de PRO Mercedes y Coalici\u00f3n C\u00edvica ARI, especialmente por los precandidatos a concejales de la ciudad, Evangelina Cabral y Mart\u00edn Bossi. Los legisladores recorrieron las calles c\u00e9ntricas para luego tener un encuentro con la prensa local en la sede del espacio pol\u00edtico que disputar\u00e1 las Primarias dentro del frente \u201cJuntos\u201d.\u00a0\u00a0<\/p>\n\n\n\n<div class=\"wp-block-image\"><figure class=\"aligncenter size-full\"><img loading=\"lazy\" decoding=\"async\" width=\"799\" height=\"533\" data-attachment-id=\"134539\" data-permalink=\"https:\/\/www.hoymercedes.com.ar\/principal\/2021\/08\/02\/diputados-nacionales-de-juntos-en-campana-electoral-por-mercedes\/img_20210730_190524039\/#main\" data-orig-file=\"https:\/\/www.hoymercedes.com.ar\/principal\/wp-content\/uploads\/2021\/08\/IMG_20210730_190524039.jpg\" data-orig-size=\"799,533\" data-comments-opened=\"0\" data-image-meta=\"{&quot;aperture&quot;:&quot;0&quot;,&quot;credit&quot;:&quot;&quot;,&quot;camera&quot;:&quot;&quot;,&quot;caption&quot;:&quot;&quot;,&quot;created_timestamp&quot;:&quot;1627671924&quot;,&quot;copyright&quot;:&quot;&quot;,&quot;focal_length&quot;:&quot;0&quot;,&quot;iso&quot;:&quot;0&quot;,&quot;shutter_speed&quot;:&quot;0&quot;,&quot;title&quot;:&quot;&quot;,&quot;orientation&quot;:&quot;1&quot;}\" data-image-title=\"IMG_20210730_190524039\" data-image-description=\"\" data-image-caption=\"\" data-large-file=\"https:\/\/www.hoymercedes.com.ar\/principal\/wp-content\/uploads\/2021\/08\/IMG_20210730_190524039.jpg\" src=\"https:\/\/www.hoymercedes.com.ar\/principal\/wp-content\/uploads\/2021\/08\/IMG_20210730_190524039.jpg\" alt=\"\" class=\"wp-image-134539\" srcset=\"https:\/\/www.hoymercedes.com.ar\/principal\/wp-content\/uploads\/2021\/08\/IMG_20210730_190524039.jpg 799w, https:\/\/www.hoymercedes.com.ar\/principal\/wp-content\/uploads\/2021\/08\/IMG_20210730_190524039-630x420.jpg 630w, https:\/\/www.hoymercedes.com.ar\/principal\/wp-content\/uploads\/2021\/08\/IMG_20210730_190524039-150x100.jpg 150w\" sizes=\"auto, (max-width: 799px) 100vw, 799px\" \/><\/figure><\/div>\n\n\n\n<p>En el marco del encuentro con los medios, la primera en tomar la palabra fue la concejal&nbsp;mercedina, Evangelina Cabral que destac\u00f3 el \u201cequipo de gente comprometida\u201d que componen la lista que ella encabeza y luego enfatiz\u00f3 en el compromiso asumido por los precandidatos para tener una ciudad que genere trabajo.&nbsp;&nbsp;<\/p>\n\n\n\n<p>Precisamente, sobre este tema se centr\u00f3 la Diputada Nacional&nbsp;Campagnoli&nbsp;que fue consultada sobre c\u00f3mo ve\u00eda la ciudad en relaci\u00f3n a sus visitas anteriores. \u201cMe llama la atenci\u00f3n porque es una ciudad con mucho potencial, pero la veo estancada. Recorrimos el centro y hablamos con distintos comerciantes. Nos dec\u00edan que&nbsp;le faltan oportunidades, porque ac\u00e1 el que no trabaja en la justicia lo hace en el municipio, una de las chicas nos dec\u00eda que hab\u00eda vuelto&nbsp;con la esperanza de poder conseguir trabajo en su ciudad y no pudo.&nbsp;Mercedes tiene mucho m\u00e1s para dar y hoy no lo est\u00e1 haciendo.&nbsp;No puede ser que ac\u00e1 no hay industrias, polos tecnol\u00f3gicos, m\u00e1s producciones agropecuarias o polos educativos que tengan que ver con los regional. Creo que desde ese lugar hay mucho m\u00e1s para reclamar a las autoridades, a las que estuvieron antes, a los que est\u00e1n hoy y los que van a llegar el d\u00eda de ma\u00f1ana para que Mercedes sea todo lo que puede ser\u201d, destac\u00f3 la legisladora.&nbsp;&nbsp;<\/p>\n\n\n\n<p>\u00abNosotros queremos combatir la pobreza. La vamos a combatir con riqueza, no con m\u00e1s subsidios. Y para eso tenemos que generar trabajo en el sector privado, simplificarles los problemas a los comerciantes, a las&nbsp;PyMES&nbsp;y a quien quiera dar trabajo para que pueda hacerlo. Sabemos que la ayuda del Estado es importante con los planes y los subsidios, pero eso te mantiene en la pobreza, no te saca sino m\u00e1s bien hace que subsistas y tenemos que poder lograr que el&nbsp;mercedino&nbsp;progrese, que tenga trabajo, que tenga oportunidades y no que nuestros j\u00f3venes est\u00e9n pensando en irse de la ciudad, sino que tengan la confianza de que van a poder quedarse, que van a poder criar a sus hijos y que Mercedes sea su lugar\u201d, agreg\u00f3&nbsp;Campagnoli.&nbsp;&nbsp;<\/p>\n\n\n\n<p><strong>Recorrida por la provincia\u00a0<\/strong><\/p>\n\n\n\n<p>Por su parte, el Diputado y precandidatos Juan Manuel L\u00f3pez cont\u00f3 que estaban recorriendo la provincia. \u201cEstos encuentros ayudan a compartir las distintas realidades que vemos en la provincia de Buenos Aires, lo que vemos nosotros en el Congreso Nacional, lo que creemos que hay que decirle a la gente, que mensaje trasmitir. Uno comparte, debate y discute que es lo mejor. Mart\u00edn (Bossi) y Evangelina (Cabral) nos cuentan cu\u00e1les son las realidades de ac\u00e1, como est\u00e1 el gobierno local, nosotros les contamos como est\u00e1n los n\u00fameros en el Congreso. Esta elecci\u00f3n legislativa ayuda a que el poder se mantenga equilibrado porque hay que sostener en el\u00a0Senado de la Naci\u00f3n y en la C\u00e1mara de Diputados se mantenga un n\u00famero que evite que la Argentina se desborde\u201d, resalt\u00f3.\u00a0\u00a0<\/p>\n\n\n\n<div class=\"wp-block-image\"><figure class=\"aligncenter size-full\"><img loading=\"lazy\" decoding=\"async\" width=\"800\" height=\"533\" data-attachment-id=\"134540\" data-permalink=\"https:\/\/www.hoymercedes.com.ar\/principal\/2021\/08\/02\/diputados-nacionales-de-juntos-en-campana-electoral-por-mercedes\/img_20210730_190405163\/#main\" data-orig-file=\"https:\/\/www.hoymercedes.com.ar\/principal\/wp-content\/uploads\/2021\/08\/IMG_20210730_190405163.jpg\" data-orig-size=\"800,533\" data-comments-opened=\"0\" data-image-meta=\"{&quot;aperture&quot;:&quot;0&quot;,&quot;credit&quot;:&quot;&quot;,&quot;camera&quot;:&quot;&quot;,&quot;caption&quot;:&quot;&quot;,&quot;created_timestamp&quot;:&quot;1627671845&quot;,&quot;copyright&quot;:&quot;&quot;,&quot;focal_length&quot;:&quot;0&quot;,&quot;iso&quot;:&quot;0&quot;,&quot;shutter_speed&quot;:&quot;0&quot;,&quot;title&quot;:&quot;&quot;,&quot;orientation&quot;:&quot;1&quot;}\" data-image-title=\"IMG_20210730_190405163\" data-image-description=\"\" data-image-caption=\"\" data-large-file=\"https:\/\/www.hoymercedes.com.ar\/principal\/wp-content\/uploads\/2021\/08\/IMG_20210730_190405163.jpg\" src=\"https:\/\/www.hoymercedes.com.ar\/principal\/wp-content\/uploads\/2021\/08\/IMG_20210730_190405163.jpg\" alt=\"\" class=\"wp-image-134540\" srcset=\"https:\/\/www.hoymercedes.com.ar\/principal\/wp-content\/uploads\/2021\/08\/IMG_20210730_190405163.jpg 800w, https:\/\/www.hoymercedes.com.ar\/principal\/wp-content\/uploads\/2021\/08\/IMG_20210730_190405163-630x420.jpg 630w, https:\/\/www.hoymercedes.com.ar\/principal\/wp-content\/uploads\/2021\/08\/IMG_20210730_190405163-150x100.jpg 150w, https:\/\/www.hoymercedes.com.ar\/principal\/wp-content\/uploads\/2021\/08\/IMG_20210730_190405163-700x465.jpg 700w\" sizes=\"auto, (max-width: 800px) 100vw, 800px\" \/><\/figure><\/div>\n\n\n\n<p><strong>PASOs<\/strong>&nbsp;<\/p>\n\n\n\n<p>El frente Juntos tendr\u00e1 en Mercedes una Primaria en donde tres listas competir\u00e1n en septiembre. Los candidatos del PRO y Coalici\u00f3n C\u00edvica &#8211; ARI, Cabral y Bossi, hicieron hincapi\u00e9 en esta elecci\u00f3n. \u201cLas Pasos son una herramienta m\u00e1s de la democracia que hay que transitar. Nosotros tenemos mucho para contar, tenemos un camino realizado donde la gente nos identifica y queremos seguir recorri\u00e9ndolo como lo hicimos hasta ahora, con transparencia y compromiso. En el 2017, era una vecina com\u00fan que tom\u00f3 la decisi\u00f3n de comprometerse con un espacio con el que se identificaba.&nbsp; Ahora decid\u00ed continuar con ese compromiso y estar cerca del vecino. El problema que \u00e9l puede tener, yo voy a intentar solucionarlo, juntos, cada uno desde su lugar, la realidad la cambiamos juntos\u201d, dijo la concejal Evangelina Cabral.&nbsp;&nbsp;<\/p>\n\n\n\n<p>En tanto,&nbsp;Bossi, de la Coalici\u00f3n C\u00edvica &#8211; ARI es la primera vez que se candidatea para concejal de Mercedes.&nbsp;\u00abEsta es la primera parte para despu\u00e9s enfrentar al contrincante verdadero. Creo que lo que ha pasado es para celebrarlo, que mucha gente se ha comprometido para la representaci\u00f3n y los lugares son escasos, as\u00ed que bienvenido sea que la gente tenga la oportunidad de elegir a quienes ser\u00e1n los actores que van representar estos valores y objetivos que no tengo ninguna duda que son los mismos, tanto en las otras listas como en esta, aunque lo que yo creo que los que mejor pueden representar estos valores es la lista del PRO y la CC ARI\u201d.&nbsp;<\/p>\n","protected":false},"excerpt":{"rendered":"<p>En la tarde del viernes \u00faltimo, visitaron la ciudad los Diputados Nacionales de la Coalici\u00f3n C\u00edvica Marcela\u00a0Campagnoli\u00a0y\u00a0Juan Manuel L\u00f3pez. Ambos, &#8230; <a title=\"Diputados Nacionales de Juntos en campa\u00f1a electoral por Mercedes\" class=\"read-more\" href=\"https:\/\/www.hoymercedes.com.ar\/principal\/2021\/08\/02\/diputados-nacionales-de-juntos-en-campana-electoral-por-mercedes\/\" aria-label=\"Leer m\u00e1s sobre Diputados Nacionales de Juntos en campa\u00f1a electoral por Mercedes\">Leer m\u00e1s<\/a><\/p>\n","protected":false},"author":1,"featured_media":134540,"comment_status":"closed","ping_status":"open","sticky":false,"template":"","format":"standard","meta":{"_monsterinsights_skip_tracking":false,"_monsterinsights_sitenote_active":false,"_monsterinsights_sitenote_note":"","_monsterinsights_sitenote_category":0,"jetpack_post_was_ever_published":false,"_jetpack_newsletter_access":"","_jetpack_dont_email_post_to_subs":false,"_jetpack_newsletter_tier_id":0,"_jetpack_memberships_contains_paywalled_content":false,"_jetpack_memberships_contains_paid_content":false,"footnotes":"","jetpack_publicize_message":"","jetpack_publicize_feature_enabled":true,"jetpack_social_post_already_shared":true,"jetpack_social_options":{"image_generator_settings":{"template":"highway","default_image_id":0,"font":"","enabled":false},"version":2},"_wpas_customize_per_network":false},"categories":[5],"tags":[58,10019,5319,2185],"class_list":["post-134537","post","type-post","status-publish","format-standard","has-post-thumbnail","hentry","category-politica","tag-coalicion-civica","tag-diputados-nacionales","tag-politica-2","tag-pro-mercedes","generate-columns","tablet-grid-50","mobile-grid-100","grid-parent","grid-50"],"jetpack_publicize_connections":[],"jetpack_featured_media_url":"https:\/\/www.hoymercedes.com.ar\/principal\/wp-content\/uploads\/2021\/08\/IMG_20210730_190405163.jpg","wps_subtitle":"Visita legislativa de cara a las PASOs ","jetpack_sharing_enabled":true,"_links":{"self":[{"href":"https:\/\/www.hoymercedes.com.ar\/principal\/wp-json\/wp\/v2\/posts\/134537","targetHints":{"allow":["GET"]}}],"collection":[{"href":"https:\/\/www.hoymercedes.com.ar\/principal\/wp-json\/wp\/v2\/posts"}],"about":[{"href":"https:\/\/www.hoymercedes.com.ar\/principal\/wp-json\/wp\/v2\/types\/post"}],"author":[{"embeddable":true,"href":"https:\/\/www.hoymercedes.com.ar\/principal\/wp-json\/wp\/v2\/users\/1"}],"replies":[{"embeddable":true,"href":"https:\/\/www.hoymercedes.com.ar\/principal\/wp-json\/wp\/v2\/comments?post=134537"}],"version-history":[{"count":0,"href":"https:\/\/www.hoymercedes.com.ar\/principal\/wp-json\/wp\/v2\/posts\/134537\/revisions"}],"wp:featuredmedia":[{"embeddable":true,"href":"https:\/\/www.hoymercedes.com.ar\/principal\/wp-json\/wp\/v2\/media\/134540"}],"wp:attachment":[{"href":"https:\/\/www.hoymercedes.com.ar\/principal\/wp-json\/wp\/v2\/media?parent=134537"}],"wp:term":[{"taxonomy":"category","embeddable":true,"href":"https:\/\/www.hoymercedes.com.ar\/principal\/wp-json\/wp\/v2\/categories?post=134537"},{"taxonomy":"post_tag","embeddable":true,"href":"https:\/\/www.hoymercedes.com.ar\/principal\/wp-json\/wp\/v2\/tags?post=134537"}],"curies":[{"name":"wp","href":"https:\/\/api.w.org\/{rel}","templated":true}]}}