{"id":134613,"date":"2021-08-02T19:06:28","date_gmt":"2021-08-02T22:06:28","guid":{"rendered":"https:\/\/www.hoymercedes.com.ar\/principal\/?p=134613"},"modified":"2021-08-02T19:06:35","modified_gmt":"2021-08-02T22:06:35","slug":"covid-en-el-pais-confirman-274-muertes-y-11-183-contagios","status":"publish","type":"post","link":"https:\/\/www.hoymercedes.com.ar\/principal\/2021\/08\/02\/covid-en-el-pais-confirman-274-muertes-y-11-183-contagios\/","title":{"rendered":"Covid en el pa\u00eds: confirman 274 muertes y 11.183 contagios"},"content":{"rendered":"\n<p>El ministerio de Salud de la Naci\u00f3n inform\u00f3 este lunes 2 de agosto que, en las \u00faltimas 24 horas, se registraron 274 muertes y 11.183 contagios de coronavirus. Con estos n\u00fameros, el total de casos desde el inicio de la pandemia se elev\u00f3 a 4.947.030 y los fallecimientos son 106.045.<\/p>\n\n\n\n<div class=\"wp-block-image\"><figure class=\"aligncenter size-large is-resized\"><img loading=\"lazy\" decoding=\"async\" data-attachment-id=\"134600\" data-permalink=\"https:\/\/www.hoymercedes.com.ar\/principal\/img_20210802_183708\/\" data-orig-file=\"https:\/\/www.hoymercedes.com.ar\/principal\/wp-content\/uploads\/2021\/08\/IMG_20210802_183708-e1627941940929.jpg\" data-orig-size=\"800,412\" data-comments-opened=\"0\" data-image-meta=\"{&quot;aperture&quot;:&quot;0&quot;,&quot;credit&quot;:&quot;&quot;,&quot;camera&quot;:&quot;&quot;,&quot;caption&quot;:&quot;&quot;,&quot;created_timestamp&quot;:&quot;0&quot;,&quot;copyright&quot;:&quot;&quot;,&quot;focal_length&quot;:&quot;0&quot;,&quot;iso&quot;:&quot;0&quot;,&quot;shutter_speed&quot;:&quot;0&quot;,&quot;title&quot;:&quot;&quot;,&quot;orientation&quot;:&quot;0&quot;}\" data-image-title=\"IMG_20210802_183708\" data-image-description=\"\" data-image-caption=\"\" data-large-file=\"https:\/\/www.hoymercedes.com.ar\/principal\/wp-content\/uploads\/2021\/08\/IMG_20210802_183708-1024x527.jpg\" src=\"https:\/\/www.hoymercedes.com.ar\/principal\/wp-content\/uploads\/2021\/08\/IMG_20210802_183708-1024x527.jpg\" alt=\"\" class=\"wp-image-134600\" width=\"655\" height=\"337\"\/><\/figure><\/div>\n\n\n\n<p>El parte precis\u00f3 que murieron 153 hombres, 23 en la provincia de Buenos Aires; 16 en la Ciudad de Buenos Aires; 7 en Chaco; 14 en C\u00f3rdoba; 4 en Entre R\u00edos; 3 en Formosa; dos en Jujuy; 5 en La Pampa, 13 en Mendoza; 6 en Misiones; uno en R\u00edo Negro; 5 en Salta; 3 en San Juan; 5 en San Luis; 36 en Santa Fe; dos en Santiago del Estero; uno en Tierra del Fuego y 7 en Tucum\u00e1n.<\/p>\n\n\n\n<p>Tambi\u00e9n fallecieron 121 mujeres: 15 en Buenos Aires; 10 en la Ciudad de Buenos Aires; 8 en Chaco; 9 en C\u00f3rdoba; 5 en Entre R\u00edos; 2 en Formosa; 3 en Jujuy; 4 en La Pampa; 17 en Mendoza; 5 en Misiones; 2 en R\u00edo Negro; 8 en Salta; una en San Juan; 3 en San Luis; 2 en Santa Cruz; 21 en Santa Fe; 2 en Santiago del Estero; una en Tierra del Fuego y 3 en Tucum\u00e1n.<\/p>\n\n\n\n<div class=\"wp-block-image\"><figure class=\"aligncenter size-full\"><img loading=\"lazy\" decoding=\"async\" width=\"451\" height=\"536\" data-attachment-id=\"134599\" data-permalink=\"https:\/\/www.hoymercedes.com.ar\/principal\/img_20210802_183714\/\" data-orig-file=\"https:\/\/www.hoymercedes.com.ar\/principal\/wp-content\/uploads\/2021\/08\/IMG_20210802_183714.png\" data-orig-size=\"451,536\" data-comments-opened=\"0\" data-image-meta=\"{&quot;aperture&quot;:&quot;0&quot;,&quot;credit&quot;:&quot;&quot;,&quot;camera&quot;:&quot;&quot;,&quot;caption&quot;:&quot;&quot;,&quot;created_timestamp&quot;:&quot;0&quot;,&quot;copyright&quot;:&quot;&quot;,&quot;focal_length&quot;:&quot;0&quot;,&quot;iso&quot;:&quot;0&quot;,&quot;shutter_speed&quot;:&quot;0&quot;,&quot;title&quot;:&quot;&quot;,&quot;orientation&quot;:&quot;0&quot;}\" data-image-title=\"IMG_20210802_183714\" data-image-description=\"\" data-image-caption=\"\" data-large-file=\"https:\/\/www.hoymercedes.com.ar\/principal\/wp-content\/uploads\/2021\/08\/IMG_20210802_183714.png\" src=\"https:\/\/www.hoymercedes.com.ar\/principal\/wp-content\/uploads\/2021\/08\/IMG_20210802_183714.png\" alt=\"\" class=\"wp-image-134599\" srcset=\"https:\/\/www.hoymercedes.com.ar\/principal\/wp-content\/uploads\/2021\/08\/IMG_20210802_183714.png 451w, https:\/\/www.hoymercedes.com.ar\/principal\/wp-content\/uploads\/2021\/08\/IMG_20210802_183714-126x150.png 126w\" sizes=\"auto, (max-width: 451px) 100vw, 451px\" \/><\/figure><\/div>\n\n\n\n<p>De los 11.183 nuevos contagios, 3.087 son de la provincia de Buenos Aires, 682 de la ciudad de Buenos Aires, 241 de Catamarca, 483 de Chaco, 105 de Chubut, 230 de Corrientes, 1.276 de C\u00f3rdoba, 266 de Entre R\u00edos, 157 de Formosa, 123 de Jujuy, 252 de La Pampa, 219 de La Rioja, 437 de Mendoza, 123 de Misiones, 245 de Neuqu\u00e9n, 321 de R\u00edo Negro, 309 de Salta, 153 de San Juan, 218 de San Luis, 41 de Santa Cruz, 923 de Santa Fe, 266 de Santiago del Estero, 50 de Tierra del Fuego y 976 de Tucum\u00e1n.<\/p>\n\n\n\n<p>El total de acumulados por distrito indica que la provincia de Buenos Aires suma 1.979.034 casos; la Ciudad de Buenos Aires, 492.737; Catamarca, 42.787; Chaco, 92.055; Chubut, 76.609; Corrientes, 81.404; C\u00f3rdoba 470.456; Entre R\u00edos, 128.426; Formosa, 56.396; Jujuy, 43.799; La Pampa, 61.899; La Rioja, 28.776; Mendoza, 154.785; Misiones, 31.179; Neuqu\u00e9n, 107.911; R\u00edo Negro, 92.799; Salta, 75.712; San Juan, 61.077; San Luis, 75.370; Santa Cruz, 57.918; Santa Fe, 448.747; Santiago del Estero, 74.004; Tierra del Fuego, 31.258 y Tucum\u00e1n, 181.889.<\/p>\n\n\n\n<div class=\"wp-block-image\"><figure class=\"aligncenter size-full\"><img loading=\"lazy\" decoding=\"async\" width=\"263\" height=\"702\" data-attachment-id=\"134601\" data-permalink=\"https:\/\/www.hoymercedes.com.ar\/principal\/img_20210802_183721\/\" data-orig-file=\"https:\/\/www.hoymercedes.com.ar\/principal\/wp-content\/uploads\/2021\/08\/IMG_20210802_183721.png\" data-orig-size=\"263,702\" data-comments-opened=\"0\" data-image-meta=\"{&quot;aperture&quot;:&quot;0&quot;,&quot;credit&quot;:&quot;&quot;,&quot;camera&quot;:&quot;&quot;,&quot;caption&quot;:&quot;&quot;,&quot;created_timestamp&quot;:&quot;0&quot;,&quot;copyright&quot;:&quot;&quot;,&quot;focal_length&quot;:&quot;0&quot;,&quot;iso&quot;:&quot;0&quot;,&quot;shutter_speed&quot;:&quot;0&quot;,&quot;title&quot;:&quot;&quot;,&quot;orientation&quot;:&quot;0&quot;}\" data-image-title=\"IMG_20210802_183721\" data-image-description=\"\" data-image-caption=\"\" data-large-file=\"https:\/\/www.hoymercedes.com.ar\/principal\/wp-content\/uploads\/2021\/08\/IMG_20210802_183721.png\" src=\"https:\/\/www.hoymercedes.com.ar\/principal\/wp-content\/uploads\/2021\/08\/IMG_20210802_183721.png\" alt=\"\" class=\"wp-image-134601\" srcset=\"https:\/\/www.hoymercedes.com.ar\/principal\/wp-content\/uploads\/2021\/08\/IMG_20210802_183721.png 263w, https:\/\/www.hoymercedes.com.ar\/principal\/wp-content\/uploads\/2021\/08\/IMG_20210802_183721-232x620.png 232w, https:\/\/www.hoymercedes.com.ar\/principal\/wp-content\/uploads\/2021\/08\/IMG_20210802_183721-56x150.png 56w\" sizes=\"auto, (max-width: 263px) 100vw, 263px\" \/><\/figure><\/div>\n","protected":false},"excerpt":{"rendered":"<p>El ministerio de Salud de la Naci\u00f3n inform\u00f3 este lunes 2 de agosto que, en las \u00faltimas 24 horas, se &#8230; <a title=\"Covid en el pa\u00eds: confirman 274 muertes y 11.183 contagios\" class=\"read-more\" href=\"https:\/\/www.hoymercedes.com.ar\/principal\/2021\/08\/02\/covid-en-el-pais-confirman-274-muertes-y-11-183-contagios\/\" aria-label=\"Leer m\u00e1s sobre Covid en el pa\u00eds: confirman 274 muertes y 11.183 contagios\">Leer m\u00e1s<\/a><\/p>\n","protected":false},"author":1,"featured_media":128077,"comment_status":"closed","ping_status":"open","sticky":false,"template":"","format":"standard","meta":{"_monsterinsights_skip_tracking":false,"_monsterinsights_sitenote_active":false,"_monsterinsights_sitenote_note":"","_monsterinsights_sitenote_category":0,"jetpack_post_was_ever_published":false,"_jetpack_newsletter_access":"","_jetpack_dont_email_post_to_subs":false,"_jetpack_newsletter_tier_id":0,"_jetpack_memberships_contains_paywalled_content":false,"_jetpack_memberships_contains_paid_content":false,"footnotes":"","jetpack_publicize_message":"","jetpack_publicize_feature_enabled":true,"jetpack_social_post_already_shared":true,"jetpack_social_options":{"image_generator_settings":{"template":"highway","default_image_id":0,"font":"","enabled":false},"version":2},"_wpas_customize_per_network":false},"categories":[17182],"tags":[16175,16313,15693],"class_list":["post-134613","post","type-post","status-publish","format-standard","has-post-thumbnail","hentry","category-nacion","tag-coronavirus","tag-covid-19","tag-informe-nacional","generate-columns","tablet-grid-50","mobile-grid-100","grid-parent","grid-50"],"jetpack_publicize_connections":[],"jetpack_featured_media_url":"https:\/\/www.hoymercedes.com.ar\/principal\/wp-content\/uploads\/2021\/04\/giphy.gif","wps_subtitle":"Informe nacional","jetpack_sharing_enabled":true,"_links":{"self":[{"href":"https:\/\/www.hoymercedes.com.ar\/principal\/wp-json\/wp\/v2\/posts\/134613","targetHints":{"allow":["GET"]}}],"collection":[{"href":"https:\/\/www.hoymercedes.com.ar\/principal\/wp-json\/wp\/v2\/posts"}],"about":[{"href":"https:\/\/www.hoymercedes.com.ar\/principal\/wp-json\/wp\/v2\/types\/post"}],"author":[{"embeddable":true,"href":"https:\/\/www.hoymercedes.com.ar\/principal\/wp-json\/wp\/v2\/users\/1"}],"replies":[{"embeddable":true,"href":"https:\/\/www.hoymercedes.com.ar\/principal\/wp-json\/wp\/v2\/comments?post=134613"}],"version-history":[{"count":0,"href":"https:\/\/www.hoymercedes.com.ar\/principal\/wp-json\/wp\/v2\/posts\/134613\/revisions"}],"wp:featuredmedia":[{"embeddable":true,"href":"https:\/\/www.hoymercedes.com.ar\/principal\/wp-json\/wp\/v2\/media\/128077"}],"wp:attachment":[{"href":"https:\/\/www.hoymercedes.com.ar\/principal\/wp-json\/wp\/v2\/media?parent=134613"}],"wp:term":[{"taxonomy":"category","embeddable":true,"href":"https:\/\/www.hoymercedes.com.ar\/principal\/wp-json\/wp\/v2\/categories?post=134613"},{"taxonomy":"post_tag","embeddable":true,"href":"https:\/\/www.hoymercedes.com.ar\/principal\/wp-json\/wp\/v2\/tags?post=134613"}],"curies":[{"name":"wp","href":"https:\/\/api.w.org\/{rel}","templated":true}]}}