{"id":134643,"date":"2021-08-03T16:14:23","date_gmt":"2021-08-03T19:14:23","guid":{"rendered":"http:\/\/www.hoymercedes.com.ar\/principal\/?p=134643"},"modified":"2021-08-03T16:14:27","modified_gmt":"2021-08-03T19:14:27","slug":"municipio-entrego-soluciones-habitacionales","status":"publish","type":"post","link":"https:\/\/www.hoymercedes.com.ar\/principal\/2021\/08\/03\/municipio-entrego-soluciones-habitacionales\/","title":{"rendered":"Municipio entreg\u00f3 soluciones habitacionales"},"content":{"rendered":"\n<p>El Municipio de Mercedes, a trav\u00e9s de la Secretar\u00eda de Desarrollo de la Comunidad, llev\u00f3 adelante una nueva entrega de \u201cSoluciones Habitacionales\u201d para familias de la ciudad. Esto les permitir\u00e1 a familias de la ciudad afianzar el sue\u00f1o de la casa propia.\u00a0\u00a0El acto estuvo encabezado por el Intendente Juan I. Ustarroz y se realiz\u00f3 en el ex Instituto Unzu\u00e9. \u00a0<\/p>\n\n\n\n<div class=\"wp-block-image\"><figure class=\"aligncenter size-full\"><img loading=\"lazy\" decoding=\"async\" width=\"800\" height=\"534\" data-attachment-id=\"134644\" data-permalink=\"https:\/\/www.hoymercedes.com.ar\/principal\/2021\/08\/03\/municipio-entrego-soluciones-habitacionales\/dsc09676\/#main\" data-orig-file=\"https:\/\/www.hoymercedes.com.ar\/principal\/wp-content\/uploads\/2021\/08\/DSC09676.jpg\" data-orig-size=\"800,534\" data-comments-opened=\"0\" data-image-meta=\"{&quot;aperture&quot;:&quot;0&quot;,&quot;credit&quot;:&quot;&quot;,&quot;camera&quot;:&quot;&quot;,&quot;caption&quot;:&quot;&quot;,&quot;created_timestamp&quot;:&quot;0&quot;,&quot;copyright&quot;:&quot;&quot;,&quot;focal_length&quot;:&quot;0&quot;,&quot;iso&quot;:&quot;0&quot;,&quot;shutter_speed&quot;:&quot;0&quot;,&quot;title&quot;:&quot;&quot;,&quot;orientation&quot;:&quot;0&quot;}\" data-image-title=\"DSC09676\" data-image-description=\"\" data-image-caption=\"\" data-large-file=\"https:\/\/www.hoymercedes.com.ar\/principal\/wp-content\/uploads\/2021\/08\/DSC09676.jpg\" src=\"https:\/\/www.hoymercedes.com.ar\/principal\/wp-content\/uploads\/2021\/08\/DSC09676.jpg\" alt=\"\" class=\"wp-image-134644\" srcset=\"https:\/\/www.hoymercedes.com.ar\/principal\/wp-content\/uploads\/2021\/08\/DSC09676.jpg 800w, https:\/\/www.hoymercedes.com.ar\/principal\/wp-content\/uploads\/2021\/08\/DSC09676-630x421.jpg 630w, https:\/\/www.hoymercedes.com.ar\/principal\/wp-content\/uploads\/2021\/08\/DSC09676-150x100.jpg 150w\" sizes=\"auto, (max-width: 800px) 100vw, 800px\" \/><\/figure><\/div>\n\n\n\n<p>Bautista Mansilla desde el \u00e1rea de Desarrollo Social se\u00f1al\u00f3 \u201cnosotros venimos trabajando hace tiempo con este tipo de programas, teniendo varias intervenciones, y durante el a\u00f1o pasado, gracias a la gesti\u00f3n del intendente Ustarroz y al aporte del Gobierno de la provincia de Buenos Aires, pudimos comenzar a trabajar en 400 mejoramientos habitacionales\u201d&nbsp;&nbsp;y agreg\u00f3 \u201cconsiste de dos etapas, una primera donde se le entrega un monto de dinero, donde la particularidad que tiene este programa es que en la segunda etapa, el desembolso es a modo de cr\u00e9dito, lo que genera un fondo rotatorio y solidario para que otras personas puedan seguir adquiriendo este beneficio\u201d. &nbsp;<\/p>\n\n\n\n<p>\u201cLo que hacemos es entregarles una tarjeta de d\u00e9bito donde tienen depositados los montos y as\u00ed ellos pueden comprar aberturas, art\u00edculos de electricidad, aislaci\u00f3n t\u00e9rmica exterior (revoques) e instalaciones sanitarias. Con la idea que, a trav\u00e9s de estos montos, las familias puedan solucionar alguna de estas 4 cuestiones\u201d&nbsp;&nbsp;&nbsp;<\/p>\n\n\n\n<p>En este sentido, Mansilla explic\u00f3 \u201clos cr\u00e9ditos se devuelven en dos a\u00f1os con una tasa del 2 por ciento anual, mismo que se entrega luego de verificar que se haya producido la mejora en la casa devenido el desembolso de la primera etapa\u201d y subray\u00f3 \u201ces muy accesible, muy eficiente y tiene una alta tasa de devoluci\u00f3n entre sus beneficiarios en otros distritos, por lo que aprovechamos la oportunidad que nos brind\u00f3 el Gobierno de Axel Kicillof y estamos trabaj\u00e1ndolo mucho y bien por suerte\u201d. &nbsp;<\/p>\n\n\n\n<p>Los interesados se pueden acercar hasta nuestra secretar\u00eda de Desarrollo de la Comunidad, al \u00e1rea de mejoramiento habitacional de 8:00 a 14:00 horas y hacer la consulta para ver si puede o no acceder a este beneficio\u201d asegur\u00f3 Mansilla. \u00a0<\/p>\n\n\n\n<p>Por Prensa Municipal<\/p>\n","protected":false},"excerpt":{"rendered":"<p>El Municipio de Mercedes, a trav\u00e9s de la Secretar\u00eda de Desarrollo de la Comunidad, llev\u00f3 adelante una nueva entrega de &#8230; <a title=\"Municipio entreg\u00f3 soluciones habitacionales\" class=\"read-more\" href=\"https:\/\/www.hoymercedes.com.ar\/principal\/2021\/08\/03\/municipio-entrego-soluciones-habitacionales\/\" aria-label=\"Leer m\u00e1s sobre Municipio entreg\u00f3 soluciones habitacionales\">Leer m\u00e1s<\/a><\/p>\n","protected":false},"author":1,"featured_media":134644,"comment_status":"closed","ping_status":"open","sticky":false,"template":"","format":"standard","meta":{"_monsterinsights_skip_tracking":false,"_monsterinsights_sitenote_active":false,"_monsterinsights_sitenote_note":"","_monsterinsights_sitenote_category":0,"jetpack_post_was_ever_published":false,"_jetpack_newsletter_access":"","_jetpack_dont_email_post_to_subs":false,"_jetpack_newsletter_tier_id":0,"_jetpack_memberships_contains_paywalled_content":false,"_jetpack_memberships_contains_paid_content":false,"footnotes":"","jetpack_publicize_message":"","jetpack_publicize_feature_enabled":true,"jetpack_social_post_already_shared":true,"jetpack_social_options":{"image_generator_settings":{"template":"highway","default_image_id":0,"font":"","enabled":false},"version":2},"_wpas_customize_per_network":false},"categories":[30],"tags":[],"class_list":["post-134643","post","type-post","status-publish","format-standard","has-post-thumbnail","hentry","category-municipio","generate-columns","tablet-grid-50","mobile-grid-100","grid-parent","grid-50"],"jetpack_publicize_connections":[],"jetpack_featured_media_url":"https:\/\/www.hoymercedes.com.ar\/principal\/wp-content\/uploads\/2021\/08\/DSC09676.jpg","wps_subtitle":"","jetpack_sharing_enabled":true,"_links":{"self":[{"href":"https:\/\/www.hoymercedes.com.ar\/principal\/wp-json\/wp\/v2\/posts\/134643","targetHints":{"allow":["GET"]}}],"collection":[{"href":"https:\/\/www.hoymercedes.com.ar\/principal\/wp-json\/wp\/v2\/posts"}],"about":[{"href":"https:\/\/www.hoymercedes.com.ar\/principal\/wp-json\/wp\/v2\/types\/post"}],"author":[{"embeddable":true,"href":"https:\/\/www.hoymercedes.com.ar\/principal\/wp-json\/wp\/v2\/users\/1"}],"replies":[{"embeddable":true,"href":"https:\/\/www.hoymercedes.com.ar\/principal\/wp-json\/wp\/v2\/comments?post=134643"}],"version-history":[{"count":0,"href":"https:\/\/www.hoymercedes.com.ar\/principal\/wp-json\/wp\/v2\/posts\/134643\/revisions"}],"wp:featuredmedia":[{"embeddable":true,"href":"https:\/\/www.hoymercedes.com.ar\/principal\/wp-json\/wp\/v2\/media\/134644"}],"wp:attachment":[{"href":"https:\/\/www.hoymercedes.com.ar\/principal\/wp-json\/wp\/v2\/media?parent=134643"}],"wp:term":[{"taxonomy":"category","embeddable":true,"href":"https:\/\/www.hoymercedes.com.ar\/principal\/wp-json\/wp\/v2\/categories?post=134643"},{"taxonomy":"post_tag","embeddable":true,"href":"https:\/\/www.hoymercedes.com.ar\/principal\/wp-json\/wp\/v2\/tags?post=134643"}],"curies":[{"name":"wp","href":"https:\/\/api.w.org\/{rel}","templated":true}]}}