{"id":134818,"date":"2021-08-06T20:39:15","date_gmt":"2021-08-06T23:39:15","guid":{"rendered":"https:\/\/www.hoymercedes.com.ar\/principal\/?p=134818"},"modified":"2021-08-07T11:03:11","modified_gmt":"2021-08-07T14:03:11","slug":"incriben-para-fines-trayecto-secundario","status":"publish","type":"post","link":"https:\/\/www.hoymercedes.com.ar\/principal\/2021\/08\/06\/incriben-para-fines-trayecto-secundario\/","title":{"rendered":"Incriben para FINES trayecto secundario"},"content":{"rendered":"\n<p>Hasta el 18 de agosto est\u00e1 abierta la inscripci\u00f3n para el programa FINES Trayecto Secundario. Los interesados pueden acercar la documentaci\u00f3n en El Hornero (calle 6 y 11) de 18 a 20 horas, los d\u00edas mi\u00e9rcoles. La inscripci\u00f3n es para mayores de 18 a\u00f1os que quieran retomar o iniciar sus estudios del nivel secundario. M\u00e1s informaci\u00f3n en: https:\/\/www.facebook.com\/planfinesmercedes <\/p>\n\n\n\n<div class=\"wp-block-image\"><figure class=\"aligncenter\"><img decoding=\"async\" src=\"https:\/\/scontent.ffdo2-1.fna.fbcdn.net\/v\/t1.6435-9\/p526x296\/232191822_4232160723538163_764163939523477230_n.jpg?_nc_cat=106&amp;ccb=1-4&amp;_nc_sid=8bfeb9&amp;_nc_ohc=tMkDSyPADIYAX_ws_3L&amp;_nc_ht=scontent.ffdo2-1.fna&amp;oh=415cae19e0ed49171b5b3b95a85c9d9e&amp;oe=61340525\" alt=\"\"\/><\/figure><\/div>\n\n\n\n<p><\/p>\n\n\n\n<p><\/p>\n","protected":false},"excerpt":{"rendered":"<p>Hasta el 18 de agosto est\u00e1 abierta la inscripci\u00f3n para el programa FINES Trayecto Secundario. Los interesados pueden acercar la &#8230; <a title=\"Incriben para FINES trayecto secundario\" class=\"read-more\" href=\"https:\/\/www.hoymercedes.com.ar\/principal\/2021\/08\/06\/incriben-para-fines-trayecto-secundario\/\" aria-label=\"Leer m\u00e1s sobre Incriben para FINES trayecto secundario\">Leer m\u00e1s<\/a><\/p>\n","protected":false},"author":1,"featured_media":112413,"comment_status":"closed","ping_status":"open","sticky":false,"template":"","format":"standard","meta":{"_monsterinsights_skip_tracking":false,"_monsterinsights_sitenote_active":false,"_monsterinsights_sitenote_note":"","_monsterinsights_sitenote_category":0,"jetpack_post_was_ever_published":false,"_jetpack_newsletter_access":"","_jetpack_dont_email_post_to_subs":false,"_jetpack_newsletter_tier_id":0,"_jetpack_memberships_contains_paywalled_content":false,"_jetpack_memberships_contains_paid_content":false,"footnotes":"","jetpack_publicize_message":"","jetpack_publicize_feature_enabled":true,"jetpack_social_post_already_shared":true,"jetpack_social_options":{"image_generator_settings":{"template":"highway","default_image_id":0,"font":"","enabled":false},"version":2},"_wpas_customize_per_network":false},"categories":[23],"tags":[47,7044,8796],"class_list":["post-134818","post","type-post","status-publish","format-standard","has-post-thumbnail","hentry","category-educacion","tag-educacion-2","tag-fines","tag-secundario","generate-columns","tablet-grid-50","mobile-grid-100","grid-parent","grid-50"],"jetpack_publicize_connections":[],"jetpack_featured_media_url":"https:\/\/www.hoymercedes.com.ar\/principal\/wp-content\/uploads\/2020\/06\/20-fines-secundaria.jpg","wps_subtitle":"Terminar los estudios obligatorios","jetpack_sharing_enabled":true,"_links":{"self":[{"href":"https:\/\/www.hoymercedes.com.ar\/principal\/wp-json\/wp\/v2\/posts\/134818","targetHints":{"allow":["GET"]}}],"collection":[{"href":"https:\/\/www.hoymercedes.com.ar\/principal\/wp-json\/wp\/v2\/posts"}],"about":[{"href":"https:\/\/www.hoymercedes.com.ar\/principal\/wp-json\/wp\/v2\/types\/post"}],"author":[{"embeddable":true,"href":"https:\/\/www.hoymercedes.com.ar\/principal\/wp-json\/wp\/v2\/users\/1"}],"replies":[{"embeddable":true,"href":"https:\/\/www.hoymercedes.com.ar\/principal\/wp-json\/wp\/v2\/comments?post=134818"}],"version-history":[{"count":0,"href":"https:\/\/www.hoymercedes.com.ar\/principal\/wp-json\/wp\/v2\/posts\/134818\/revisions"}],"wp:featuredmedia":[{"embeddable":true,"href":"https:\/\/www.hoymercedes.com.ar\/principal\/wp-json\/wp\/v2\/media\/112413"}],"wp:attachment":[{"href":"https:\/\/www.hoymercedes.com.ar\/principal\/wp-json\/wp\/v2\/media?parent=134818"}],"wp:term":[{"taxonomy":"category","embeddable":true,"href":"https:\/\/www.hoymercedes.com.ar\/principal\/wp-json\/wp\/v2\/categories?post=134818"},{"taxonomy":"post_tag","embeddable":true,"href":"https:\/\/www.hoymercedes.com.ar\/principal\/wp-json\/wp\/v2\/tags?post=134818"}],"curies":[{"name":"wp","href":"https:\/\/api.w.org\/{rel}","templated":true}]}}