{"id":134863,"date":"2021-08-07T12:30:00","date_gmt":"2021-08-07T15:30:00","guid":{"rendered":"https:\/\/www.hoymercedes.com.ar\/principal\/?p=134863"},"modified":"2021-08-07T12:50:12","modified_gmt":"2021-08-07T15:50:12","slug":"ponen-en-marcha-red-reanimar","status":"publish","type":"post","link":"https:\/\/www.hoymercedes.com.ar\/principal\/2021\/08\/07\/ponen-en-marcha-red-reanimar\/","title":{"rendered":"Ponen en marcha \u00abRed Reanimar\u00bb"},"content":{"rendered":"\n<p>Se puso en marcha un proyecto que busca capacitar a los vecinos, de manera gratuita, en las maniobras de primeros auxilios. Se trata de la Red Reanimar. La propuesta se iniciar\u00e1 con la capacitaci\u00f3n a los trabajadores gastron\u00f3micos, para luego llegar a las escuelas e instituciones de la comunidad, as\u00ed como de disponer de un d\u00eda y horario fijo para que los vecinos se acerquen a capacitarse, principalmente, en las maniobras de RCP. <\/p>\n\n\n\n<div class=\"wp-block-image\"><figure class=\"aligncenter size-full\"><img loading=\"lazy\" decoding=\"async\" width=\"829\" height=\"428\" data-attachment-id=\"134864\" data-permalink=\"https:\/\/www.hoymercedes.com.ar\/principal\/2021\/08\/07\/ponen-en-marcha-red-reanimar\/whatsapp-image-2021-08-07-at-11-39-07\/#main\" data-orig-file=\"https:\/\/www.hoymercedes.com.ar\/principal\/wp-content\/uploads\/2021\/08\/WhatsApp-Image-2021-08-07-at-11.39.07.jpeg\" data-orig-size=\"829,428\" data-comments-opened=\"0\" data-image-meta=\"{&quot;aperture&quot;:&quot;0&quot;,&quot;credit&quot;:&quot;&quot;,&quot;camera&quot;:&quot;&quot;,&quot;caption&quot;:&quot;&quot;,&quot;created_timestamp&quot;:&quot;1628336660&quot;,&quot;copyright&quot;:&quot;&quot;,&quot;focal_length&quot;:&quot;0&quot;,&quot;iso&quot;:&quot;0&quot;,&quot;shutter_speed&quot;:&quot;0&quot;,&quot;title&quot;:&quot;&quot;,&quot;orientation&quot;:&quot;1&quot;}\" data-image-title=\"Dematei Avalle\" data-image-description=\"\" data-image-caption=\"\" data-large-file=\"https:\/\/www.hoymercedes.com.ar\/principal\/wp-content\/uploads\/2021\/08\/WhatsApp-Image-2021-08-07-at-11.39.07.jpeg\" src=\"https:\/\/www.hoymercedes.com.ar\/principal\/wp-content\/uploads\/2021\/08\/WhatsApp-Image-2021-08-07-at-11.39.07.jpeg\" alt=\"\" class=\"wp-image-134864\" srcset=\"https:\/\/www.hoymercedes.com.ar\/principal\/wp-content\/uploads\/2021\/08\/WhatsApp-Image-2021-08-07-at-11.39.07.jpeg 829w, https:\/\/www.hoymercedes.com.ar\/principal\/wp-content\/uploads\/2021\/08\/WhatsApp-Image-2021-08-07-at-11.39.07-630x325.jpeg 630w, https:\/\/www.hoymercedes.com.ar\/principal\/wp-content\/uploads\/2021\/08\/WhatsApp-Image-2021-08-07-at-11.39.07-150x77.jpeg 150w\" sizes=\"auto, (max-width: 829px) 100vw, 829px\" \/><figcaption>Parte del equipo de Red Reanimar que integran Mat\u00edas Dematei, Mart\u00edn Avalle y Cristian Paglieri<\/figcaption><\/figure><\/div>\n\n\n\n<p>Mat\u00edas Dematei, Mart\u00edn Avalle y Cristian Paglierir, encabezan el equipo que integran enfermeros, bomberos, trabajadores del SAME y voluntarios, que llevan adelante el armado de Red Reanimar. El titular del HCD que de profesi\u00f3n es enfermero explic\u00f3 que el equipo que integran la Red va a capacitar, de manera voluntaria y gratuitamente a todos los que quieran estar preparados para esas situaciones de emergencia. \u00abMientras m\u00e1s seamos los que estemos capacitados, m\u00e1s posibilidades de ayudarmos tenemos\u00bb, resalt\u00f3 Dematei. <\/p>\n\n\n\n<p>\u00abNuestra labor nos hace ver d\u00eda a d\u00eda de la importantancia y de lo necesario que es, como sociedad, que seamos muchos. El objetivo es que en cada cuadra de la ciudad, por lo menos, una persona est\u00e9 preparada. Ser solidarios nos hace bien como ciudad y prepararnos para salvar vidas es un acto de amor. El mundo se volvio muy individualista y en una ciudad como la nuestra sabemos que los v\u00ednculos son diferentes. M\u00e1s cercanos, todos nos conocemos, todos nos saludamos en cada caminar por estas calles. Nunca sabemos cuando pueda pasar y ojal\u00e1 sea nunca. Pero estos episodios card\u00edacos ocurren y cada d\u00eda m\u00e1s. Todos somos muy \u00fatiles en estos casos. No solamemte quien hace la maniobra, tambi\u00e9n el que llama al servicio de emergencia y el que colabora en la escena. Por eso la idea es formar una gran red en la ciudad\u00bb, agreg\u00f3 Dematei que adem\u00e1s cumple funciones en el SAME Mercedes. <\/p>\n\n\n\n<p>La Red Reanimar se arm\u00f3 pensando en una red civil y solidario. Con la idea de ayudar a otra persona hasta que llegue la emergencia y personal especializado en salud. \u00abLa solidaridad es el camino y Red Reanimar es solidaridad, compromiso y amor. Entre todos es mejor\u00bb, destacan. <\/p>\n\n\n\n<p>Finalmente, los impulsores de la propuesta cuentan que en los pr\u00f3ximos d\u00edas dar\u00e1n capacitaci\u00f3n a los trabajadores gastron\u00f3micos. Aunque tambi\u00e9n buscan capacitar a las personas e instituciones interesadas en la capacitaci\u00f3n en primeros auxilios. \u00abIremos donde nos requieran\u00bb, dijeron y aclararon que planean disponer de un d\u00eda a la semana, horario, y espacio fijo para dar la capacitaci\u00f3n a todos los vecinos que quieran sumarse a la red. \u00abNo importa si es una o 20 personas. Se va a hacer igual\u00bb, agregan. <\/p>\n","protected":false},"excerpt":{"rendered":"<p>Se puso en marcha un proyecto que busca capacitar a los vecinos, de manera gratuita, en las maniobras de primeros &#8230; <a title=\"Ponen en marcha \u00abRed Reanimar\u00bb\" class=\"read-more\" href=\"https:\/\/www.hoymercedes.com.ar\/principal\/2021\/08\/07\/ponen-en-marcha-red-reanimar\/\" aria-label=\"Leer m\u00e1s sobre Ponen en marcha \u00abRed Reanimar\u00bb\">Leer m\u00e1s<\/a><\/p>\n","protected":false},"author":1,"featured_media":134865,"comment_status":"closed","ping_status":"open","sticky":false,"template":"","format":"standard","meta":{"_monsterinsights_skip_tracking":false,"_monsterinsights_sitenote_active":false,"_monsterinsights_sitenote_note":"","_monsterinsights_sitenote_category":0,"jetpack_post_was_ever_published":false,"_jetpack_newsletter_access":"","_jetpack_dont_email_post_to_subs":false,"_jetpack_newsletter_tier_id":0,"_jetpack_memberships_contains_paywalled_content":false,"_jetpack_memberships_contains_paid_content":false,"footnotes":"","jetpack_publicize_message":"","jetpack_publicize_feature_enabled":true,"jetpack_social_post_already_shared":true,"jetpack_social_options":{"image_generator_settings":{"template":"highway","default_image_id":0,"font":"","enabled":false},"version":2},"_wpas_customize_per_network":false},"categories":[8],"tags":[8656,9919,134],"class_list":["post-134863","post","type-post","status-publish","format-standard","has-post-thumbnail","hentry","category-sociedad","tag-capacitacion","tag-primeros-auxilios","tag-salud","generate-columns","tablet-grid-50","mobile-grid-100","grid-parent","grid-50"],"jetpack_publicize_connections":[],"jetpack_featured_media_url":"https:\/\/www.hoymercedes.com.ar\/principal\/wp-content\/uploads\/2021\/08\/WhatsApp-Image-2021-08-07-at-10.06.11.jpeg","wps_subtitle":"Capacitaci\u00f3n en primeros auxilios","jetpack_sharing_enabled":true,"_links":{"self":[{"href":"https:\/\/www.hoymercedes.com.ar\/principal\/wp-json\/wp\/v2\/posts\/134863","targetHints":{"allow":["GET"]}}],"collection":[{"href":"https:\/\/www.hoymercedes.com.ar\/principal\/wp-json\/wp\/v2\/posts"}],"about":[{"href":"https:\/\/www.hoymercedes.com.ar\/principal\/wp-json\/wp\/v2\/types\/post"}],"author":[{"embeddable":true,"href":"https:\/\/www.hoymercedes.com.ar\/principal\/wp-json\/wp\/v2\/users\/1"}],"replies":[{"embeddable":true,"href":"https:\/\/www.hoymercedes.com.ar\/principal\/wp-json\/wp\/v2\/comments?post=134863"}],"version-history":[{"count":0,"href":"https:\/\/www.hoymercedes.com.ar\/principal\/wp-json\/wp\/v2\/posts\/134863\/revisions"}],"wp:featuredmedia":[{"embeddable":true,"href":"https:\/\/www.hoymercedes.com.ar\/principal\/wp-json\/wp\/v2\/media\/134865"}],"wp:attachment":[{"href":"https:\/\/www.hoymercedes.com.ar\/principal\/wp-json\/wp\/v2\/media?parent=134863"}],"wp:term":[{"taxonomy":"category","embeddable":true,"href":"https:\/\/www.hoymercedes.com.ar\/principal\/wp-json\/wp\/v2\/categories?post=134863"},{"taxonomy":"post_tag","embeddable":true,"href":"https:\/\/www.hoymercedes.com.ar\/principal\/wp-json\/wp\/v2\/tags?post=134863"}],"curies":[{"name":"wp","href":"https:\/\/api.w.org\/{rel}","templated":true}]}}