{"id":135039,"date":"2021-08-10T17:01:43","date_gmt":"2021-08-10T20:01:43","guid":{"rendered":"https:\/\/www.hoymercedes.com.ar\/principal\/?p=135039"},"modified":"2021-08-10T17:01:54","modified_gmt":"2021-08-10T20:01:54","slug":"dos-detenidos-sindicados-de-intento-de-estafas","status":"publish","type":"post","link":"https:\/\/www.hoymercedes.com.ar\/principal\/2021\/08\/10\/dos-detenidos-sindicados-de-intento-de-estafas\/","title":{"rendered":"Dos detenidos sindicados de intento de estafas"},"content":{"rendered":"\n<p>En horas de la madrugada de este martes 10 de agosto, se produjo la detenci\u00f3n de dos presuntos delincuentes sindicados como los responsables de intento de estafa, bajo la modalidad de secuestro extorsivo en la ciudad de Suipacha. <\/p>\n\n\n\n<p>En las primeras horas de esta jornada, dos vecinas fueron llamadas por tel\u00e9fono, en donde malvivientes argumentaban tener secuestrados a alguno de sus familiares, exigiendo la entrega de dinero para su liberaci\u00f3n. Las v\u00edctimas se percataron de la maniobra fraudulenta, cortando inmediatamente la comunicaci\u00f3n y luego de verificar que sus familiares no hab\u00edan sufrido ning\u00fan inconveniente, dieron aviso a la polic\u00eda. <\/p>\n\n\n\n<p>De inmediato personal de Polic\u00eda Comunal y guardia urbana con el apoyo del Centro de Monitoreo local, logran detectar un veh\u00edculo ajeno a la localidad, que en el mismo horario en que se efectuaran las llamadas extorsivas circulaba en forma sospechosa pasando frente a los domicilios de las v\u00edctimas. Siendo as\u00ed, que basada en estos datos y con las im\u00e1genes suministradas , la polic\u00eda intercepta un autom\u00f3vil Renault Kwid , color crema, en donde se desplazaba una joven pareja.<\/p>\n\n\n\n<p>Detuvieron a la pareja y en el veh\u00edculo encontraron importante cantidad de dinero en efectivo, memorias y chips telef\u00f3nicos. Los detenidos son una mujer de 23 a\u00f1os y un var\u00f3n 29, ambos domiciliados en Ciudadela. Se encuentran en la comisar\u00eda de la vecina localidad, a la espera de la resoluci\u00f3n judicial.<\/p>\n\n\n\n<p>Intervino Centro de Monitoreo, Polic\u00eda Comunal y Guardia Urbana de Suipacha.<\/p>\n\n\n\n<p>Colaboraci\u00f3n: Jorge Lasala de Suipacha<\/p>\n\n\n\n<div class=\"wp-block-image\"><figure class=\"aligncenter size-full\"><img loading=\"lazy\" decoding=\"async\" width=\"800\" height=\"533\" data-attachment-id=\"135040\" data-permalink=\"https:\/\/www.hoymercedes.com.ar\/principal\/2021\/08\/10\/dos-detenidos-sindicados-de-intento-de-estafas\/10-secuestro-suipacha\/#main\" data-orig-file=\"https:\/\/www.hoymercedes.com.ar\/principal\/wp-content\/uploads\/2021\/08\/10-secuestro-suipacha.jpg\" data-orig-size=\"800,533\" data-comments-opened=\"0\" data-image-meta=\"{&quot;aperture&quot;:&quot;0&quot;,&quot;credit&quot;:&quot;&quot;,&quot;camera&quot;:&quot;&quot;,&quot;caption&quot;:&quot;&quot;,&quot;created_timestamp&quot;:&quot;1628613732&quot;,&quot;copyright&quot;:&quot;&quot;,&quot;focal_length&quot;:&quot;0&quot;,&quot;iso&quot;:&quot;0&quot;,&quot;shutter_speed&quot;:&quot;0&quot;,&quot;title&quot;:&quot;&quot;,&quot;orientation&quot;:&quot;1&quot;}\" data-image-title=\"10 secuestro suipacha\" data-image-description=\"\" data-image-caption=\"\" data-large-file=\"https:\/\/www.hoymercedes.com.ar\/principal\/wp-content\/uploads\/2021\/08\/10-secuestro-suipacha.jpg\" src=\"https:\/\/www.hoymercedes.com.ar\/principal\/wp-content\/uploads\/2021\/08\/10-secuestro-suipacha.jpg\" alt=\"\" class=\"wp-image-135040\" srcset=\"https:\/\/www.hoymercedes.com.ar\/principal\/wp-content\/uploads\/2021\/08\/10-secuestro-suipacha.jpg 800w, https:\/\/www.hoymercedes.com.ar\/principal\/wp-content\/uploads\/2021\/08\/10-secuestro-suipacha-630x420.jpg 630w, https:\/\/www.hoymercedes.com.ar\/principal\/wp-content\/uploads\/2021\/08\/10-secuestro-suipacha-150x100.jpg 150w, https:\/\/www.hoymercedes.com.ar\/principal\/wp-content\/uploads\/2021\/08\/10-secuestro-suipacha-700x465.jpg 700w\" sizes=\"auto, (max-width: 800px) 100vw, 800px\" \/><\/figure><\/div>\n","protected":false},"excerpt":{"rendered":"<p>En horas de la madrugada de este martes 10 de agosto, se produjo la detenci\u00f3n de dos presuntos delincuentes sindicados &#8230; <a title=\"Dos detenidos sindicados de intento de estafas\" class=\"read-more\" href=\"https:\/\/www.hoymercedes.com.ar\/principal\/2021\/08\/10\/dos-detenidos-sindicados-de-intento-de-estafas\/\" aria-label=\"Leer m\u00e1s sobre Dos detenidos sindicados de intento de estafas\">Leer m\u00e1s<\/a><\/p>\n","protected":false},"author":1,"featured_media":135040,"comment_status":"closed","ping_status":"open","sticky":false,"template":"","format":"standard","meta":{"_monsterinsights_skip_tracking":false,"_monsterinsights_sitenote_active":false,"_monsterinsights_sitenote_note":"","_monsterinsights_sitenote_category":0,"jetpack_post_was_ever_published":false,"_jetpack_newsletter_access":"","_jetpack_dont_email_post_to_subs":false,"_jetpack_newsletter_tier_id":0,"_jetpack_memberships_contains_paywalled_content":false,"_jetpack_memberships_contains_paid_content":false,"footnotes":"","jetpack_publicize_message":"","jetpack_publicize_feature_enabled":true,"jetpack_social_post_already_shared":true,"jetpack_social_options":{"image_generator_settings":{"template":"highway","default_image_id":0,"font":"","enabled":false},"version":2},"_wpas_customize_per_network":false},"categories":[85],"tags":[96,9322,559],"class_list":["post-135039","post","type-post","status-publish","format-standard","has-post-thumbnail","hentry","category-policial","tag-policial-2","tag-region","tag-suipacha","generate-columns","tablet-grid-50","mobile-grid-100","grid-parent","grid-50"],"jetpack_publicize_connections":[],"jetpack_featured_media_url":"https:\/\/www.hoymercedes.com.ar\/principal\/wp-content\/uploads\/2021\/08\/10-secuestro-suipacha.jpg","wps_subtitle":"En Suipacha","jetpack_sharing_enabled":true,"_links":{"self":[{"href":"https:\/\/www.hoymercedes.com.ar\/principal\/wp-json\/wp\/v2\/posts\/135039","targetHints":{"allow":["GET"]}}],"collection":[{"href":"https:\/\/www.hoymercedes.com.ar\/principal\/wp-json\/wp\/v2\/posts"}],"about":[{"href":"https:\/\/www.hoymercedes.com.ar\/principal\/wp-json\/wp\/v2\/types\/post"}],"author":[{"embeddable":true,"href":"https:\/\/www.hoymercedes.com.ar\/principal\/wp-json\/wp\/v2\/users\/1"}],"replies":[{"embeddable":true,"href":"https:\/\/www.hoymercedes.com.ar\/principal\/wp-json\/wp\/v2\/comments?post=135039"}],"version-history":[{"count":0,"href":"https:\/\/www.hoymercedes.com.ar\/principal\/wp-json\/wp\/v2\/posts\/135039\/revisions"}],"wp:featuredmedia":[{"embeddable":true,"href":"https:\/\/www.hoymercedes.com.ar\/principal\/wp-json\/wp\/v2\/media\/135040"}],"wp:attachment":[{"href":"https:\/\/www.hoymercedes.com.ar\/principal\/wp-json\/wp\/v2\/media?parent=135039"}],"wp:term":[{"taxonomy":"category","embeddable":true,"href":"https:\/\/www.hoymercedes.com.ar\/principal\/wp-json\/wp\/v2\/categories?post=135039"},{"taxonomy":"post_tag","embeddable":true,"href":"https:\/\/www.hoymercedes.com.ar\/principal\/wp-json\/wp\/v2\/tags?post=135039"}],"curies":[{"name":"wp","href":"https:\/\/api.w.org\/{rel}","templated":true}]}}