{"id":135099,"date":"2021-08-11T18:47:00","date_gmt":"2021-08-11T21:47:00","guid":{"rendered":"https:\/\/www.hoymercedes.com.ar\/principal\/?p=135099"},"modified":"2021-08-11T20:58:59","modified_gmt":"2021-08-11T23:58:59","slug":"nueva-sala-de-exposicion-en-el-udaondo","status":"publish","type":"post","link":"https:\/\/www.hoymercedes.com.ar\/principal\/2021\/08\/11\/nueva-sala-de-exposicion-en-el-udaondo\/","title":{"rendered":"Nueva sala de exposici\u00f3n en el Udaondo"},"content":{"rendered":"\n<p>\u00abVida Gaucha\u00bb es una nueva sala de exposici\u00f3n dedicada al gaucho y a su importancia en la cultura y la historia nacional. El espacio podr\u00e1 visitarse desde el jueves 12 de agosto, con reserva previa y bajo protocolos sanitarios.<\/p>\n\n\n\n<p>El Complejo Museogr\u00e1fico Provincial Enrique Udaondo de Luj\u00e1n invita aconocer su nuevo espacio de exposici\u00f3n: Vida Gaucha. En el marco del A\u00f1o del Bicentenario de Mart\u00edn Miguel de G\u00fcemes, la exhibici\u00f3n aborda la figura del gaucho desde distintas perspectivas, profundizando en su relaci\u00f3n con la historia, la cultura y la tradici\u00f3n nacional y podr\u00e1 visitarse a partir del 12 de agosto. Esta propuesta formaparte de la agenda de actividades organizadas por el Ministerio de Producci\u00f3n, Ciencia e Innovaci\u00f3n Tecnol\u00f3gica de la Provincia de Buenos Aires.<\/p>\n\n\n\n<p>Vida Gaucha presenta el recorrido del gaucho a trav\u00e9s de la historia argentina delsiglo XVIII y XIX. La exposici\u00f3n recorre diferentes ejes tem\u00e1ticos, como su libertad en relaci\u00f3n con la inmensidad de la llanura pampeana, la familia y el rol de la mujer, la diversi\u00f3n y el trabajo. Tambi\u00e9n hay un espacio dedicado a las artes pl\u00e1sticas y literarias y al cine argentino. El gaucho que reconstruye esta sala es uno de los s\u00edmbolos de nuestra naci\u00f3n y no est\u00e1 vinculado a una condici\u00f3n social, sino a una forma de pensar y a una actitud ante la vida.<\/p>\n\n\n\n<p>El Complejo Museogr\u00e1fico Provincial Enrique Udaondo permanecer\u00e1 abierto jueves y viernes de 9 a 15 hs, y s\u00e1bados, domingos y feriados de 11 a 17 hs. Eli ngreso ser\u00e1 con inscripci\u00f3n previa y cupos limitados. Las reservas se realizan completando un formulario (<a href=\"https:\/\/docs.google.com\/forms\/d\/e\/1FAIpQLScs_3tocOGY-HtFcMoqN_DsEFak2IaiMTjClqqbYtrg3GxoJw\/viewform\" data-type=\"URL\" data-id=\"https:\/\/docs.google.com\/forms\/d\/e\/1FAIpQLScs_3tocOGY-HtFcMoqN_DsEFak2IaiMTjClqqbYtrg3GxoJw\/viewform\" target=\"_blank\" rel=\"noreferrer noopener\">hacer click aqu\u00ed<\/a>).<\/p>\n\n\n\n<p>El aforo de ocupaci\u00f3n del espacio, seg\u00fan las disposiciones sanitarias vigentes para Fase 4, es de un 50%, pudi\u00e9ndose ampliar hasta un 20% m\u00e1s con personas que acrediten haber recibido al menos la primera dosis de la vacuna. Los visitantes deber\u00e1n acreditar su vacunaci\u00f3n a trav\u00e9s de aplicaciones para tel\u00e9fonos m\u00f3viles, como Vacunate PBA o Mi Argentina, o bien mediante el certificado o la credencial de vacunaci\u00f3n emitida por la Provincia de Buenos Aires u otra jurisdicci\u00f3n competente.<\/p>\n\n\n\n<div class=\"wp-block-image\"><figure class=\"aligncenter size-full\"><img loading=\"lazy\" decoding=\"async\" width=\"800\" height=\"800\" data-attachment-id=\"135103\" data-permalink=\"https:\/\/www.hoymercedes.com.ar\/principal\/2021\/08\/11\/nueva-sala-de-exposicion-en-el-udaondo\/uda-sala-gaucha_feed-sin-marcas-2\/#main\" data-orig-file=\"https:\/\/www.hoymercedes.com.ar\/principal\/wp-content\/uploads\/2021\/08\/UDA-Sala-Gaucha_FEED-SIN-MARCAS-1.png\" data-orig-size=\"800,800\" data-comments-opened=\"0\" data-image-meta=\"{&quot;aperture&quot;:&quot;0&quot;,&quot;credit&quot;:&quot;&quot;,&quot;camera&quot;:&quot;&quot;,&quot;caption&quot;:&quot;&quot;,&quot;created_timestamp&quot;:&quot;0&quot;,&quot;copyright&quot;:&quot;&quot;,&quot;focal_length&quot;:&quot;0&quot;,&quot;iso&quot;:&quot;0&quot;,&quot;shutter_speed&quot;:&quot;0&quot;,&quot;title&quot;:&quot;&quot;,&quot;orientation&quot;:&quot;0&quot;}\" data-image-title=\"UDA &amp;#8211; Sala Gaucha_FEED SIN MARCAS\" data-image-description=\"\" data-image-caption=\"\" data-large-file=\"https:\/\/www.hoymercedes.com.ar\/principal\/wp-content\/uploads\/2021\/08\/UDA-Sala-Gaucha_FEED-SIN-MARCAS-1.png\" src=\"https:\/\/www.hoymercedes.com.ar\/principal\/wp-content\/uploads\/2021\/08\/UDA-Sala-Gaucha_FEED-SIN-MARCAS-1.png\" alt=\"\" class=\"wp-image-135103\" srcset=\"https:\/\/www.hoymercedes.com.ar\/principal\/wp-content\/uploads\/2021\/08\/UDA-Sala-Gaucha_FEED-SIN-MARCAS-1.png 800w, https:\/\/www.hoymercedes.com.ar\/principal\/wp-content\/uploads\/2021\/08\/UDA-Sala-Gaucha_FEED-SIN-MARCAS-1-620x620.png 620w, https:\/\/www.hoymercedes.com.ar\/principal\/wp-content\/uploads\/2021\/08\/UDA-Sala-Gaucha_FEED-SIN-MARCAS-1-150x150.png 150w\" sizes=\"auto, (max-width: 800px) 100vw, 800px\" \/><\/figure><\/div>\n","protected":false},"excerpt":{"rendered":"<p>\u00abVida Gaucha\u00bb es una nueva sala de exposici\u00f3n dedicada al gaucho y a su importancia en la cultura y la &#8230; <a title=\"Nueva sala de exposici\u00f3n en el Udaondo\" class=\"read-more\" href=\"https:\/\/www.hoymercedes.com.ar\/principal\/2021\/08\/11\/nueva-sala-de-exposicion-en-el-udaondo\/\" aria-label=\"Leer m\u00e1s sobre Nueva sala de exposici\u00f3n en el Udaondo\">Leer m\u00e1s<\/a><\/p>\n","protected":false},"author":1,"featured_media":135103,"comment_status":"closed","ping_status":"open","sticky":false,"template":"","format":"standard","meta":{"_monsterinsights_skip_tracking":false,"_monsterinsights_sitenote_active":false,"_monsterinsights_sitenote_note":"","_monsterinsights_sitenote_category":0,"jetpack_post_was_ever_published":false,"_jetpack_newsletter_access":"","_jetpack_dont_email_post_to_subs":false,"_jetpack_newsletter_tier_id":0,"_jetpack_memberships_contains_paywalled_content":false,"_jetpack_memberships_contains_paid_content":false,"footnotes":"","jetpack_publicize_message":"","jetpack_publicize_feature_enabled":true,"jetpack_social_post_already_shared":true,"jetpack_social_options":{"image_generator_settings":{"template":"highway","default_image_id":0,"font":"","enabled":false},"version":2},"_wpas_customize_per_network":false},"categories":[104],"tags":[17962,1057],"class_list":["post-135099","post","type-post","status-publish","format-standard","has-post-thumbnail","hentry","category-cultura","tag-museos","tag-regional","generate-columns","tablet-grid-50","mobile-grid-100","grid-parent","grid-50"],"jetpack_publicize_connections":[],"jetpack_featured_media_url":"https:\/\/www.hoymercedes.com.ar\/principal\/wp-content\/uploads\/2021\/08\/UDA-Sala-Gaucha_FEED-SIN-MARCAS-1.png","wps_subtitle":"Sala Vida Gaucha","jetpack_sharing_enabled":true,"_links":{"self":[{"href":"https:\/\/www.hoymercedes.com.ar\/principal\/wp-json\/wp\/v2\/posts\/135099","targetHints":{"allow":["GET"]}}],"collection":[{"href":"https:\/\/www.hoymercedes.com.ar\/principal\/wp-json\/wp\/v2\/posts"}],"about":[{"href":"https:\/\/www.hoymercedes.com.ar\/principal\/wp-json\/wp\/v2\/types\/post"}],"author":[{"embeddable":true,"href":"https:\/\/www.hoymercedes.com.ar\/principal\/wp-json\/wp\/v2\/users\/1"}],"replies":[{"embeddable":true,"href":"https:\/\/www.hoymercedes.com.ar\/principal\/wp-json\/wp\/v2\/comments?post=135099"}],"version-history":[{"count":0,"href":"https:\/\/www.hoymercedes.com.ar\/principal\/wp-json\/wp\/v2\/posts\/135099\/revisions"}],"wp:featuredmedia":[{"embeddable":true,"href":"https:\/\/www.hoymercedes.com.ar\/principal\/wp-json\/wp\/v2\/media\/135103"}],"wp:attachment":[{"href":"https:\/\/www.hoymercedes.com.ar\/principal\/wp-json\/wp\/v2\/media?parent=135099"}],"wp:term":[{"taxonomy":"category","embeddable":true,"href":"https:\/\/www.hoymercedes.com.ar\/principal\/wp-json\/wp\/v2\/categories?post=135099"},{"taxonomy":"post_tag","embeddable":true,"href":"https:\/\/www.hoymercedes.com.ar\/principal\/wp-json\/wp\/v2\/tags?post=135099"}],"curies":[{"name":"wp","href":"https:\/\/api.w.org\/{rel}","templated":true}]}}