{"id":135106,"date":"2021-08-11T22:30:00","date_gmt":"2021-08-12T01:30:00","guid":{"rendered":"https:\/\/www.hoymercedes.com.ar\/principal\/?p=135106"},"modified":"2021-08-11T21:18:45","modified_gmt":"2021-08-12T00:18:45","slug":"sade-mercedes-entregara-los-premios-literarios-borges-2021","status":"publish","type":"post","link":"https:\/\/www.hoymercedes.com.ar\/principal\/2021\/08\/11\/sade-mercedes-entregara-los-premios-literarios-borges-2021\/","title":{"rendered":"SADE Mercedes entregar\u00e1 los premios literarios Borges 2021"},"content":{"rendered":"\n<p>El venidero jueves 26 de agosto, SADE Mercedes entregar\u00e1 los premios del certamen literario Borges 2021. Adem\u00e1s, presentar\u00e1 \u00abTempus de Borges\u00bb un libro que reune los textos de 49 escritores de todo el pa\u00eds que presentaron obras en el concurso de literatura. <\/p>\n\n\n\n<p>A partir de la hora 14 en La Pulper\u00eda de Cacho, ser\u00e1 la entrega a los ganadores de los Premios Literarios Borges. El Gran Premio \u201cJorge Luis Borges\u00bb fue para la obra g\u00e9nero Ensayo\u00a0\u201cDel Facundo a algunos cuentos de Borges,\u00a0hacia otra mirada del Gaucho\u201d\u00a0de\u00a0N\u00e9stor Marcelo Albarrac\u00edn (Capital Federal).\u00a0 El segundo premio en Ensayo lo recibir\u00e1 \u201cEl lento crep\u00fasculo\u201d de M\u00f3nica Petrillo (Chivilcoy).\u00a0<\/p>\n\n\n\n<p>En tanto, el Primer Premio en Poes\u00eda\u00a0hubo un empate entre las obras:\u00a0\u201cDeudor de mi ceguera\u201d de Stella Maris Rende (Teodolina, Santa Fe) y\u00a0\u201c Desde su pluma\u201d de Susana Masci (Chacabuco, Bs. As.).\u00a0<\/p>\n\n\n\n<p>El Primer Premio en Prosa es para\u00a0\u201cEl secreto de Borges\u201d de Fernando Pachiani (Mercedes, Bs. As.) y el segundo premio en Prosa lo recibe \u201cLuisito, el inspector de aves de corral\u201d\u00a0de Nicol\u00e1s Genovecio Luc\u00eda (Mercedes, Bs. As.).\u00a0<\/p>\n\n\n\n<p>Adem\u00e1s recibir\u00e1n premios especiales:\u00a0\u201cImaginando Borges\u201d (Poes\u00eda) de Rodolfo Ernesto Freire (Pirovano, Bs. As.),\u00a0\u201cDistante caminante\u201d (Poes\u00eda) &#8211; Agust\u00edn Ricardo Iribarne (Mercedes, Bs. As.) y\u00a0\u201cTu Aleph\u201d (Poes\u00eda) &#8211; Pablo Tapia (Mercedes, Bs. As.).<\/p>\n\n\n\n<p>El jurado estuvo integrado por Patricia Fran, Mar\u00eda Amelia Dinova Castro, Claudio P\u00e9rez, Jorge Citr\u00e1ngolo Casal y Juan Manuel Bories Maxwell. <\/p>\n\n\n\n<p>En el marco de la entrega de premios se presentar\u00e1 el libro que recopila las obras presentadas. El libro se titula \u00abTempus de Borges\u00bb y fue editado por Jorge Citr\u00e1ngolo Casal. <\/p>\n\n\n\n<div class=\"wp-block-image\"><figure class=\"aligncenter size-full\"><img loading=\"lazy\" decoding=\"async\" width=\"508\" height=\"800\" data-attachment-id=\"135110\" data-permalink=\"https:\/\/www.hoymercedes.com.ar\/principal\/2021\/08\/11\/sade-mercedes-entregara-los-premios-literarios-borges-2021\/libro-de-borges-2021-tempus-final-foto\/#main\" data-orig-file=\"https:\/\/www.hoymercedes.com.ar\/principal\/wp-content\/uploads\/2021\/08\/LIBRO-DE-BORGES-2021-Tempus-final-foto.jpg\" data-orig-size=\"508,800\" data-comments-opened=\"0\" data-image-meta=\"{&quot;aperture&quot;:&quot;0&quot;,&quot;credit&quot;:&quot;&quot;,&quot;camera&quot;:&quot;&quot;,&quot;caption&quot;:&quot;&quot;,&quot;created_timestamp&quot;:&quot;1628715222&quot;,&quot;copyright&quot;:&quot;&quot;,&quot;focal_length&quot;:&quot;0&quot;,&quot;iso&quot;:&quot;0&quot;,&quot;shutter_speed&quot;:&quot;0&quot;,&quot;title&quot;:&quot;&quot;,&quot;orientation&quot;:&quot;1&quot;}\" data-image-title=\"LIBRO DE BORGES 2021 Tempus final foto\" data-image-description=\"\" data-image-caption=\"\" data-large-file=\"https:\/\/www.hoymercedes.com.ar\/principal\/wp-content\/uploads\/2021\/08\/LIBRO-DE-BORGES-2021-Tempus-final-foto.jpg\" src=\"https:\/\/www.hoymercedes.com.ar\/principal\/wp-content\/uploads\/2021\/08\/LIBRO-DE-BORGES-2021-Tempus-final-foto.jpg\" alt=\"\" class=\"wp-image-135110\" srcset=\"https:\/\/www.hoymercedes.com.ar\/principal\/wp-content\/uploads\/2021\/08\/LIBRO-DE-BORGES-2021-Tempus-final-foto.jpg 508w, https:\/\/www.hoymercedes.com.ar\/principal\/wp-content\/uploads\/2021\/08\/LIBRO-DE-BORGES-2021-Tempus-final-foto-394x620.jpg 394w, https:\/\/www.hoymercedes.com.ar\/principal\/wp-content\/uploads\/2021\/08\/LIBRO-DE-BORGES-2021-Tempus-final-foto-95x150.jpg 95w\" sizes=\"auto, (max-width: 508px) 100vw, 508px\" \/><\/figure><\/div>\n","protected":false},"excerpt":{"rendered":"<p>El venidero jueves 26 de agosto, SADE Mercedes entregar\u00e1 los premios del certamen literario Borges 2021. Adem\u00e1s, presentar\u00e1 \u00abTempus de &#8230; <a title=\"SADE Mercedes entregar\u00e1 los premios literarios Borges 2021\" class=\"read-more\" href=\"https:\/\/www.hoymercedes.com.ar\/principal\/2021\/08\/11\/sade-mercedes-entregara-los-premios-literarios-borges-2021\/\" aria-label=\"Leer m\u00e1s sobre SADE Mercedes entregar\u00e1 los premios literarios Borges 2021\">Leer m\u00e1s<\/a><\/p>\n","protected":false},"author":1,"featured_media":135112,"comment_status":"closed","ping_status":"open","sticky":false,"template":"","format":"standard","meta":{"_monsterinsights_skip_tracking":false,"_monsterinsights_sitenote_active":false,"_monsterinsights_sitenote_note":"","_monsterinsights_sitenote_category":0,"jetpack_post_was_ever_published":false,"_jetpack_newsletter_access":"","_jetpack_dont_email_post_to_subs":false,"_jetpack_newsletter_tier_id":0,"_jetpack_memberships_contains_paywalled_content":false,"_jetpack_memberships_contains_paid_content":false,"footnotes":"","jetpack_publicize_message":"","jetpack_publicize_feature_enabled":true,"jetpack_social_post_already_shared":true,"jetpack_social_options":{"image_generator_settings":{"template":"highway","default_image_id":0,"font":"","enabled":false},"version":2},"_wpas_customize_per_network":false},"categories":[104],"tags":[7805,5148],"class_list":["post-135106","post","type-post","status-publish","format-standard","has-post-thumbnail","hentry","category-cultura","tag-cultura","tag-sade-mercedes","generate-columns","tablet-grid-50","mobile-grid-100","grid-parent","grid-50"],"jetpack_publicize_connections":[],"jetpack_featured_media_url":"https:\/\/www.hoymercedes.com.ar\/principal\/wp-content\/uploads\/2021\/08\/sade-mercedes.jpg","wps_subtitle":"Ser\u00e1 el jueves 26 en La Pulper\u00eda","jetpack_sharing_enabled":true,"_links":{"self":[{"href":"https:\/\/www.hoymercedes.com.ar\/principal\/wp-json\/wp\/v2\/posts\/135106","targetHints":{"allow":["GET"]}}],"collection":[{"href":"https:\/\/www.hoymercedes.com.ar\/principal\/wp-json\/wp\/v2\/posts"}],"about":[{"href":"https:\/\/www.hoymercedes.com.ar\/principal\/wp-json\/wp\/v2\/types\/post"}],"author":[{"embeddable":true,"href":"https:\/\/www.hoymercedes.com.ar\/principal\/wp-json\/wp\/v2\/users\/1"}],"replies":[{"embeddable":true,"href":"https:\/\/www.hoymercedes.com.ar\/principal\/wp-json\/wp\/v2\/comments?post=135106"}],"version-history":[{"count":0,"href":"https:\/\/www.hoymercedes.com.ar\/principal\/wp-json\/wp\/v2\/posts\/135106\/revisions"}],"wp:featuredmedia":[{"embeddable":true,"href":"https:\/\/www.hoymercedes.com.ar\/principal\/wp-json\/wp\/v2\/media\/135112"}],"wp:attachment":[{"href":"https:\/\/www.hoymercedes.com.ar\/principal\/wp-json\/wp\/v2\/media?parent=135106"}],"wp:term":[{"taxonomy":"category","embeddable":true,"href":"https:\/\/www.hoymercedes.com.ar\/principal\/wp-json\/wp\/v2\/categories?post=135106"},{"taxonomy":"post_tag","embeddable":true,"href":"https:\/\/www.hoymercedes.com.ar\/principal\/wp-json\/wp\/v2\/tags?post=135106"}],"curies":[{"name":"wp","href":"https:\/\/api.w.org\/{rel}","templated":true}]}}