{"id":135207,"date":"2021-08-13T18:52:00","date_gmt":"2021-08-13T21:52:00","guid":{"rendered":"https:\/\/www.hoymercedes.com.ar\/principal\/?p=135207"},"modified":"2021-08-13T20:01:06","modified_gmt":"2021-08-13T23:01:06","slug":"covid-en-el-pais-confirman-246-fallecimientos-y-8-472-nuevos-contagios","status":"publish","type":"post","link":"https:\/\/www.hoymercedes.com.ar\/principal\/2021\/08\/13\/covid-en-el-pais-confirman-246-fallecimientos-y-8-472-nuevos-contagios\/","title":{"rendered":"Covid en el pa\u00eds: confirman 246 fallecimientos y 8.472 nuevos contagios"},"content":{"rendered":"\n<p>El Ministerio de Salud de la Naci\u00f3n inform\u00f3 este viernes que se registraron 246 muertes y 8.472 nuevos contagios de coronavirus. Con estos datos, el total de casos desde el comienzo de la pandemia se elev\u00f3 a 5.074.725 y los fallecimientos son 108.815.<\/p>\n\n\n\n<div class=\"wp-block-image\"><figure class=\"aligncenter size-full is-resized\"><img decoding=\"async\" data-attachment-id=\"135208\" data-permalink=\"https:\/\/www.hoymercedes.com.ar\/principal\/img_20210813_191302\/\" data-orig-file=\"https:\/\/www.hoymercedes.com.ar\/principal\/wp-content\/uploads\/2021\/08\/IMG_20210813_191302.jpg\" data-orig-size=\"988,657\" data-comments-opened=\"0\" data-image-meta=\"{&quot;aperture&quot;:&quot;0&quot;,&quot;credit&quot;:&quot;&quot;,&quot;camera&quot;:&quot;&quot;,&quot;caption&quot;:&quot;&quot;,&quot;created_timestamp&quot;:&quot;0&quot;,&quot;copyright&quot;:&quot;&quot;,&quot;focal_length&quot;:&quot;0&quot;,&quot;iso&quot;:&quot;0&quot;,&quot;shutter_speed&quot;:&quot;0&quot;,&quot;title&quot;:&quot;&quot;,&quot;orientation&quot;:&quot;0&quot;}\" data-image-title=\"IMG_20210813_191302\" data-image-description=\"\" data-image-caption=\"\" data-large-file=\"https:\/\/www.hoymercedes.com.ar\/principal\/wp-content\/uploads\/2021\/08\/IMG_20210813_191302.jpg\" src=\"https:\/\/www.hoymercedes.com.ar\/principal\/wp-content\/uploads\/2021\/08\/IMG_20210813_191302.jpg\" alt=\"\" class=\"wp-image-135208\" width=\"-187\" height=\"-124\" srcset=\"https:\/\/www.hoymercedes.com.ar\/principal\/wp-content\/uploads\/2021\/08\/IMG_20210813_191302.jpg 988w, https:\/\/www.hoymercedes.com.ar\/principal\/wp-content\/uploads\/2021\/08\/IMG_20210813_191302-630x419.jpg 630w, https:\/\/www.hoymercedes.com.ar\/principal\/wp-content\/uploads\/2021\/08\/IMG_20210813_191302-150x100.jpg 150w, https:\/\/www.hoymercedes.com.ar\/principal\/wp-content\/uploads\/2021\/08\/IMG_20210813_191302-700x465.jpg 700w\" sizes=\"(max-width: 988px) 100vw, 988px\" \/><\/figure><\/div>\n\n\n\n<p>Del total de muertes reportadas este viernes, 139 son hombres (40 de la provincia de Buenos Aires, 3 de la ciudad de Buenos Aires, 5 de Chaco, 4 de Corrientes, 7 de C\u00f3rdoba, 1 de Entre R\u00edos, 8 de Formosa, 3 de Jujuy, 1 de La Pampa, 10 de Mendoza, 2 de Neuqu\u00e9n, 1 de R\u00edo Negro, 10 de Salta, 1 de San Juan, 3 de San Luis, 21 de Santa Fe, 3 de Santiago del Estero, 1 de Tierra del Fuego y 15 de Tucum\u00e1n) y 105 son mujeres (34 de la provincia de Buenos Aires, 7 de la ciudad de Buenos Aires, 4 de Chaco, 1 de Chubut, 5 de Corrientes, 2 de C\u00f3rdoba, 2 de Entre R\u00edos, 1 de Jujuy, 1 de La Rioja, 5 de Mendoza, 2 de Misiones, 1 de Neuqu\u00e9n, 1 de R\u00edo Negro, 3 de Salta, 3 de San Juan, 1 de San Luis, 2 de Santa Cruz, 19 de Santa Fe, 2 de Santiago del Estero y 9 de Tucum\u00e1n).<\/p>\n\n\n\n<figure class=\"wp-block-gallery aligncenter columns-2 is-cropped wp-block-gallery-1 is-layout-flex wp-block-gallery-is-layout-flex\"><ul class=\"blocks-gallery-grid\"><li class=\"blocks-gallery-item\"><figure><img loading=\"lazy\" decoding=\"async\" width=\"422\" height=\"300\" data-attachment-id=\"135214\" data-permalink=\"https:\/\/www.hoymercedes.com.ar\/principal\/img_20210813_195709\/\" data-orig-file=\"https:\/\/www.hoymercedes.com.ar\/principal\/wp-content\/uploads\/2021\/08\/IMG_20210813_195709.png\" data-orig-size=\"422,300\" data-comments-opened=\"0\" data-image-meta=\"{&quot;aperture&quot;:&quot;0&quot;,&quot;credit&quot;:&quot;&quot;,&quot;camera&quot;:&quot;&quot;,&quot;caption&quot;:&quot;&quot;,&quot;created_timestamp&quot;:&quot;0&quot;,&quot;copyright&quot;:&quot;&quot;,&quot;focal_length&quot;:&quot;0&quot;,&quot;iso&quot;:&quot;0&quot;,&quot;shutter_speed&quot;:&quot;0&quot;,&quot;title&quot;:&quot;&quot;,&quot;orientation&quot;:&quot;0&quot;}\" data-image-title=\"IMG_20210813_195709\" data-image-description=\"\" data-image-caption=\"\" data-large-file=\"https:\/\/www.hoymercedes.com.ar\/principal\/wp-content\/uploads\/2021\/08\/IMG_20210813_195709.png\" src=\"https:\/\/www.hoymercedes.com.ar\/principal\/wp-content\/uploads\/2021\/08\/IMG_20210813_195709.png\" alt=\"\" data-id=\"135214\" data-full-url=\"https:\/\/www.hoymercedes.com.ar\/principal\/wp-content\/uploads\/2021\/08\/IMG_20210813_195709.png\" data-link=\"https:\/\/www.hoymercedes.com.ar\/principal\/img_20210813_195709\/\" class=\"wp-image-135214\" srcset=\"https:\/\/www.hoymercedes.com.ar\/principal\/wp-content\/uploads\/2021\/08\/IMG_20210813_195709.png 422w, https:\/\/www.hoymercedes.com.ar\/principal\/wp-content\/uploads\/2021\/08\/IMG_20210813_195709-150x107.png 150w, https:\/\/www.hoymercedes.com.ar\/principal\/wp-content\/uploads\/2021\/08\/IMG_20210813_195709-120x85.png 120w\" sizes=\"auto, (max-width: 422px) 100vw, 422px\" \/><\/figure><\/li><li class=\"blocks-gallery-item\"><figure><img loading=\"lazy\" decoding=\"async\" width=\"422\" height=\"323\" data-attachment-id=\"135209\" data-permalink=\"https:\/\/www.hoymercedes.com.ar\/principal\/img_20210813_191313\/\" data-orig-file=\"https:\/\/www.hoymercedes.com.ar\/principal\/wp-content\/uploads\/2021\/08\/IMG_20210813_191313.png\" data-orig-size=\"422,323\" data-comments-opened=\"0\" data-image-meta=\"{&quot;aperture&quot;:&quot;0&quot;,&quot;credit&quot;:&quot;&quot;,&quot;camera&quot;:&quot;&quot;,&quot;caption&quot;:&quot;&quot;,&quot;created_timestamp&quot;:&quot;0&quot;,&quot;copyright&quot;:&quot;&quot;,&quot;focal_length&quot;:&quot;0&quot;,&quot;iso&quot;:&quot;0&quot;,&quot;shutter_speed&quot;:&quot;0&quot;,&quot;title&quot;:&quot;&quot;,&quot;orientation&quot;:&quot;0&quot;}\" data-image-title=\"IMG_20210813_191313\" data-image-description=\"\" data-image-caption=\"\" data-large-file=\"https:\/\/www.hoymercedes.com.ar\/principal\/wp-content\/uploads\/2021\/08\/IMG_20210813_191313.png\" src=\"https:\/\/www.hoymercedes.com.ar\/principal\/wp-content\/uploads\/2021\/08\/IMG_20210813_191313.png\" alt=\"\" data-id=\"135209\" data-full-url=\"https:\/\/www.hoymercedes.com.ar\/principal\/wp-content\/uploads\/2021\/08\/IMG_20210813_191313.png\" data-link=\"https:\/\/www.hoymercedes.com.ar\/principal\/img_20210813_191313\/\" class=\"wp-image-135209\" srcset=\"https:\/\/www.hoymercedes.com.ar\/principal\/wp-content\/uploads\/2021\/08\/IMG_20210813_191313.png 422w, https:\/\/www.hoymercedes.com.ar\/principal\/wp-content\/uploads\/2021\/08\/IMG_20210813_191313-150x115.png 150w\" sizes=\"auto, (max-width: 422px) 100vw, 422px\" \/><\/figure><\/li><\/ul><\/figure>\n\n\n\n<p>En relaci\u00f3n a los contagiados en las \u00faltimas 24 horas, la Provincia de Buenos Aires report\u00f3 1.999 casos, CABA 458, Catamarca 243, Chaco 190, Chubut 124, Corrientes 726, C\u00f3rdoba 1371, Entre R\u00edos 268, Formosa 126, Jujuy 117, La Pampa 150, La Rioja 144, Mendoza 250, Misiones 163, Neuqu\u00e9n 93, R\u00edo Negro 311, Salta 246, San Juan 150, San Luis 79, Santa Cruz 49, Santa Fe 624, Santiago del Estero 182, Tierra del Fuego 25 y Tucum\u00e1n 384 casos.<\/p>\n\n\n\n<div class=\"wp-block-image\"><figure class=\"aligncenter size-full\"><img loading=\"lazy\" decoding=\"async\" width=\"242\" height=\"665\" data-attachment-id=\"135210\" data-permalink=\"https:\/\/www.hoymercedes.com.ar\/principal\/img_20210813_191320\/\" data-orig-file=\"https:\/\/www.hoymercedes.com.ar\/principal\/wp-content\/uploads\/2021\/08\/IMG_20210813_191320.png\" data-orig-size=\"242,665\" data-comments-opened=\"0\" data-image-meta=\"{&quot;aperture&quot;:&quot;0&quot;,&quot;credit&quot;:&quot;&quot;,&quot;camera&quot;:&quot;&quot;,&quot;caption&quot;:&quot;&quot;,&quot;created_timestamp&quot;:&quot;0&quot;,&quot;copyright&quot;:&quot;&quot;,&quot;focal_length&quot;:&quot;0&quot;,&quot;iso&quot;:&quot;0&quot;,&quot;shutter_speed&quot;:&quot;0&quot;,&quot;title&quot;:&quot;&quot;,&quot;orientation&quot;:&quot;0&quot;}\" data-image-title=\"IMG_20210813_191320\" data-image-description=\"\" data-image-caption=\"\" data-large-file=\"https:\/\/www.hoymercedes.com.ar\/principal\/wp-content\/uploads\/2021\/08\/IMG_20210813_191320.png\" src=\"https:\/\/www.hoymercedes.com.ar\/principal\/wp-content\/uploads\/2021\/08\/IMG_20210813_191320.png\" alt=\"\" class=\"wp-image-135210\" srcset=\"https:\/\/www.hoymercedes.com.ar\/principal\/wp-content\/uploads\/2021\/08\/IMG_20210813_191320.png 242w, https:\/\/www.hoymercedes.com.ar\/principal\/wp-content\/uploads\/2021\/08\/IMG_20210813_191320-226x620.png 226w, https:\/\/www.hoymercedes.com.ar\/principal\/wp-content\/uploads\/2021\/08\/IMG_20210813_191320-55x150.png 55w\" sizes=\"auto, (max-width: 242px) 100vw, 242px\" \/><\/figure><\/div>\n\n\n\n<p><\/p>\n","protected":false},"excerpt":{"rendered":"<p>El Ministerio de Salud de la Naci\u00f3n inform\u00f3 este viernes que se registraron 246 muertes y 8.472 nuevos contagios de &#8230; <a title=\"Covid en el pa\u00eds: confirman 246 fallecimientos y 8.472 nuevos contagios\" class=\"read-more\" href=\"https:\/\/www.hoymercedes.com.ar\/principal\/2021\/08\/13\/covid-en-el-pais-confirman-246-fallecimientos-y-8-472-nuevos-contagios\/\" aria-label=\"Leer m\u00e1s sobre Covid en el pa\u00eds: confirman 246 fallecimientos y 8.472 nuevos contagios\">Leer m\u00e1s<\/a><\/p>\n","protected":false},"author":1,"featured_media":128077,"comment_status":"closed","ping_status":"open","sticky":false,"template":"","format":"standard","meta":{"_monsterinsights_skip_tracking":false,"_monsterinsights_sitenote_active":false,"_monsterinsights_sitenote_note":"","_monsterinsights_sitenote_category":0,"jetpack_post_was_ever_published":false,"_jetpack_newsletter_access":"","_jetpack_dont_email_post_to_subs":false,"_jetpack_newsletter_tier_id":0,"_jetpack_memberships_contains_paywalled_content":false,"_jetpack_memberships_contains_paid_content":false,"footnotes":"","jetpack_publicize_message":"","jetpack_publicize_feature_enabled":true,"jetpack_social_post_already_shared":true,"jetpack_social_options":{"image_generator_settings":{"template":"highway","default_image_id":0,"font":"","enabled":false},"version":2},"_wpas_customize_per_network":false},"categories":[17182],"tags":[16175,16313,15693],"class_list":["post-135207","post","type-post","status-publish","format-standard","has-post-thumbnail","hentry","category-nacion","tag-coronavirus","tag-covid-19","tag-informe-nacional","generate-columns","tablet-grid-50","mobile-grid-100","grid-parent","grid-50"],"jetpack_publicize_connections":[],"jetpack_featured_media_url":"https:\/\/www.hoymercedes.com.ar\/principal\/wp-content\/uploads\/2021\/04\/giphy.gif","wps_subtitle":"Informe nacional","jetpack_sharing_enabled":true,"_links":{"self":[{"href":"https:\/\/www.hoymercedes.com.ar\/principal\/wp-json\/wp\/v2\/posts\/135207","targetHints":{"allow":["GET"]}}],"collection":[{"href":"https:\/\/www.hoymercedes.com.ar\/principal\/wp-json\/wp\/v2\/posts"}],"about":[{"href":"https:\/\/www.hoymercedes.com.ar\/principal\/wp-json\/wp\/v2\/types\/post"}],"author":[{"embeddable":true,"href":"https:\/\/www.hoymercedes.com.ar\/principal\/wp-json\/wp\/v2\/users\/1"}],"replies":[{"embeddable":true,"href":"https:\/\/www.hoymercedes.com.ar\/principal\/wp-json\/wp\/v2\/comments?post=135207"}],"version-history":[{"count":0,"href":"https:\/\/www.hoymercedes.com.ar\/principal\/wp-json\/wp\/v2\/posts\/135207\/revisions"}],"wp:featuredmedia":[{"embeddable":true,"href":"https:\/\/www.hoymercedes.com.ar\/principal\/wp-json\/wp\/v2\/media\/128077"}],"wp:attachment":[{"href":"https:\/\/www.hoymercedes.com.ar\/principal\/wp-json\/wp\/v2\/media?parent=135207"}],"wp:term":[{"taxonomy":"category","embeddable":true,"href":"https:\/\/www.hoymercedes.com.ar\/principal\/wp-json\/wp\/v2\/categories?post=135207"},{"taxonomy":"post_tag","embeddable":true,"href":"https:\/\/www.hoymercedes.com.ar\/principal\/wp-json\/wp\/v2\/tags?post=135207"}],"curies":[{"name":"wp","href":"https:\/\/api.w.org\/{rel}","templated":true}]}}