{"id":135278,"date":"2021-08-14T18:12:45","date_gmt":"2021-08-14T21:12:45","guid":{"rendered":"https:\/\/www.hoymercedes.com.ar\/principal\/?p=135278"},"modified":"2021-08-14T18:12:51","modified_gmt":"2021-08-14T21:12:51","slug":"siniestro-vial-involucra-automovil-y-tren-con-asistencia-del-same","status":"publish","type":"post","link":"https:\/\/www.hoymercedes.com.ar\/principal\/2021\/08\/14\/siniestro-vial-involucra-automovil-y-tren-con-asistencia-del-same\/","title":{"rendered":"Siniestro vial involucra autom\u00f3vil y Tren con asistencia del SAME"},"content":{"rendered":"\n<p>&nbsp;Un siniestro vial entre un autom\u00f3vil conducido por un femenino acompa\u00f1ado por dos menores con un tren del ferrocarril Sarmiento requiri\u00f3 la actuaci\u00f3n del SAME. En el hecho, se supo extra oficialmente, no hubo v\u00edctimas fatales, pero las \u00e1reas de cuidado de la salud se hicieron presentes para dar atenciones en el lugar y evaluar traslados y distintas intervenciones.<\/p>\n\n\n\n<p>Seg\u00fan se supo, extra oficialmente, es algo muy \u201cmenor\u201d. La mayor de edad est\u00e1 en la guardia y las dos menores en excelente estado.<\/p>\n\n\n\n<p>-Ampliaremos &#8211;<\/p>\n\n\n\n<figure class=\"wp-block-image size-large is-resized\"><img loading=\"lazy\" decoding=\"async\" data-attachment-id=\"135279\" data-permalink=\"https:\/\/www.hoymercedes.com.ar\/principal\/2021\/08\/14\/siniestro-vial-involucra-automovil-y-tren-con-asistencia-del-same\/whatsapp-image-2021-08-14-at-17-48-37\/#main\" data-orig-file=\"https:\/\/www.hoymercedes.com.ar\/principal\/wp-content\/uploads\/2021\/08\/WhatsApp-Image-2021-08-14-at-17.48.37.jpeg\" data-orig-size=\"900,1364\" data-comments-opened=\"0\" data-image-meta=\"{&quot;aperture&quot;:&quot;0&quot;,&quot;credit&quot;:&quot;&quot;,&quot;camera&quot;:&quot;&quot;,&quot;caption&quot;:&quot;&quot;,&quot;created_timestamp&quot;:&quot;0&quot;,&quot;copyright&quot;:&quot;&quot;,&quot;focal_length&quot;:&quot;0&quot;,&quot;iso&quot;:&quot;0&quot;,&quot;shutter_speed&quot;:&quot;0&quot;,&quot;title&quot;:&quot;&quot;,&quot;orientation&quot;:&quot;0&quot;}\" data-image-title=\"WhatsApp-Image-2021-08-14-at-17.48.37\" data-image-description=\"\" data-image-caption=\"\" data-large-file=\"https:\/\/www.hoymercedes.com.ar\/principal\/wp-content\/uploads\/2021\/08\/WhatsApp-Image-2021-08-14-at-17.48.37-676x1024.jpeg\" src=\"https:\/\/www.hoymercedes.com.ar\/principal\/wp-content\/uploads\/2021\/08\/WhatsApp-Image-2021-08-14-at-17.48.37-676x1024.jpeg\" alt=\"\" class=\"wp-image-135279\" width=\"939\" height=\"1422\" srcset=\"https:\/\/www.hoymercedes.com.ar\/principal\/wp-content\/uploads\/2021\/08\/WhatsApp-Image-2021-08-14-at-17.48.37-676x1024.jpeg 676w, https:\/\/www.hoymercedes.com.ar\/principal\/wp-content\/uploads\/2021\/08\/WhatsApp-Image-2021-08-14-at-17.48.37-409x620.jpeg 409w, https:\/\/www.hoymercedes.com.ar\/principal\/wp-content\/uploads\/2021\/08\/WhatsApp-Image-2021-08-14-at-17.48.37-99x150.jpeg 99w, https:\/\/www.hoymercedes.com.ar\/principal\/wp-content\/uploads\/2021\/08\/WhatsApp-Image-2021-08-14-at-17.48.37.jpeg 900w\" sizes=\"auto, (max-width: 939px) 100vw, 939px\" \/><\/figure>\n","protected":false},"excerpt":{"rendered":"<p>&nbsp;Un siniestro vial entre un autom\u00f3vil conducido por un femenino acompa\u00f1ado por dos menores con un tren del ferrocarril Sarmiento &#8230; <a title=\"Siniestro vial involucra autom\u00f3vil y Tren con asistencia del SAME\" class=\"read-more\" href=\"https:\/\/www.hoymercedes.com.ar\/principal\/2021\/08\/14\/siniestro-vial-involucra-automovil-y-tren-con-asistencia-del-same\/\" aria-label=\"Leer m\u00e1s sobre Siniestro vial involucra autom\u00f3vil y Tren con asistencia del SAME\">Leer m\u00e1s<\/a><\/p>\n","protected":false},"author":1,"featured_media":135280,"comment_status":"closed","ping_status":"open","sticky":false,"template":"","format":"standard","meta":{"_monsterinsights_skip_tracking":false,"_monsterinsights_sitenote_active":false,"_monsterinsights_sitenote_note":"","_monsterinsights_sitenote_category":0,"jetpack_post_was_ever_published":false,"_jetpack_newsletter_access":"","_jetpack_dont_email_post_to_subs":false,"_jetpack_newsletter_tier_id":0,"_jetpack_memberships_contains_paywalled_content":false,"_jetpack_memberships_contains_paid_content":false,"footnotes":"","jetpack_publicize_message":"","jetpack_publicize_feature_enabled":true,"jetpack_social_post_already_shared":true,"jetpack_social_options":{"image_generator_settings":{"template":"highway","default_image_id":0,"font":"","enabled":false},"version":2},"_wpas_customize_per_network":false},"categories":[8],"tags":[10395,17976],"class_list":["post-135278","post","type-post","status-publish","format-standard","has-post-thumbnail","hentry","category-sociedad","tag-siniestro-vial","tag-tren-choca-con-auto","generate-columns","tablet-grid-50","mobile-grid-100","grid-parent","grid-50"],"jetpack_publicize_connections":[],"jetpack_featured_media_url":"https:\/\/www.hoymercedes.com.ar\/principal\/wp-content\/uploads\/2021\/08\/Siniestro-Tren-Auto-2.jpeg","wps_subtitle":"Sin v\u00edctimas fatales","jetpack_sharing_enabled":true,"_links":{"self":[{"href":"https:\/\/www.hoymercedes.com.ar\/principal\/wp-json\/wp\/v2\/posts\/135278","targetHints":{"allow":["GET"]}}],"collection":[{"href":"https:\/\/www.hoymercedes.com.ar\/principal\/wp-json\/wp\/v2\/posts"}],"about":[{"href":"https:\/\/www.hoymercedes.com.ar\/principal\/wp-json\/wp\/v2\/types\/post"}],"author":[{"embeddable":true,"href":"https:\/\/www.hoymercedes.com.ar\/principal\/wp-json\/wp\/v2\/users\/1"}],"replies":[{"embeddable":true,"href":"https:\/\/www.hoymercedes.com.ar\/principal\/wp-json\/wp\/v2\/comments?post=135278"}],"version-history":[{"count":0,"href":"https:\/\/www.hoymercedes.com.ar\/principal\/wp-json\/wp\/v2\/posts\/135278\/revisions"}],"wp:featuredmedia":[{"embeddable":true,"href":"https:\/\/www.hoymercedes.com.ar\/principal\/wp-json\/wp\/v2\/media\/135280"}],"wp:attachment":[{"href":"https:\/\/www.hoymercedes.com.ar\/principal\/wp-json\/wp\/v2\/media?parent=135278"}],"wp:term":[{"taxonomy":"category","embeddable":true,"href":"https:\/\/www.hoymercedes.com.ar\/principal\/wp-json\/wp\/v2\/categories?post=135278"},{"taxonomy":"post_tag","embeddable":true,"href":"https:\/\/www.hoymercedes.com.ar\/principal\/wp-json\/wp\/v2\/tags?post=135278"}],"curies":[{"name":"wp","href":"https:\/\/api.w.org\/{rel}","templated":true}]}}