{"id":135379,"date":"2021-08-16T14:53:00","date_gmt":"2021-08-16T17:53:00","guid":{"rendered":"https:\/\/www.hoymercedes.com.ar\/principal\/?p=135379"},"modified":"2021-08-16T15:14:30","modified_gmt":"2021-08-16T18:14:30","slug":"avanza-libertad-presento-a-sus-candidatos-locales","status":"publish","type":"post","link":"https:\/\/www.hoymercedes.com.ar\/principal\/2021\/08\/16\/avanza-libertad-presento-a-sus-candidatos-locales\/","title":{"rendered":"Avanza Libertad present\u00f3 a sus candidatos locales"},"content":{"rendered":"\n<p><strong><em>En un encuentro con los medios locales, Avanza Libertad dio a conocer los nombres a los que apuesta de cara a los comicios. El espacio cuenta con representaci\u00f3n en sectores como salud,\u00a0representantes gremiales, turismo, entre otros.\u00a0<\/em><\/strong><\/p>\n\n\n\n<div class=\"wp-block-image\"><figure class=\"aligncenter size-full\"><img loading=\"lazy\" decoding=\"async\" width=\"800\" height=\"533\" data-attachment-id=\"135365\" data-permalink=\"https:\/\/www.hoymercedes.com.ar\/principal\/16-avanza-libertad\/\" data-orig-file=\"https:\/\/www.hoymercedes.com.ar\/principal\/wp-content\/uploads\/2021\/08\/16-avanza-libertad.jpg\" data-orig-size=\"800,533\" data-comments-opened=\"0\" data-image-meta=\"{&quot;aperture&quot;:&quot;2&quot;,&quot;credit&quot;:&quot;&quot;,&quot;camera&quot;:&quot;Moto G (5S) Plus&quot;,&quot;caption&quot;:&quot;&quot;,&quot;created_timestamp&quot;:&quot;1628505809&quot;,&quot;copyright&quot;:&quot;&quot;,&quot;focal_length&quot;:&quot;3.59&quot;,&quot;iso&quot;:&quot;143&quot;,&quot;shutter_speed&quot;:&quot;0.03030303030303&quot;,&quot;title&quot;:&quot;&quot;,&quot;orientation&quot;:&quot;1&quot;}\" data-image-title=\"16 avanza libertad\" data-image-description=\"\" data-image-caption=\"\" data-large-file=\"https:\/\/www.hoymercedes.com.ar\/principal\/wp-content\/uploads\/2021\/08\/16-avanza-libertad.jpg\" src=\"https:\/\/www.hoymercedes.com.ar\/principal\/wp-content\/uploads\/2021\/08\/16-avanza-libertad.jpg\" alt=\"\" class=\"wp-image-135365\" srcset=\"https:\/\/www.hoymercedes.com.ar\/principal\/wp-content\/uploads\/2021\/08\/16-avanza-libertad.jpg 800w, https:\/\/www.hoymercedes.com.ar\/principal\/wp-content\/uploads\/2021\/08\/16-avanza-libertad-630x420.jpg 630w, https:\/\/www.hoymercedes.com.ar\/principal\/wp-content\/uploads\/2021\/08\/16-avanza-libertad-150x100.jpg 150w, https:\/\/www.hoymercedes.com.ar\/principal\/wp-content\/uploads\/2021\/08\/16-avanza-libertad-700x465.jpg 700w\" sizes=\"auto, (max-width: 800px) 100vw, 800px\" \/><\/figure><\/div>\n\n\n\n<p>El Frente Avanza Libertad local, que tiene como principal referente nacional a Luis Espert, present\u00f3 los candidatos que buscar\u00e1n llegara tanto al Concejo Deliberante como al Consejo Escolar en los pr\u00f3ximos comicios.\u00a0<\/p>\n\n\n\n<p>De cara a las elecciones PASO del mes de septiembre, encabezados por el primer&nbsp;pre&nbsp;candidato en la lista Nahuel Torres, realizaron una conferencia de prensa a fin de comunicarle a los vecinos los nuevos nombres que se sumar\u00e1n al universo pol\u00edtico local.&nbsp;<\/p>\n\n\n\n<p>En principio, el propio Torres fue quien tomo la palabra y mencion\u00f3 que \u201cAvanza Libertad es la convergencia de ocho fuerzas pol\u00edticas que se pusieron de acuerdo y cerraron la alianza\u201d. M\u00e1s adelante, comentando el proceso de conformaci\u00f3n de la lista sostuvo que \u201cen Mercedes se movieron varios grupos y se termin\u00f3 decidiendo la representatividad para EPA (Encuentro Plural Alternativo de la provincia de Buenos Aires) que es de donde venimos, una fuerza que tiene cerca de dos a\u00f1os y entendemos que la nueva pol\u00edtica es comprender que m\u00e1s all\u00e1 de las doctrinas de cada partido, hay que converger en los espacios para poder logar con el pluralismo una mejor\u00eda real y plasmarla en la ciudad\u201d.&nbsp;<\/p>\n\n\n\n<p>Luego, con el eje puesto tanto en esa pluralidad de voces, ideas nuevas y representaci\u00f3n trabajadora, Torres fue dando espacio a la presentaci\u00f3n de sus candidatos. Con \u00e9l a la cabeza, quien lo sigue en segundo lugar es Anal\u00eda Quevedo, quien lleva varios a\u00f1os trabajando en el municipio local y adem\u00e1s, es gremialista en ATE. \u201cEstuve en varias \u00e1reas municipales como en la secretar\u00eda de econom\u00eda, oficina de habilitaciones, protecci\u00f3n civil, el SAME y&nbsp;soy parte&nbsp;de la comisi\u00f3n directiva de ATE. Mi objetivo es representar a todos los trabajadores del estado, m\u00e1s que nada para tratar de resolver las&nbsp;problem\u00e1ticas&nbsp;que los atraviesan\u201d manifest\u00f3 Anal\u00eda, quien se encontraba entre los presentes.&nbsp;<\/p>\n\n\n\n<p>El tercer lugar fue apartado para Walter Gallo, quien hace 14 a\u00f1os que es Bombero Voluntario y supo desempa\u00f1arse en el \u00e1rea de Protecci\u00f3n Civil. \u201c\u00c9l buscar\u00e1 poner en valor las instituciones de la ciudad, como por ejemplo, de la cual forma parte hace varios a\u00f1os. Hoy sabemos bien las dificultades econ\u00f3micas que est\u00e1n viviendo los Bomberos Voluntarios\u201d coment\u00f3 Torres.&nbsp;<\/p>\n\n\n\n<p>El cuarto lugar es para&nbsp;Melina&nbsp;Scheitler. Ella trabaja en un emprendimiento familiar de una ciudad aleda\u00f1a, que depende de Mercedes. \u201cTiene una visi\u00f3n amplia para el mini turismo y poder trabajar esa \u00e1rea. Gran parte de la econom\u00eda de la ciudad surge de ese sector y es importante poner el foco ah\u00ed\u201d sostuvo Nahuel.&nbsp;<\/p>\n\n\n\n<p>Adem\u00e1s, dentro de la lista completan los titulares&nbsp;Villareal&nbsp;\u201cChula\u201d&nbsp;Ezequiel,&nbsp;Blanca&nbsp;Cogo, quien trabaj\u00f3 para varios m\u00e9dicos de la ciudad y buscar\u00e1 llevar la vos de los jubilados al HCD,&nbsp;Marcos Mart\u00ednez,&nbsp;gestor automotor matriculado, vecino rural y \u201cquien entiende las dificultades de este sector, tanto en la urgencia de la realizaci\u00f3n de los caminos, la iluminaci\u00f3n, falta de seguridad y la llegada de los servicios p\u00fablicos\u201d expres\u00f3 Torres.&nbsp;<\/p>\n\n\n\n<p>En octavo lugar se encuentra&nbsp;Dicatarina&nbsp;Silvina, trabajadora en el&nbsp;\u00e1rea de cuidados paliativos del Hospital de General Rodr\u00edguez. Tambi\u00e9n&nbsp;da clases en un terciario de la ciudad de Luj\u00e1n en el \u00e1rea de nutrici\u00f3n.&nbsp;Es parte y coordinadora de la Sociedad de Medicina y cuidados Paliativos. Por \u00faltimo, dentro de los titulares, la lista finaliza con&nbsp;Torres Federico, trabajador del Blas&nbsp;Dubarry, y \u201cviene a representar y apuntar a la eliminaci\u00f3n del&nbsp;bulling, una practica que causa mucho da\u00f1o en el desarrollo en los ni\u00f1os y ni\u00f1as, defendiendo la diversidad sexual y las elecciones de vida de cada uno de los vecinos\u201d manifest\u00f3 Nahuel. En lo que respecta a los concejales, la lista la completan referentes asociados al proteccionismo ambiental y animal, desarrollo en la cultura, entre otros perfiles.&nbsp;<\/p>\n\n\n\n<p><strong>Apuntando a la educaci\u00f3n<\/strong>&nbsp;<\/p>\n\n\n\n<p>Otras de las bancas que se dirimen en esta elecci\u00f3n legislativa ser\u00e1 la renovaci\u00f3n del Consejo Escolar local. Para ello, desde Avanza Libertad tambi\u00e9n se presentan diferentes&nbsp;pre&nbsp;candidatos a consejeros que buscar\u00e1n llegar a ocupar un lugar en el debate.&nbsp;<\/p>\n\n\n\n<p>La primera de esta lista es&nbsp;Lambiasse&nbsp;Patricia,&nbsp;docente hace m\u00e1s de 26 a\u00f1os y trabaja en la Escuela&nbsp;N\u00ba&nbsp;37. \u201cDespu\u00e9s de dedicar la vida a la educaci\u00f3n y viendo las dificultades desde lo edilicio, sino tambi\u00e9n la cotidianeidad de los chicos de la escuela, ha decidido su huella, proyectos e ideas en lo que pueda aportar en la parte educacional de Mercedes\u201d manifestaron desde el sector.&nbsp;<\/p>\n\n\n\n<p>La sigue&nbsp;&nbsp;Pisani&nbsp;\u201cNano\u201d&nbsp;Stefano,&nbsp;quien estudia el profesorado de F\u00edsica en Luj\u00e1n. \u201cEntiende que hay un problema social y la soluci\u00f3n viene por la unidad de criterios\u201d manifest\u00f3 Torres.&nbsp;<\/p>\n\n\n\n<p>Por \u00faltimo, el tercer lugar est\u00e1 reservado para\u00a0Agostina Melo. \u201cElla es mam\u00e1 y esta preocupada por la educaci\u00f3n de sus hijos, tanto por su propia experiencia dentro del \u00e1mbito escolar, como tambi\u00e9n por su rol de madre, sumado con la complicaci\u00f3n que sumi\u00f3 la pandemia al sector\u201d concluy\u00f3 Torres.\u00a0<\/p>\n\n\n\n<p>Colaboraci\u00f3n: Mariano Oyarz\u00fa<\/p>\n","protected":false},"excerpt":{"rendered":"<p>En un encuentro con los medios locales, Avanza Libertad dio a conocer los nombres a los que apuesta de cara &#8230; <a title=\"Avanza Libertad present\u00f3 a sus candidatos locales\" class=\"read-more\" href=\"https:\/\/www.hoymercedes.com.ar\/principal\/2021\/08\/16\/avanza-libertad-presento-a-sus-candidatos-locales\/\" aria-label=\"Leer m\u00e1s sobre Avanza Libertad present\u00f3 a sus candidatos locales\">Leer m\u00e1s<\/a><\/p>\n","protected":false},"author":1,"featured_media":135365,"comment_status":"closed","ping_status":"open","sticky":false,"template":"","format":"standard","meta":{"_monsterinsights_skip_tracking":false,"_monsterinsights_sitenote_active":false,"_monsterinsights_sitenote_note":"","_monsterinsights_sitenote_category":0,"jetpack_post_was_ever_published":false,"_jetpack_newsletter_access":"","_jetpack_dont_email_post_to_subs":false,"_jetpack_newsletter_tier_id":0,"_jetpack_memberships_contains_paywalled_content":false,"_jetpack_memberships_contains_paid_content":false,"footnotes":"","jetpack_publicize_message":"","jetpack_publicize_feature_enabled":true,"jetpack_social_post_already_shared":true,"jetpack_social_options":{"image_generator_settings":{"template":"highway","default_image_id":0,"font":"","enabled":false},"version":2},"_wpas_customize_per_network":false},"categories":[17907,5],"tags":[17557,17977,5319],"class_list":["post-135379","post","type-post","status-publish","format-standard","has-post-thumbnail","hentry","category-paso-2021","category-politica","tag-elecciones-2021","tag-pasos-2021","tag-politica-2","generate-columns","tablet-grid-50","mobile-grid-100","grid-parent","grid-50"],"jetpack_publicize_connections":[],"jetpack_featured_media_url":"https:\/\/www.hoymercedes.com.ar\/principal\/wp-content\/uploads\/2021\/08\/16-avanza-libertad.jpg","wps_subtitle":"Elecciones 2021","jetpack_sharing_enabled":true,"_links":{"self":[{"href":"https:\/\/www.hoymercedes.com.ar\/principal\/wp-json\/wp\/v2\/posts\/135379","targetHints":{"allow":["GET"]}}],"collection":[{"href":"https:\/\/www.hoymercedes.com.ar\/principal\/wp-json\/wp\/v2\/posts"}],"about":[{"href":"https:\/\/www.hoymercedes.com.ar\/principal\/wp-json\/wp\/v2\/types\/post"}],"author":[{"embeddable":true,"href":"https:\/\/www.hoymercedes.com.ar\/principal\/wp-json\/wp\/v2\/users\/1"}],"replies":[{"embeddable":true,"href":"https:\/\/www.hoymercedes.com.ar\/principal\/wp-json\/wp\/v2\/comments?post=135379"}],"version-history":[{"count":0,"href":"https:\/\/www.hoymercedes.com.ar\/principal\/wp-json\/wp\/v2\/posts\/135379\/revisions"}],"wp:featuredmedia":[{"embeddable":true,"href":"https:\/\/www.hoymercedes.com.ar\/principal\/wp-json\/wp\/v2\/media\/135365"}],"wp:attachment":[{"href":"https:\/\/www.hoymercedes.com.ar\/principal\/wp-json\/wp\/v2\/media?parent=135379"}],"wp:term":[{"taxonomy":"category","embeddable":true,"href":"https:\/\/www.hoymercedes.com.ar\/principal\/wp-json\/wp\/v2\/categories?post=135379"},{"taxonomy":"post_tag","embeddable":true,"href":"https:\/\/www.hoymercedes.com.ar\/principal\/wp-json\/wp\/v2\/tags?post=135379"}],"curies":[{"name":"wp","href":"https:\/\/api.w.org\/{rel}","templated":true}]}}