{"id":13541,"date":"2012-06-07T22:50:27","date_gmt":"2012-06-07T22:50:27","guid":{"rendered":"http:\/\/www.hoymercedes.com.ar\/principal\/?p=13541"},"modified":"2012-06-07T22:50:27","modified_gmt":"2012-06-07T22:50:27","slug":"suteba-se-reunio-con-representantes-provinciales-por-cobertura-de-cargos","status":"publish","type":"post","link":"https:\/\/www.hoymercedes.com.ar\/principal\/2012\/06\/07\/suteba-se-reunio-con-representantes-provinciales-por-cobertura-de-cargos\/","title":{"rendered":"SUTEBA se reuni\u00f3 con representantes provinciales por cobertura de cargos"},"content":{"rendered":"<p><a href=\"https:\/\/www.hoymercedes.com.ar\/principal\/wp-content\/uploads\/2012\/06\/SUTEBA-Mercedes-Encuentro.jpg\"><img loading=\"lazy\" decoding=\"async\" data-attachment-id=\"13543\" data-permalink=\"https:\/\/www.hoymercedes.com.ar\/principal\/2012\/06\/07\/suteba-se-reunio-con-representantes-provinciales-por-cobertura-de-cargos\/suteba-mercedes-encuentro\/#main\" data-orig-file=\"https:\/\/www.hoymercedes.com.ar\/principal\/wp-content\/uploads\/2012\/06\/SUTEBA-Mercedes-Encuentro.jpg\" data-orig-size=\"612,459\" data-comments-opened=\"1\" data-image-meta=\"{&quot;aperture&quot;:&quot;3.5&quot;,&quot;credit&quot;:&quot;&quot;,&quot;camera&quot;:&quot;COOLPIX L110&quot;,&quot;caption&quot;:&quot;&quot;,&quot;created_timestamp&quot;:&quot;1338987447&quot;,&quot;copyright&quot;:&quot;&quot;,&quot;focal_length&quot;:&quot;5&quot;,&quot;iso&quot;:&quot;400&quot;,&quot;shutter_speed&quot;:&quot;0.039840637450199&quot;,&quot;title&quot;:&quot;&quot;}\" data-image-title=\"SUTEBA-Mercedes-Encuentro\" data-image-description=\"\" data-image-caption=\"\" data-large-file=\"https:\/\/www.hoymercedes.com.ar\/principal\/wp-content\/uploads\/2012\/06\/SUTEBA-Mercedes-Encuentro.jpg\" class=\"aligncenter size-full wp-image-13543\" title=\"SUTEBA-Mercedes-Encuentro\" src=\"https:\/\/www.hoymercedes.com.ar\/principal\/wp-content\/uploads\/2012\/06\/SUTEBA-Mercedes-Encuentro.jpg\" alt=\"\" width=\"612\" height=\"459\" \/><\/a><\/p>\n<p>\u00abEl d\u00eca mi\u00e9rcoles 6 de junio, en el marco de las actividades gremiales del SUTEBA, miembros de la Comisi\u00f3n Directiva de la Seccional Mercedes, acompa\u00f1ados por la Sec. Gremial del Nivel Inicial del SUTEBA Provincia y un grupo de docentes de distintos establecimientos, se hicieron presentes en la Jefatura de Inspecci\u00f3n Distrital para exigir la urgente cobertura de cargos pendientes en algunos servicios del distrito.<\/p>\n<p>Se trata del reclamo por cargos de Preceptor en varias escuelas de nivel inicial y secundario, la conformaci\u00f3n de un Equipo de Orientaci\u00f3n para un secundario y la situaci\u00f3n de varias direcciones de escuelas primarias, entre otros temas de urgente tratamiento.<\/p>\n<p>Esta acci\u00f3n gremial forma parte de las actividades desarrolladas por nuestro sindicato con el fin de mejorar las condiciones para docentes y alumnos, ya que la falta de cobertura de cargos contribuye a generar situaciones de riesgo que afectan el normal desarrollo de las escuelas\u00bb<\/p>\n","protected":false},"excerpt":{"rendered":"<p>\u00abEl d\u00eca mi\u00e9rcoles 6 de junio, en el marco de las actividades gremiales del SUTEBA, miembros de la Comisi\u00f3n Directiva &#8230; <a title=\"SUTEBA se reuni\u00f3 con representantes provinciales por cobertura de cargos\" class=\"read-more\" href=\"https:\/\/www.hoymercedes.com.ar\/principal\/2012\/06\/07\/suteba-se-reunio-con-representantes-provinciales-por-cobertura-de-cargos\/\" aria-label=\"Leer m\u00e1s sobre SUTEBA se reuni\u00f3 con representantes provinciales por cobertura de cargos\">Leer m\u00e1s<\/a><\/p>\n","protected":false},"author":1,"featured_media":0,"comment_status":"open","ping_status":"open","sticky":false,"template":"","format":"standard","meta":{"_monsterinsights_skip_tracking":false,"_monsterinsights_sitenote_active":false,"_monsterinsights_sitenote_note":"","_monsterinsights_sitenote_category":0,"jetpack_post_was_ever_published":false,"_jetpack_newsletter_access":"","_jetpack_dont_email_post_to_subs":false,"_jetpack_newsletter_tier_id":0,"_jetpack_memberships_contains_paywalled_content":false,"_jetpack_memberships_contains_paid_content":false,"footnotes":"","jetpack_publicize_message":"","jetpack_publicize_feature_enabled":true,"jetpack_social_post_already_shared":false,"jetpack_social_options":{"image_generator_settings":{"template":"highway","default_image_id":0,"font":"","enabled":false},"version":2},"_wpas_customize_per_network":false},"categories":[23],"tags":[78],"class_list":["post-13541","post","type-post","status-publish","format-standard","hentry","category-educacion","tag-suteba-mercedes","generate-columns","tablet-grid-50","mobile-grid-100","grid-parent","grid-50"],"jetpack_publicize_connections":[],"jetpack_featured_media_url":"","wps_subtitle":"","jetpack_sharing_enabled":true,"_links":{"self":[{"href":"https:\/\/www.hoymercedes.com.ar\/principal\/wp-json\/wp\/v2\/posts\/13541","targetHints":{"allow":["GET"]}}],"collection":[{"href":"https:\/\/www.hoymercedes.com.ar\/principal\/wp-json\/wp\/v2\/posts"}],"about":[{"href":"https:\/\/www.hoymercedes.com.ar\/principal\/wp-json\/wp\/v2\/types\/post"}],"author":[{"embeddable":true,"href":"https:\/\/www.hoymercedes.com.ar\/principal\/wp-json\/wp\/v2\/users\/1"}],"replies":[{"embeddable":true,"href":"https:\/\/www.hoymercedes.com.ar\/principal\/wp-json\/wp\/v2\/comments?post=13541"}],"version-history":[{"count":0,"href":"https:\/\/www.hoymercedes.com.ar\/principal\/wp-json\/wp\/v2\/posts\/13541\/revisions"}],"wp:attachment":[{"href":"https:\/\/www.hoymercedes.com.ar\/principal\/wp-json\/wp\/v2\/media?parent=13541"}],"wp:term":[{"taxonomy":"category","embeddable":true,"href":"https:\/\/www.hoymercedes.com.ar\/principal\/wp-json\/wp\/v2\/categories?post=13541"},{"taxonomy":"post_tag","embeddable":true,"href":"https:\/\/www.hoymercedes.com.ar\/principal\/wp-json\/wp\/v2\/tags?post=13541"}],"curies":[{"name":"wp","href":"https:\/\/api.w.org\/{rel}","templated":true}]}}