{"id":135410,"date":"2021-08-16T18:30:00","date_gmt":"2021-08-16T21:30:00","guid":{"rendered":"https:\/\/www.hoymercedes.com.ar\/principal\/?p=135410"},"modified":"2021-08-16T17:12:04","modified_gmt":"2021-08-16T20:12:04","slug":"visita-de-silvia-lospennato-en-acompanamiento-a-la-lista-local-de-pro-cc","status":"publish","type":"post","link":"https:\/\/www.hoymercedes.com.ar\/principal\/2021\/08\/16\/visita-de-silvia-lospennato-en-acompanamiento-a-la-lista-local-de-pro-cc\/","title":{"rendered":"Visita de Silvia Lospennato en acompa\u00f1amiento a la lista local de PRO-CC en Juntos"},"content":{"rendered":"\n<p><em><strong>Desde el PRO y la CC ARI presentaron su lista de candidatos para las PASO de septiembre. En este marco, estuvo presente la diputada Nacional Silvia\u00a0Lospennato, actual diputada provincial y candidata a diputada nacional, acompa\u00f1ada de Gabriela\u00a0Bessana, Daniela Reich y Aldana Ahumada.\u00a0<\/strong><\/em><\/p>\n\n\n\n<div class=\"wp-block-image\"><figure class=\"aligncenter size-full\"><img loading=\"lazy\" decoding=\"async\" width=\"800\" height=\"533\" data-attachment-id=\"135366\" data-permalink=\"https:\/\/www.hoymercedes.com.ar\/principal\/16-pro-lista-1\/\" data-orig-file=\"https:\/\/www.hoymercedes.com.ar\/principal\/wp-content\/uploads\/2021\/08\/16-pro-lista-1.jpg\" data-orig-size=\"800,533\" data-comments-opened=\"0\" data-image-meta=\"{&quot;aperture&quot;:&quot;2&quot;,&quot;credit&quot;:&quot;&quot;,&quot;camera&quot;:&quot;Moto G (5S) Plus&quot;,&quot;caption&quot;:&quot;&quot;,&quot;created_timestamp&quot;:&quot;1628619165&quot;,&quot;copyright&quot;:&quot;&quot;,&quot;focal_length&quot;:&quot;3.59&quot;,&quot;iso&quot;:&quot;122&quot;,&quot;shutter_speed&quot;:&quot;0.02&quot;,&quot;title&quot;:&quot;&quot;,&quot;orientation&quot;:&quot;1&quot;}\" data-image-title=\"16 pro lista 1\" data-image-description=\"\" data-image-caption=\"\" data-large-file=\"https:\/\/www.hoymercedes.com.ar\/principal\/wp-content\/uploads\/2021\/08\/16-pro-lista-1.jpg\" src=\"https:\/\/www.hoymercedes.com.ar\/principal\/wp-content\/uploads\/2021\/08\/16-pro-lista-1.jpg\" alt=\"\" class=\"wp-image-135366\" srcset=\"https:\/\/www.hoymercedes.com.ar\/principal\/wp-content\/uploads\/2021\/08\/16-pro-lista-1.jpg 800w, https:\/\/www.hoymercedes.com.ar\/principal\/wp-content\/uploads\/2021\/08\/16-pro-lista-1-630x420.jpg 630w, https:\/\/www.hoymercedes.com.ar\/principal\/wp-content\/uploads\/2021\/08\/16-pro-lista-1-150x100.jpg 150w, https:\/\/www.hoymercedes.com.ar\/principal\/wp-content\/uploads\/2021\/08\/16-pro-lista-1-700x465.jpg 700w\" sizes=\"auto, (max-width: 800px) 100vw, 800px\" \/><\/figure><\/div>\n\n\n\n<p>Uno de los espacios que acompa\u00f1an al \u201cColo\u201d Santilli en la ciudad, se reunieron en la plaza Belgrano frente al Hospital\u00a0Dubarry\u00a0y cont\u00f3 con la participaci\u00f3n de la diputada Nacional Silvia\u00a0Lospennato, actual diputada provincial y candidata a diputada nacional; Gabriela\u00a0Bessana; Senadoras y actuales candidatas a renovar\u00a0Daniela Reich y Aldana Ahumada, quienes mostraron todo su apoyo hacia la lista de Evangelina Cabral y Mart\u00edn\u00a0Bossi.\u00a0Tanto el PRO Mercedes como la Coalici\u00f3n C\u00edvica ARI realizaron la presentaci\u00f3n formal de sus candidatos para las elecciones 2021, de cara a las PASO que dirimir\u00e1n el futuro de \u201cJuntos\u201d camino a las generales.\u00a0<\/p>\n\n\n\n<p>Con una gran participaci\u00f3n femenina,&nbsp;Lospennato&nbsp;fue una de las encargadas de hablar antes los presentes y manifest\u00f3 que \u201cpara nosotros es importante que sea una mujer la que lidera la lista\u201d&nbsp;y&nbsp;agreg\u00f3 que se hab\u00edan mantenido reuniones con distintas emprendedoras de la ciudad.&nbsp;&nbsp;<\/p>\n\n\n\n<p>\u201cLas mujeres siempre encuentran una forma de rebusc\u00e1rselas y despu\u00e9s de la pandemia fueron las que mas sufrieron, teniendo a sus chicos en casa, neg\u00e1ndole la ecuaci\u00f3n, viendo a sus esposos que no pod\u00edan salir a trabajar. Nosotros venimos a representar a los argentinos que no queremos vivir as\u00ed, a los bonaerenses que no queremos que este sea el destino para nuestra provincia\u201d sostuvo\u00a0Lospennato.\u00a0<\/p>\n\n\n\n<p>\u201cDesde el fin del 2019 hasta hoy, seg\u00fan informes del Banco Mundial, muchos argentinos dejaron de ser clase media, o ganan menos, producen menos debido a malas decisiones pol\u00edticas. Eso lo tenemos que revertir, porque para ser de clase media lo \u00fanico que ten\u00edas que hacer era trabajar para poder so\u00f1ar. Fuimos perdiendo la esperanza y la tenemos que recuperar, y se recupera desde todos los lugares, desde los pueblos, la ciudad y la honestidad de quienes nos representa\u201d agreg\u00f3.&nbsp;<\/p>\n\n\n\n<div class=\"wp-block-image\"><figure class=\"aligncenter size-full\"><img loading=\"lazy\" decoding=\"async\" width=\"800\" height=\"533\" data-attachment-id=\"135368\" data-permalink=\"https:\/\/www.hoymercedes.com.ar\/principal\/16-pro-lista-3\/\" data-orig-file=\"https:\/\/www.hoymercedes.com.ar\/principal\/wp-content\/uploads\/2021\/08\/16-pro-lista-3.jpg\" data-orig-size=\"800,533\" data-comments-opened=\"0\" data-image-meta=\"{&quot;aperture&quot;:&quot;2&quot;,&quot;credit&quot;:&quot;&quot;,&quot;camera&quot;:&quot;Moto G (5S) Plus&quot;,&quot;caption&quot;:&quot;&quot;,&quot;created_timestamp&quot;:&quot;1628618222&quot;,&quot;copyright&quot;:&quot;&quot;,&quot;focal_length&quot;:&quot;3.59&quot;,&quot;iso&quot;:&quot;153&quot;,&quot;shutter_speed&quot;:&quot;0.01&quot;,&quot;title&quot;:&quot;&quot;,&quot;orientation&quot;:&quot;1&quot;}\" data-image-title=\"16 pro lista 3\" data-image-description=\"\" data-image-caption=\"\" data-large-file=\"https:\/\/www.hoymercedes.com.ar\/principal\/wp-content\/uploads\/2021\/08\/16-pro-lista-3.jpg\" src=\"https:\/\/www.hoymercedes.com.ar\/principal\/wp-content\/uploads\/2021\/08\/16-pro-lista-3.jpg\" alt=\"\" class=\"wp-image-135368\" srcset=\"https:\/\/www.hoymercedes.com.ar\/principal\/wp-content\/uploads\/2021\/08\/16-pro-lista-3.jpg 800w, https:\/\/www.hoymercedes.com.ar\/principal\/wp-content\/uploads\/2021\/08\/16-pro-lista-3-630x420.jpg 630w, https:\/\/www.hoymercedes.com.ar\/principal\/wp-content\/uploads\/2021\/08\/16-pro-lista-3-150x100.jpg 150w, https:\/\/www.hoymercedes.com.ar\/principal\/wp-content\/uploads\/2021\/08\/16-pro-lista-3-700x465.jpg 700w\" sizes=\"auto, (max-width: 800px) 100vw, 800px\" \/><\/figure><\/div>\n\n\n\n<p>Entrando m\u00e1s en el ambiente local, Evangelina Cabral, quien encabeza la lista del PRO\/CC ARI sostuvo que \u201ccreemos que para generar trabajo hay que dar beneficios y en esta ciudad no se est\u00e1 dando oportunidades a que empresas vengan a instalarse, as\u00ed que vamos a trabajar sobre eso\u201d. Por otra parte, Cabral hizo hincapi\u00e9 en la educaci\u00f3n, la cual defini\u00f3 como \u201cun pilar fundamental, las escuelas tienen que estar abiertas. Con este equipo vamos a trabajar incansablemente para luchar y tener una ciudad mejor\u201d.&nbsp;<\/p>\n\n\n\n<p>Con respecto a su labor como concejal mercedina y de cara a la renovaci\u00f3n Evangelina manifest\u00f3 que \u201cvamos a seguir controlando la letra chica en el Concejo Deliberante, no vamos a dejar pasar nada que no parezca que no est\u00e1 bien y eso es parte del compromiso. Todo lo que pase por el HCD nos comprometemos que se haga bien, sin perjudicar a nadie y respetando los derechos de todos\u201d.&nbsp;<\/p>\n\n\n\n<p>Quien se suma en segundo lugar con la aspiraci\u00f3n de llegar a ocupar una banca en el recinto local es Mart\u00edn\u00a0Bossi, referente de la CC ARI. Como parte de los proyectos que vienen trabajando y que pretenden llevar al recinto, el propio Mart\u00edn\u00a0 refirm\u00f3 el compromiso con el sector privado y la generaci\u00f3n de empleo local, y agreg\u00f3 como otro punto la cuesti\u00f3n en seguridad, \u201cdado que \u00faltimamente vienen aumentando los casos, aunque todav\u00eda podemos controlarlo. Si no lo hacemos vamos a llegar a un punto de no retorno y Mercedes va a pasar a ser una ciudad parecido a lo que es el conurbano bonaerense\u201d.\u00a0<\/p>\n\n\n\n<p>Colaboraci\u00f3n: Mariano Oyarz\u00fa<\/p>\n\n\n\n<div class=\"wp-block-image\"><figure class=\"aligncenter size-full\"><img loading=\"lazy\" decoding=\"async\" width=\"800\" height=\"533\" data-attachment-id=\"135367\" data-permalink=\"https:\/\/www.hoymercedes.com.ar\/principal\/16-pro-lista-2\/\" data-orig-file=\"https:\/\/www.hoymercedes.com.ar\/principal\/wp-content\/uploads\/2021\/08\/16-pro-lista-2.jpg\" data-orig-size=\"800,533\" data-comments-opened=\"0\" data-image-meta=\"{&quot;aperture&quot;:&quot;2&quot;,&quot;credit&quot;:&quot;&quot;,&quot;camera&quot;:&quot;Moto G (5S) Plus&quot;,&quot;caption&quot;:&quot;&quot;,&quot;created_timestamp&quot;:&quot;1628618514&quot;,&quot;copyright&quot;:&quot;&quot;,&quot;focal_length&quot;:&quot;3.59&quot;,&quot;iso&quot;:&quot;156&quot;,&quot;shutter_speed&quot;:&quot;0.01&quot;,&quot;title&quot;:&quot;&quot;,&quot;orientation&quot;:&quot;1&quot;}\" data-image-title=\"16 pro lista 2\" data-image-description=\"\" data-image-caption=\"\" data-large-file=\"https:\/\/www.hoymercedes.com.ar\/principal\/wp-content\/uploads\/2021\/08\/16-pro-lista-2.jpg\" src=\"https:\/\/www.hoymercedes.com.ar\/principal\/wp-content\/uploads\/2021\/08\/16-pro-lista-2.jpg\" alt=\"\" class=\"wp-image-135367\" srcset=\"https:\/\/www.hoymercedes.com.ar\/principal\/wp-content\/uploads\/2021\/08\/16-pro-lista-2.jpg 800w, https:\/\/www.hoymercedes.com.ar\/principal\/wp-content\/uploads\/2021\/08\/16-pro-lista-2-630x420.jpg 630w, https:\/\/www.hoymercedes.com.ar\/principal\/wp-content\/uploads\/2021\/08\/16-pro-lista-2-150x100.jpg 150w, https:\/\/www.hoymercedes.com.ar\/principal\/wp-content\/uploads\/2021\/08\/16-pro-lista-2-700x465.jpg 700w\" sizes=\"auto, (max-width: 800px) 100vw, 800px\" \/><\/figure><\/div>\n","protected":false},"excerpt":{"rendered":"<p>Desde el PRO y la CC ARI presentaron su lista de candidatos para las PASO de septiembre. En este marco, &#8230; <a title=\"Visita de Silvia Lospennato en acompa\u00f1amiento a la lista local de PRO-CC en Juntos\" class=\"read-more\" href=\"https:\/\/www.hoymercedes.com.ar\/principal\/2021\/08\/16\/visita-de-silvia-lospennato-en-acompanamiento-a-la-lista-local-de-pro-cc\/\" aria-label=\"Leer m\u00e1s sobre Visita de Silvia Lospennato en acompa\u00f1amiento a la lista local de PRO-CC en Juntos\">Leer m\u00e1s<\/a><\/p>\n","protected":false},"author":1,"featured_media":135368,"comment_status":"closed","ping_status":"open","sticky":false,"template":"","format":"standard","meta":{"_monsterinsights_skip_tracking":false,"_monsterinsights_sitenote_active":false,"_monsterinsights_sitenote_note":"","_monsterinsights_sitenote_category":0,"jetpack_post_was_ever_published":false,"_jetpack_newsletter_access":"","_jetpack_dont_email_post_to_subs":false,"_jetpack_newsletter_tier_id":0,"_jetpack_memberships_contains_paywalled_content":false,"_jetpack_memberships_contains_paid_content":false,"footnotes":"","jetpack_publicize_message":"","jetpack_publicize_feature_enabled":true,"jetpack_social_post_already_shared":true,"jetpack_social_options":{"image_generator_settings":{"template":"highway","default_image_id":0,"font":"","enabled":false},"version":2},"_wpas_customize_per_network":false},"categories":[17907,5],"tags":[58,17557,17915,17909,5319,2185],"class_list":["post-135410","post","type-post","status-publish","format-standard","has-post-thumbnail","hentry","category-paso-2021","category-politica","tag-coalicion-civica","tag-elecciones-2021","tag-juntos","tag-paso-2021","tag-politica-2","tag-pro-mercedes","generate-columns","tablet-grid-50","mobile-grid-100","grid-parent","grid-50"],"jetpack_publicize_connections":[],"jetpack_featured_media_url":"https:\/\/www.hoymercedes.com.ar\/principal\/wp-content\/uploads\/2021\/08\/16-pro-lista-3.jpg","wps_subtitle":"Elecciones 2021","jetpack_sharing_enabled":true,"_links":{"self":[{"href":"https:\/\/www.hoymercedes.com.ar\/principal\/wp-json\/wp\/v2\/posts\/135410","targetHints":{"allow":["GET"]}}],"collection":[{"href":"https:\/\/www.hoymercedes.com.ar\/principal\/wp-json\/wp\/v2\/posts"}],"about":[{"href":"https:\/\/www.hoymercedes.com.ar\/principal\/wp-json\/wp\/v2\/types\/post"}],"author":[{"embeddable":true,"href":"https:\/\/www.hoymercedes.com.ar\/principal\/wp-json\/wp\/v2\/users\/1"}],"replies":[{"embeddable":true,"href":"https:\/\/www.hoymercedes.com.ar\/principal\/wp-json\/wp\/v2\/comments?post=135410"}],"version-history":[{"count":0,"href":"https:\/\/www.hoymercedes.com.ar\/principal\/wp-json\/wp\/v2\/posts\/135410\/revisions"}],"wp:featuredmedia":[{"embeddable":true,"href":"https:\/\/www.hoymercedes.com.ar\/principal\/wp-json\/wp\/v2\/media\/135368"}],"wp:attachment":[{"href":"https:\/\/www.hoymercedes.com.ar\/principal\/wp-json\/wp\/v2\/media?parent=135410"}],"wp:term":[{"taxonomy":"category","embeddable":true,"href":"https:\/\/www.hoymercedes.com.ar\/principal\/wp-json\/wp\/v2\/categories?post=135410"},{"taxonomy":"post_tag","embeddable":true,"href":"https:\/\/www.hoymercedes.com.ar\/principal\/wp-json\/wp\/v2\/tags?post=135410"}],"curies":[{"name":"wp","href":"https:\/\/api.w.org\/{rel}","templated":true}]}}