{"id":135505,"date":"2021-08-18T07:02:00","date_gmt":"2021-08-18T10:02:00","guid":{"rendered":"https:\/\/www.hoymercedes.com.ar\/principal\/?p=135505"},"modified":"2021-08-18T09:08:52","modified_gmt":"2021-08-18T12:08:52","slug":"encontraron-a-un-hombre-calcinado-adentro-de-un-auto","status":"publish","type":"post","link":"https:\/\/www.hoymercedes.com.ar\/principal\/2021\/08\/18\/encontraron-a-un-hombre-calcinado-adentro-de-un-auto\/","title":{"rendered":"Encontraron a un hombre calcinado adentro de un auto"},"content":{"rendered":"\n<p>Esta tarde, los Bomberos Voluntarios de la ciudad de San Andr\u00e9s de Giles recibieron el alerta de que un auto se estaba prendiendo fuego en un campo del kil\u00f3metro 111 de la Autov\u00eda 7, mano hacia Carmen de Areco. Cuando llegaron al lugar, se encontraron con una compleja situaci\u00f3n. <\/p>\n\n\n\n<div class=\"wp-block-image\"><figure class=\"aligncenter size-large is-resized\"><img decoding=\"async\" data-attachment-id=\"135506\" data-permalink=\"https:\/\/www.hoymercedes.com.ar\/principal\/2021\/08\/18\/encontraron-a-un-hombre-calcinado-adentro-de-un-auto\/18-giles\/#main\" data-orig-file=\"https:\/\/www.hoymercedes.com.ar\/principal\/wp-content\/uploads\/2021\/08\/18-giles-e1629288460702.jpg\" data-orig-size=\"800,601\" data-comments-opened=\"0\" data-image-meta=\"{&quot;aperture&quot;:&quot;0&quot;,&quot;credit&quot;:&quot;&quot;,&quot;camera&quot;:&quot;&quot;,&quot;caption&quot;:&quot;&quot;,&quot;created_timestamp&quot;:&quot;0&quot;,&quot;copyright&quot;:&quot;&quot;,&quot;focal_length&quot;:&quot;0&quot;,&quot;iso&quot;:&quot;0&quot;,&quot;shutter_speed&quot;:&quot;0&quot;,&quot;title&quot;:&quot;&quot;,&quot;orientation&quot;:&quot;0&quot;}\" data-image-title=\"18 giles\" data-image-description=\"\" data-image-caption=\"\" data-large-file=\"https:\/\/www.hoymercedes.com.ar\/principal\/wp-content\/uploads\/2021\/08\/18-giles-1024x769.jpg\" src=\"https:\/\/www.hoymercedes.com.ar\/principal\/wp-content\/uploads\/2021\/08\/18-giles-1024x769.jpg\" alt=\"\" class=\"wp-image-135506\" width=\"-292\" height=\"-218\"\/><\/figure><\/div>\n\n\n\n<p>Dentro de un campo un Volkswagen Gol ard\u00eda en llamas, se hall\u00f3 un cad\u00e1ver calcinado de un hombre. Al parecer se tratar\u00eda de una persona oriunda de Mor\u00f3n.<\/p>\n\n\n\n<p>El auto se encontraba junto a una casa abandonada. Seg\u00fan informaron fuentes oficiales la v\u00edctima ser\u00eda paciente psiqui\u00e1trico, por lo que se sospecha que se podr\u00eda tratar de un suicidio.<\/p>\n\n\n\n<p>Igualmente la Polic\u00eda adelant\u00f3 que todo est\u00e1 \u201cbajo investigaci\u00f3n\u201d. La Polic\u00eda Rural de la zona trabaj\u00f3 en el lugar. Se solicit\u00f3 la presencia de Polic\u00eda Cient\u00edfica para identificar el cad\u00e1ver y averiguar que sucedi\u00f3. Investigan desde el Ministerio P\u00fablico Fiscal del Departamento Judicial Mercedes. <\/p>\n\n\n\n<p>Colaboraci\u00f3n: InfoCiudad y FM Vall de San Andr\u00e9s de Giles. <\/p>\n","protected":false},"excerpt":{"rendered":"<p>Esta tarde, los Bomberos Voluntarios de la ciudad de San Andr\u00e9s de Giles recibieron el alerta de que un auto &#8230; <a title=\"Encontraron a un hombre calcinado adentro de un auto\" class=\"read-more\" href=\"https:\/\/www.hoymercedes.com.ar\/principal\/2021\/08\/18\/encontraron-a-un-hombre-calcinado-adentro-de-un-auto\/\" aria-label=\"Leer m\u00e1s sobre Encontraron a un hombre calcinado adentro de un auto\">Leer m\u00e1s<\/a><\/p>\n","protected":false},"author":1,"featured_media":135506,"comment_status":"closed","ping_status":"open","sticky":false,"template":"","format":"standard","meta":{"_monsterinsights_skip_tracking":false,"_monsterinsights_sitenote_active":false,"_monsterinsights_sitenote_note":"","_monsterinsights_sitenote_category":0,"jetpack_post_was_ever_published":false,"_jetpack_newsletter_access":"","_jetpack_dont_email_post_to_subs":false,"_jetpack_newsletter_tier_id":0,"_jetpack_memberships_contains_paywalled_content":false,"_jetpack_memberships_contains_paid_content":false,"footnotes":"","jetpack_publicize_message":"","jetpack_publicize_feature_enabled":true,"jetpack_social_post_already_shared":true,"jetpack_social_options":{"image_generator_settings":{"template":"highway","default_image_id":0,"font":"","enabled":false},"version":2},"_wpas_customize_per_network":false},"categories":[85],"tags":[96,1057,2123],"class_list":["post-135505","post","type-post","status-publish","format-standard","has-post-thumbnail","hentry","category-policial","tag-policial-2","tag-regional","tag-san-andres-de-giles","generate-columns","tablet-grid-50","mobile-grid-100","grid-parent","grid-50"],"jetpack_publicize_connections":[],"jetpack_featured_media_url":"https:\/\/www.hoymercedes.com.ar\/principal\/wp-content\/uploads\/2021\/08\/18-giles-e1629288460702.jpg","wps_subtitle":"En San Andr\u00e9s de Giles","jetpack_sharing_enabled":true,"_links":{"self":[{"href":"https:\/\/www.hoymercedes.com.ar\/principal\/wp-json\/wp\/v2\/posts\/135505","targetHints":{"allow":["GET"]}}],"collection":[{"href":"https:\/\/www.hoymercedes.com.ar\/principal\/wp-json\/wp\/v2\/posts"}],"about":[{"href":"https:\/\/www.hoymercedes.com.ar\/principal\/wp-json\/wp\/v2\/types\/post"}],"author":[{"embeddable":true,"href":"https:\/\/www.hoymercedes.com.ar\/principal\/wp-json\/wp\/v2\/users\/1"}],"replies":[{"embeddable":true,"href":"https:\/\/www.hoymercedes.com.ar\/principal\/wp-json\/wp\/v2\/comments?post=135505"}],"version-history":[{"count":0,"href":"https:\/\/www.hoymercedes.com.ar\/principal\/wp-json\/wp\/v2\/posts\/135505\/revisions"}],"wp:featuredmedia":[{"embeddable":true,"href":"https:\/\/www.hoymercedes.com.ar\/principal\/wp-json\/wp\/v2\/media\/135506"}],"wp:attachment":[{"href":"https:\/\/www.hoymercedes.com.ar\/principal\/wp-json\/wp\/v2\/media?parent=135505"}],"wp:term":[{"taxonomy":"category","embeddable":true,"href":"https:\/\/www.hoymercedes.com.ar\/principal\/wp-json\/wp\/v2\/categories?post=135505"},{"taxonomy":"post_tag","embeddable":true,"href":"https:\/\/www.hoymercedes.com.ar\/principal\/wp-json\/wp\/v2\/tags?post=135505"}],"curies":[{"name":"wp","href":"https:\/\/api.w.org\/{rel}","templated":true}]}}