{"id":13568,"date":"2012-06-08T22:03:27","date_gmt":"2012-06-08T22:03:27","guid":{"rendered":"http:\/\/www.hoymercedes.com.ar\/principal\/?p=13568"},"modified":"2012-06-08T22:03:27","modified_gmt":"2012-06-08T22:03:27","slug":"ucr-el-24-seran-las-internas","status":"publish","type":"post","link":"https:\/\/www.hoymercedes.com.ar\/principal\/2012\/06\/08\/ucr-el-24-seran-las-internas\/","title":{"rendered":"UCR: el 24 ser\u00e1n las internas"},"content":{"rendered":"<p>Se informa a todos los afiliados de la U.C.R. que el d\u00eda 24 de Junio, en el horario de 8 a 18 hs. se llevar\u00e1n adelante las elecciones internas para elegir autoridades locales y provinciales en la sede partidaria, calle 29 n\u00b0 714 e\/ 30 y 32 de la ciudad de Mercedes.<\/p>\n<p>Los padrones pueden ser consultados en la misma sede .<\/p>\n<p>Esperamos contar con su participaci\u00f3n para fortalecer este centenario partido.<\/p>\n<p>Soledad Garrido \u00a0 \u00a0 \u00a0 \u00a0 \u00a0 \u00a0 \u00a0 \u00a0Cirilo Guti\u00e9rrez<\/p>\n<p>Presidente \u00a0 \u00a0 \u00a0 \u00a0 \u00a0 \u00a0 \u00a0 \u00a0 \u00a0 \u00a0 \u00a0 \u00a0 \u00a0 \u00a0Secretario.<\/p>\n","protected":false},"excerpt":{"rendered":"<p>Se informa a todos los afiliados de la U.C.R. que el d\u00eda 24 de Junio, en el horario de 8 &#8230; <a title=\"UCR: el 24 ser\u00e1n las internas\" class=\"read-more\" href=\"https:\/\/www.hoymercedes.com.ar\/principal\/2012\/06\/08\/ucr-el-24-seran-las-internas\/\" aria-label=\"Leer m\u00e1s sobre UCR: el 24 ser\u00e1n las internas\">Leer m\u00e1s<\/a><\/p>\n","protected":false},"author":1,"featured_media":0,"comment_status":"open","ping_status":"open","sticky":false,"template":"","format":"standard","meta":{"_monsterinsights_skip_tracking":false,"_monsterinsights_sitenote_active":false,"_monsterinsights_sitenote_note":"","_monsterinsights_sitenote_category":0,"jetpack_post_was_ever_published":false,"_jetpack_newsletter_access":"","_jetpack_dont_email_post_to_subs":false,"_jetpack_newsletter_tier_id":0,"_jetpack_memberships_contains_paywalled_content":false,"_jetpack_memberships_contains_paid_content":false,"footnotes":"","jetpack_publicize_message":"","jetpack_publicize_feature_enabled":true,"jetpack_social_post_already_shared":false,"jetpack_social_options":{"image_generator_settings":{"template":"highway","default_image_id":0,"font":"","enabled":false},"version":2},"_wpas_customize_per_network":false},"categories":[5],"tags":[2329,408],"class_list":["post-13568","post","type-post","status-publish","format-standard","hentry","category-politica","tag-internas-ucr","tag-ucr","generate-columns","tablet-grid-50","mobile-grid-100","grid-parent","grid-50"],"jetpack_publicize_connections":[],"jetpack_featured_media_url":"","wps_subtitle":"","jetpack_sharing_enabled":true,"_links":{"self":[{"href":"https:\/\/www.hoymercedes.com.ar\/principal\/wp-json\/wp\/v2\/posts\/13568","targetHints":{"allow":["GET"]}}],"collection":[{"href":"https:\/\/www.hoymercedes.com.ar\/principal\/wp-json\/wp\/v2\/posts"}],"about":[{"href":"https:\/\/www.hoymercedes.com.ar\/principal\/wp-json\/wp\/v2\/types\/post"}],"author":[{"embeddable":true,"href":"https:\/\/www.hoymercedes.com.ar\/principal\/wp-json\/wp\/v2\/users\/1"}],"replies":[{"embeddable":true,"href":"https:\/\/www.hoymercedes.com.ar\/principal\/wp-json\/wp\/v2\/comments?post=13568"}],"version-history":[{"count":0,"href":"https:\/\/www.hoymercedes.com.ar\/principal\/wp-json\/wp\/v2\/posts\/13568\/revisions"}],"wp:attachment":[{"href":"https:\/\/www.hoymercedes.com.ar\/principal\/wp-json\/wp\/v2\/media?parent=13568"}],"wp:term":[{"taxonomy":"category","embeddable":true,"href":"https:\/\/www.hoymercedes.com.ar\/principal\/wp-json\/wp\/v2\/categories?post=13568"},{"taxonomy":"post_tag","embeddable":true,"href":"https:\/\/www.hoymercedes.com.ar\/principal\/wp-json\/wp\/v2\/tags?post=13568"}],"curies":[{"name":"wp","href":"https:\/\/api.w.org\/{rel}","templated":true}]}}