{"id":13571,"date":"2012-06-08T22:10:04","date_gmt":"2012-06-08T22:10:04","guid":{"rendered":"http:\/\/www.hoymercedes.com.ar\/principal\/?p=13571"},"modified":"2012-06-08T22:10:04","modified_gmt":"2012-06-08T22:10:04","slug":"presentaron-el-programa-adajus-en-mercedes","status":"publish","type":"post","link":"https:\/\/www.hoymercedes.com.ar\/principal\/2012\/06\/08\/presentaron-el-programa-adajus-en-mercedes\/","title":{"rendered":"Presentaron el programa ADAJUS en Mercedes"},"content":{"rendered":"<p>El martes 12 de junio se presentara en Mercedes el Programa Nacional de Asistencia para las Personas con Discapacidad en sus Relaciones con la Administraci\u00f3n de Justicia (ADAJUS), creado por la presidenta Cristina Fern\u00e1ndez de Kirchner con el fin de fortalecer el cumplimiento de los derechos de las personas con discapacidad y, de esa manera, garantizar su efectivo acceso a la justicia en igualdad de condiciones, mediante la informaci\u00f3n, la comunicaci\u00f3n y los procedimientos adecuados.<\/p>\n<p>El programa ADAJUS se desarrolla dentro del Ministerio de Justicia y Derechos Humanos de la Naci\u00f3n y en el marco de las pol\u00edticas de inclusi\u00f3n que promueve el Gobierno nacional articulando con diferentes \u00e1reas de gobierno como las secretar\u00edas de Justicia y Derechos Humanos, los Centros de Acceso a la Justicia, el Servicio Penitenciario Federal, Infojus (Sistema Argentino de Informaci\u00f3n Jur\u00eddica) y el Instituto Nacional contra la Discriminaci\u00f3n, la Xenofobia y el Racismo (INADI).<\/p>\n<p>El objetivo es capacitar, entre otros, a los operadores judiciales, a los agentes penitenciarios y a los funcionarios de la administraci\u00f3n para que se garanticen los derechos de las personas con discapacidad que tengan que enfrentar un proceso judicial o realizar alguna petici\u00f3n ante la administraci\u00f3n en general.<\/p>\n<p>La presentaci\u00f3n estar\u00e1 a cargo de su Coordinadora MABEL REMON, quien interpreta los discursos presidenciales en lengua de se\u00f1as. Es hija y sobrina de sordos y su experiencia de vida le da una particular percepci\u00f3n de la realidad. A su vez, es la \u00fanica perito int\u00e9rprete de la Corte Suprema de Justicia, oficiando de puente entre las personas sordomudas y la Justicia.<\/p>\n<p>Este Programa llega a nuestra ciudad a trav\u00e9s del Centro de Acceso a la Justicia de Mercedes, que brinda un servicio gratuito en el que se complementa el asesoramiento jur\u00eddico, la derivaci\u00f3n institucional y la mediaci\u00f3n comunitaria. En ellos, se realiza la recepci\u00f3n, soluci\u00f3n y seguimiento de problem\u00e1ticas tanto personales como comunitarias. El principal objetivo es acercar la justicia a la ciudadan\u00eda, particularmente a aquellos sectores m\u00e1s vulnerables de la poblaci\u00f3n que desconocen los medios y las v\u00edas institucionales para hacer efectivos sus derechos o que, por diversos motivos, se encuentran imposibilitados para hacerlo. Este Centro Brinda sus servicios en la Sociedad de Fomento del Barrio Obrero, ubicada en la calle 16 esquina 101 bis, de lunes a viernes de 8 a 14 hs y presta un servicio de asesoramiento jur\u00eddico gratuito de manera itinerante en diferentes barrios de Mercedes y sus alrededores.<\/p>\n<p>A todos aquellos que est\u00e9n interesados en presenciar la presentaci\u00f3n del Programa ADAJUS, los esperamos el d\u00eda martes 12 de junio a las 10.30 hs en la Sede de la AEPIF, ubicada en calle 28 entre 31 y 33.<\/p>\n<p>&nbsp;<\/p>\n<p>&nbsp;<\/p>\n","protected":false},"excerpt":{"rendered":"<p>El martes 12 de junio se presentara en Mercedes el Programa Nacional de Asistencia para las Personas con Discapacidad en &#8230; <a title=\"Presentaron el programa ADAJUS en Mercedes\" class=\"read-more\" href=\"https:\/\/www.hoymercedes.com.ar\/principal\/2012\/06\/08\/presentaron-el-programa-adajus-en-mercedes\/\" aria-label=\"Leer m\u00e1s sobre Presentaron el programa ADAJUS en Mercedes\">Leer m\u00e1s<\/a><\/p>\n","protected":false},"author":1,"featured_media":0,"comment_status":"open","ping_status":"open","sticky":false,"template":"","format":"standard","meta":{"_monsterinsights_skip_tracking":false,"_monsterinsights_sitenote_active":false,"_monsterinsights_sitenote_note":"","_monsterinsights_sitenote_category":0,"jetpack_post_was_ever_published":false,"_jetpack_newsletter_access":"","_jetpack_dont_email_post_to_subs":false,"_jetpack_newsletter_tier_id":0,"_jetpack_memberships_contains_paywalled_content":false,"_jetpack_memberships_contains_paid_content":false,"footnotes":"","jetpack_publicize_message":"","jetpack_publicize_feature_enabled":true,"jetpack_social_post_already_shared":false,"jetpack_social_options":{"image_generator_settings":{"template":"highway","default_image_id":0,"font":"","enabled":false},"version":2},"_wpas_customize_per_network":false},"categories":[5],"tags":[2330],"class_list":["post-13571","post","type-post","status-publish","format-standard","hentry","category-politica","tag-adajus","generate-columns","tablet-grid-50","mobile-grid-100","grid-parent","grid-50"],"jetpack_publicize_connections":[],"jetpack_featured_media_url":"","wps_subtitle":"","jetpack_sharing_enabled":true,"_links":{"self":[{"href":"https:\/\/www.hoymercedes.com.ar\/principal\/wp-json\/wp\/v2\/posts\/13571","targetHints":{"allow":["GET"]}}],"collection":[{"href":"https:\/\/www.hoymercedes.com.ar\/principal\/wp-json\/wp\/v2\/posts"}],"about":[{"href":"https:\/\/www.hoymercedes.com.ar\/principal\/wp-json\/wp\/v2\/types\/post"}],"author":[{"embeddable":true,"href":"https:\/\/www.hoymercedes.com.ar\/principal\/wp-json\/wp\/v2\/users\/1"}],"replies":[{"embeddable":true,"href":"https:\/\/www.hoymercedes.com.ar\/principal\/wp-json\/wp\/v2\/comments?post=13571"}],"version-history":[{"count":0,"href":"https:\/\/www.hoymercedes.com.ar\/principal\/wp-json\/wp\/v2\/posts\/13571\/revisions"}],"wp:attachment":[{"href":"https:\/\/www.hoymercedes.com.ar\/principal\/wp-json\/wp\/v2\/media?parent=13571"}],"wp:term":[{"taxonomy":"category","embeddable":true,"href":"https:\/\/www.hoymercedes.com.ar\/principal\/wp-json\/wp\/v2\/categories?post=13571"},{"taxonomy":"post_tag","embeddable":true,"href":"https:\/\/www.hoymercedes.com.ar\/principal\/wp-json\/wp\/v2\/tags?post=13571"}],"curies":[{"name":"wp","href":"https:\/\/api.w.org\/{rel}","templated":true}]}}