{"id":135717,"date":"2021-08-22T07:10:00","date_gmt":"2021-08-22T10:10:00","guid":{"rendered":"https:\/\/www.hoymercedes.com.ar\/principal\/?p=135717"},"modified":"2021-08-22T10:20:09","modified_gmt":"2021-08-22T13:20:09","slug":"secretaria-de-salud-entrego-las-credenciales-de-vacunacion-contra-covid-19","status":"publish","type":"post","link":"https:\/\/www.hoymercedes.com.ar\/principal\/2021\/08\/22\/secretaria-de-salud-entrego-las-credenciales-de-vacunacion-contra-covid-19\/","title":{"rendered":"Secretar\u00eda de Salud entreg\u00f3 las credenciales de vacunaci\u00f3n contra covid-19"},"content":{"rendered":"\n<p>Durante la ma\u00f1ana del s\u00e1bado, la Secretar\u00eda de Salud del Municipio de Mercedes entreg\u00f3 los certificados definitivos, las credenciales provistas por la provincia, a los vecinos que recibieron las dos dosis de la vacuna contra el covid antes del mes de junio. Las credenciales se entregaron en la plaza San Mart\u00edn y anunciar\u00e1n una nueva fecha para continuar con la entrega a aquellas personas que no pudieron hacerse presente. <\/p>\n\n\n\n<div class=\"wp-block-image\"><figure class=\"aligncenter size-full\"><img loading=\"lazy\" decoding=\"async\" width=\"800\" height=\"534\" data-attachment-id=\"135718\" data-permalink=\"https:\/\/www.hoymercedes.com.ar\/principal\/2021\/08\/22\/secretaria-de-salud-entrego-las-credenciales-de-vacunacion-contra-covid-19\/dsc01640\/#main\" data-orig-file=\"https:\/\/www.hoymercedes.com.ar\/principal\/wp-content\/uploads\/2021\/08\/DSC01640.jpg\" data-orig-size=\"800,534\" data-comments-opened=\"0\" data-image-meta=\"{&quot;aperture&quot;:&quot;0&quot;,&quot;credit&quot;:&quot;&quot;,&quot;camera&quot;:&quot;&quot;,&quot;caption&quot;:&quot;&quot;,&quot;created_timestamp&quot;:&quot;0&quot;,&quot;copyright&quot;:&quot;&quot;,&quot;focal_length&quot;:&quot;0&quot;,&quot;iso&quot;:&quot;0&quot;,&quot;shutter_speed&quot;:&quot;0&quot;,&quot;title&quot;:&quot;&quot;,&quot;orientation&quot;:&quot;0&quot;}\" data-image-title=\"DSC01640\" data-image-description=\"\" data-image-caption=\"\" data-large-file=\"https:\/\/www.hoymercedes.com.ar\/principal\/wp-content\/uploads\/2021\/08\/DSC01640.jpg\" src=\"https:\/\/www.hoymercedes.com.ar\/principal\/wp-content\/uploads\/2021\/08\/DSC01640.jpg\" alt=\"\" class=\"wp-image-135718\" srcset=\"https:\/\/www.hoymercedes.com.ar\/principal\/wp-content\/uploads\/2021\/08\/DSC01640.jpg 800w, https:\/\/www.hoymercedes.com.ar\/principal\/wp-content\/uploads\/2021\/08\/DSC01640-630x421.jpg 630w, https:\/\/www.hoymercedes.com.ar\/principal\/wp-content\/uploads\/2021\/08\/DSC01640-150x100.jpg 150w\" sizes=\"auto, (max-width: 800px) 100vw, 800px\" \/><\/figure><\/div>\n\n\n\n<p>El titular de Salud, el pediatra N\u00e9stor Pisapia explic\u00f3 que llegaron casi 18 mil tarjetas. \u00abHemos decidido hacer un operativo de entrega de tarjeta definitiva. La gente tiene su credencial provisoria actualmente. Las credenciales son tarjetas de pl\u00e1stico, que se puede llevar en la billetera. Tienen un c\u00f3digo QR, que se puede escanear, y as\u00ed ver que tiene las dos dosis\u201d, destac\u00f3. <\/p>\n\n\n\n<p> \u201cTodas las tarjetas que estamos entregando es para la gente que tiene las dos dosis. Llegamos a casi 25 mil personas con dos dosis, con lo cual llegamos a un gran n\u00famero de nuestra comunidad. Seguimos a toda marcha con el operativo de vacunaci\u00f3n. Hoy se est\u00e1 vacunando en el CEF y en el MAMM con dos dosis y estamos haciendo un esfuerzo grande para llegar a los primeros d\u00edas de septiembre con toda la poblaci\u00f3n inscripta vacunada\u201d resalt\u00f3 el profesional de la medicina. \u00a0<\/p>\n","protected":false},"excerpt":{"rendered":"<p>Durante la ma\u00f1ana del s\u00e1bado, la Secretar\u00eda de Salud del Municipio de Mercedes entreg\u00f3 los certificados definitivos, las credenciales provistas &#8230; <a title=\"Secretar\u00eda de Salud entreg\u00f3 las credenciales de vacunaci\u00f3n contra covid-19\" class=\"read-more\" href=\"https:\/\/www.hoymercedes.com.ar\/principal\/2021\/08\/22\/secretaria-de-salud-entrego-las-credenciales-de-vacunacion-contra-covid-19\/\" aria-label=\"Leer m\u00e1s sobre Secretar\u00eda de Salud entreg\u00f3 las credenciales de vacunaci\u00f3n contra covid-19\">Leer m\u00e1s<\/a><\/p>\n","protected":false},"author":1,"featured_media":135718,"comment_status":"closed","ping_status":"open","sticky":false,"template":"","format":"standard","meta":{"_monsterinsights_skip_tracking":false,"_monsterinsights_sitenote_active":false,"_monsterinsights_sitenote_note":"","_monsterinsights_sitenote_category":0,"jetpack_post_was_ever_published":false,"_jetpack_newsletter_access":"","_jetpack_dont_email_post_to_subs":false,"_jetpack_newsletter_tier_id":0,"_jetpack_memberships_contains_paywalled_content":false,"_jetpack_memberships_contains_paid_content":false,"footnotes":"","jetpack_publicize_message":"","jetpack_publicize_feature_enabled":true,"jetpack_social_post_already_shared":true,"jetpack_social_options":{"image_generator_settings":{"template":"highway","default_image_id":0,"font":"","enabled":false},"version":2},"_wpas_customize_per_network":false},"categories":[30],"tags":[16175,16313,244,765],"class_list":["post-135717","post","type-post","status-publish","format-standard","has-post-thumbnail","hentry","category-municipio","tag-coronavirus","tag-covid-19","tag-municipio-2","tag-vacunacion","generate-columns","tablet-grid-50","mobile-grid-100","grid-parent","grid-50"],"jetpack_publicize_connections":[],"jetpack_featured_media_url":"https:\/\/www.hoymercedes.com.ar\/principal\/wp-content\/uploads\/2021\/08\/DSC01640.jpg","wps_subtitle":"Dispondr\u00e1n una nueva fecha","jetpack_sharing_enabled":true,"_links":{"self":[{"href":"https:\/\/www.hoymercedes.com.ar\/principal\/wp-json\/wp\/v2\/posts\/135717","targetHints":{"allow":["GET"]}}],"collection":[{"href":"https:\/\/www.hoymercedes.com.ar\/principal\/wp-json\/wp\/v2\/posts"}],"about":[{"href":"https:\/\/www.hoymercedes.com.ar\/principal\/wp-json\/wp\/v2\/types\/post"}],"author":[{"embeddable":true,"href":"https:\/\/www.hoymercedes.com.ar\/principal\/wp-json\/wp\/v2\/users\/1"}],"replies":[{"embeddable":true,"href":"https:\/\/www.hoymercedes.com.ar\/principal\/wp-json\/wp\/v2\/comments?post=135717"}],"version-history":[{"count":0,"href":"https:\/\/www.hoymercedes.com.ar\/principal\/wp-json\/wp\/v2\/posts\/135717\/revisions"}],"wp:featuredmedia":[{"embeddable":true,"href":"https:\/\/www.hoymercedes.com.ar\/principal\/wp-json\/wp\/v2\/media\/135718"}],"wp:attachment":[{"href":"https:\/\/www.hoymercedes.com.ar\/principal\/wp-json\/wp\/v2\/media?parent=135717"}],"wp:term":[{"taxonomy":"category","embeddable":true,"href":"https:\/\/www.hoymercedes.com.ar\/principal\/wp-json\/wp\/v2\/categories?post=135717"},{"taxonomy":"post_tag","embeddable":true,"href":"https:\/\/www.hoymercedes.com.ar\/principal\/wp-json\/wp\/v2\/tags?post=135717"}],"curies":[{"name":"wp","href":"https:\/\/api.w.org\/{rel}","templated":true}]}}