{"id":13574,"date":"2012-06-09T03:13:48","date_gmt":"2012-06-09T03:13:48","guid":{"rendered":"http:\/\/www.hoymercedes.com.ar\/principal\/?p=13574"},"modified":"2012-06-09T03:13:48","modified_gmt":"2012-06-09T03:13:48","slug":"ucr-critica-las-palabras-de-reposo","status":"publish","type":"post","link":"https:\/\/www.hoymercedes.com.ar\/principal\/2012\/06\/09\/ucr-critica-las-palabras-de-reposo\/","title":{"rendered":"UCR critica las palabras de Reposo"},"content":{"rendered":"<p>El jueves por la noche, el vocero de la Presidente, ley\u00f3 la declinaci\u00f3n de Daniel Reposo a la candidatura a Procurador General de la Naci\u00f3n. As\u00ed como fue vergonzoso el papel de Resposo en el Senado frente a las preguntas de los Senadores Nacionales, mas vergonzoso y repudiable, fue la carta dirigida al presidente de bancada radical, donde sin ning\u00fan tipo de verg\u00fcenza el candidato de Cristina Fern\u00e1ndez de Kirchner se puso a la altura de Ra\u00fal Alfons\u00edn.<\/p>\n<p>Esta vez la f\u00f3rmula m\u00e1gica no funcion\u00f3. Acusar a Clarin y la Naci\u00f3n no son\u00f3 cre\u00edble despu\u00e9s del decadente espect\u00e1culo que brindo el actual jefe de la SIGEN y fallido candidato a Procurador General de la Naci\u00f3n. Los excesos de poder, por suerte, tienen l\u00edmites. Reposo no cuenta ni con al idoneidad ni la independencia pol\u00edtica para ocupar tan importante cargo.<\/p>\n<p>Capitulo aparte es la cobarde defensa de Reposo, al tratar de comparar su promedio universitario con el Dr. Ra\u00fal Alfons\u00edn y tratar de compararse con el padre de la democracia y los derechos humanos. No sea cara dura Reposo.<\/p>\n<p>El Dr. Raul Alfons\u00edn fue elegido por el voto popular mayoritario para conducir los destinos de la Naci\u00f3n. Yrigoyen, Alfons\u00edn, Illia, Lula, Mujica honran su nombre y trayectorias por cosas mas importantes: Por ser honorables, atributo que ud. no tiene.<\/p>\n<p>Celebramos el papel de la Uni\u00f3n C\u00edvica Radical en otro intento autoritario kirchnerista.<\/p>\n<p><span style=\"color: #888888;\">Fuente: UCR<\/span><\/p>\n","protected":false},"excerpt":{"rendered":"<p>El jueves por la noche, el vocero de la Presidente, ley\u00f3 la declinaci\u00f3n de Daniel Reposo a la candidatura a &#8230; <a title=\"UCR critica las palabras de Reposo\" class=\"read-more\" href=\"https:\/\/www.hoymercedes.com.ar\/principal\/2012\/06\/09\/ucr-critica-las-palabras-de-reposo\/\" aria-label=\"Leer m\u00e1s sobre UCR critica las palabras de Reposo\">Leer m\u00e1s<\/a><\/p>\n","protected":false},"author":1,"featured_media":0,"comment_status":"open","ping_status":"open","sticky":false,"template":"","format":"standard","meta":{"_monsterinsights_skip_tracking":false,"_monsterinsights_sitenote_active":false,"_monsterinsights_sitenote_note":"","_monsterinsights_sitenote_category":0,"jetpack_post_was_ever_published":false,"_jetpack_newsletter_access":"","_jetpack_dont_email_post_to_subs":false,"_jetpack_newsletter_tier_id":0,"_jetpack_memberships_contains_paywalled_content":false,"_jetpack_memberships_contains_paid_content":false,"footnotes":"","jetpack_publicize_message":"","jetpack_publicize_feature_enabled":true,"jetpack_social_post_already_shared":false,"jetpack_social_options":{"image_generator_settings":{"template":"highway","default_image_id":0,"font":"","enabled":false},"version":2},"_wpas_customize_per_network":false},"categories":[5],"tags":[2331,408],"class_list":["post-13574","post","type-post","status-publish","format-standard","hentry","category-politica","tag-reposo","tag-ucr","generate-columns","tablet-grid-50","mobile-grid-100","grid-parent","grid-50"],"jetpack_publicize_connections":[],"jetpack_featured_media_url":"","wps_subtitle":"","jetpack_sharing_enabled":true,"_links":{"self":[{"href":"https:\/\/www.hoymercedes.com.ar\/principal\/wp-json\/wp\/v2\/posts\/13574","targetHints":{"allow":["GET"]}}],"collection":[{"href":"https:\/\/www.hoymercedes.com.ar\/principal\/wp-json\/wp\/v2\/posts"}],"about":[{"href":"https:\/\/www.hoymercedes.com.ar\/principal\/wp-json\/wp\/v2\/types\/post"}],"author":[{"embeddable":true,"href":"https:\/\/www.hoymercedes.com.ar\/principal\/wp-json\/wp\/v2\/users\/1"}],"replies":[{"embeddable":true,"href":"https:\/\/www.hoymercedes.com.ar\/principal\/wp-json\/wp\/v2\/comments?post=13574"}],"version-history":[{"count":0,"href":"https:\/\/www.hoymercedes.com.ar\/principal\/wp-json\/wp\/v2\/posts\/13574\/revisions"}],"wp:attachment":[{"href":"https:\/\/www.hoymercedes.com.ar\/principal\/wp-json\/wp\/v2\/media?parent=13574"}],"wp:term":[{"taxonomy":"category","embeddable":true,"href":"https:\/\/www.hoymercedes.com.ar\/principal\/wp-json\/wp\/v2\/categories?post=13574"},{"taxonomy":"post_tag","embeddable":true,"href":"https:\/\/www.hoymercedes.com.ar\/principal\/wp-json\/wp\/v2\/tags?post=13574"}],"curies":[{"name":"wp","href":"https:\/\/api.w.org\/{rel}","templated":true}]}}