{"id":13577,"date":"2012-06-09T03:16:05","date_gmt":"2012-06-09T03:16:05","guid":{"rendered":"http:\/\/www.hoymercedes.com.ar\/principal\/?p=13577"},"modified":"2012-06-09T03:16:05","modified_gmt":"2012-06-09T03:16:05","slug":"este-sabado-la-nieta-de-godar-en-el-viejo-almacen","status":"publish","type":"post","link":"https:\/\/www.hoymercedes.com.ar\/principal\/2012\/06\/09\/este-sabado-la-nieta-de-godar-en-el-viejo-almacen\/","title":{"rendered":"Este s\u00e1bado, La Nieta de Godar en El Viejo Almac\u00e9n"},"content":{"rendered":"<p>La banda liderada por el mercedino Rulo S\u00e1nchez se presenta por \u00faltima vez antes de las vacaciones invernales en El Viejo Almac\u00e9n (Acceso sur y 144) el S\u00e1bado 9 de junio a las 00hs., con nuevos temas y muchos invitado.<\/p>\n<p>Para mas info en www.lanietadegodar.com.ar<\/p>\n<p><img decoding=\"async\" class=\"aligncenter\" src=\"https:\/\/mail.google.com\/mail\/?name=6db39de3d9f6a513.png&amp;attid=0.1&amp;disp=vahi&amp;view=att&amp;th=137c4ea8c22e401c\" alt=\"Es posible que tu navegador no permita visualizar esta imagen.\" \/><\/p>\n","protected":false},"excerpt":{"rendered":"<p>La banda liderada por el mercedino Rulo S\u00e1nchez se presenta por \u00faltima vez antes de las vacaciones invernales en El &#8230; <a title=\"Este s\u00e1bado, La Nieta de Godar en El Viejo Almac\u00e9n\" class=\"read-more\" href=\"https:\/\/www.hoymercedes.com.ar\/principal\/2012\/06\/09\/este-sabado-la-nieta-de-godar-en-el-viejo-almacen\/\" aria-label=\"Leer m\u00e1s sobre Este s\u00e1bado, La Nieta de Godar en El Viejo Almac\u00e9n\">Leer m\u00e1s<\/a><\/p>\n","protected":false},"author":1,"featured_media":0,"comment_status":"open","ping_status":"open","sticky":false,"template":"","format":"standard","meta":{"_monsterinsights_skip_tracking":false,"_monsterinsights_sitenote_active":false,"_monsterinsights_sitenote_note":"","_monsterinsights_sitenote_category":0,"jetpack_post_was_ever_published":false,"_jetpack_newsletter_access":"","_jetpack_dont_email_post_to_subs":false,"_jetpack_newsletter_tier_id":0,"_jetpack_memberships_contains_paywalled_content":false,"_jetpack_memberships_contains_paid_content":false,"footnotes":"","jetpack_publicize_message":"","jetpack_publicize_feature_enabled":true,"jetpack_social_post_already_shared":false,"jetpack_social_options":{"image_generator_settings":{"template":"highway","default_image_id":0,"font":"","enabled":false},"version":2},"_wpas_customize_per_network":false},"categories":[104],"tags":[1947],"class_list":["post-13577","post","type-post","status-publish","format-standard","hentry","category-cultura","tag-la-nieta-de-godar","generate-columns","tablet-grid-50","mobile-grid-100","grid-parent","grid-50"],"jetpack_publicize_connections":[],"jetpack_featured_media_url":"","wps_subtitle":"","jetpack_sharing_enabled":true,"_links":{"self":[{"href":"https:\/\/www.hoymercedes.com.ar\/principal\/wp-json\/wp\/v2\/posts\/13577","targetHints":{"allow":["GET"]}}],"collection":[{"href":"https:\/\/www.hoymercedes.com.ar\/principal\/wp-json\/wp\/v2\/posts"}],"about":[{"href":"https:\/\/www.hoymercedes.com.ar\/principal\/wp-json\/wp\/v2\/types\/post"}],"author":[{"embeddable":true,"href":"https:\/\/www.hoymercedes.com.ar\/principal\/wp-json\/wp\/v2\/users\/1"}],"replies":[{"embeddable":true,"href":"https:\/\/www.hoymercedes.com.ar\/principal\/wp-json\/wp\/v2\/comments?post=13577"}],"version-history":[{"count":0,"href":"https:\/\/www.hoymercedes.com.ar\/principal\/wp-json\/wp\/v2\/posts\/13577\/revisions"}],"wp:attachment":[{"href":"https:\/\/www.hoymercedes.com.ar\/principal\/wp-json\/wp\/v2\/media?parent=13577"}],"wp:term":[{"taxonomy":"category","embeddable":true,"href":"https:\/\/www.hoymercedes.com.ar\/principal\/wp-json\/wp\/v2\/categories?post=13577"},{"taxonomy":"post_tag","embeddable":true,"href":"https:\/\/www.hoymercedes.com.ar\/principal\/wp-json\/wp\/v2\/tags?post=13577"}],"curies":[{"name":"wp","href":"https:\/\/api.w.org\/{rel}","templated":true}]}}