{"id":135794,"date":"2021-08-24T07:45:00","date_gmt":"2021-08-24T10:45:00","guid":{"rendered":"https:\/\/www.hoymercedes.com.ar\/principal\/?p=135794"},"modified":"2021-08-23T14:48:33","modified_gmt":"2021-08-23T17:48:33","slug":"equitacion-maria-silvina-en-equus-fidei","status":"publish","type":"post","link":"https:\/\/www.hoymercedes.com.ar\/principal\/2021\/08\/24\/equitacion-maria-silvina-en-equus-fidei\/","title":{"rendered":"Equitaci\u00f3n: Mar\u00eda Silvina en Equus Fidei"},"content":{"rendered":"\n<p>El domingo 15 de Agosto, se realiz\u00f3 en el prestigioso Equus\u00a0Fidei\u00a0la cuarta fecha del Campeonato Amistosos H\u00edpicos del Oeste, en donde los jinetes y amazonas de Mar\u00eda Silvina se hicieron presentes junto a su instructor Lucas Rey.\u00a0Se realizaron alturas desde Paso obligado hasta 1 m.\u00a0<\/p>\n\n\n\n<p>Los clasificados fueron:\u00a0<br>30 cm: <br>1\u00b0 Puesto Trinidad Villa con\u00a0 BP Cerveza\u00a0\u00a0<br>2\u00b0 Puesto Simona\u00a0Apezteguia\u00a0con BP Cerveza.\u00a0<br>3\u00b0 Puesto Luisina\u00a0Martinelli\u00a0con\u00a0Janah\u00a0<br>4\u00b0 Puesto\u00a0Axel\u00a0Sjoberg\u00a0con BP\u00a0Blanqui.\u00a0<\/p>\n\n\n\n<p>40 cm: <br>2\u00b0 Puesto Agustina\u00a0Culio\u00a0con BP Fantasma.\u00a0<\/p>\n\n\n\n<p>60 cm: <br>3\u00b0 Puesto\u00a0Catalina\u00a0Croci\u00a0con BP\u00a0Blanqui. Amazona debutante.\u00a0<\/p>\n\n\n\n<p>70 cm: <br>1\u00b0 Puesto Juana Pereyra con BP Cerveza.\u00a0<br>4\u00b0 Puesto Roc\u00edo\u00a0Cervo\u00a0con\u00a0Magick\u00a0Paint.\u00a0<\/p>\n\n\n\n<p>80 cm: <br>1\u00b0 Puesto Roc\u00edo\u00a0Sjoberg\u00a0con\u00a0Baral\u00a0Takasaki.\u00a0<br>3\u00b0 Puesto Mar\u00eda Paz Rey\u00a0Pruzzo\u00a0con\u00a0Conceptus.\u00a0<\/p>\n\n\n\n<p>90 cm: <br>3\u00b0 Puesto Camila\u00a0Guiacobini\u00a0con BP Jofre.\u00a0\u00a0<br>4\u00b0 Puesto\u00a0Catalina\u00a0Revello con\u00a0Mr\u00a0Gato.\u00a0<\/p>\n\n\n\n<p>1 metro: <br>1\u00b0 Puesto Mar\u00eda Bel\u00e9n Rey\u00a0Pruzzo\u00a0con Gama Romeo\u00a0<br>2\u00b0 Puesto\u00a0Catalina\u00a0Revello con\u00a0Mr\u00a0Gato.\u00a0<br>3\u00b0 Puesto Camila Tomas con V Tanguito.\u00a0<br>4\u00b0 Puesto Camila\u00a0Guiacobini\u00a0con BP Jofre.\u00a0<\/p>\n\n\n\n<p>Participaron tambi\u00e9n con excelentes recorridos Clementina Renaldo, F\u00e1tima&nbsp;Averame, Mar\u00eda Del Rosario&nbsp;Navia,&nbsp;Eyen&nbsp;Gim\u00e9nez, Jazm\u00edn&nbsp;Culio, Enzo Marcelo, Tom\u00e1s Rond\u00f3n, Luciana Hasan, Magali&nbsp;Chuchco, In\u00e9s Su\u00e1rez, Mar\u00eda&nbsp;Llanso, Cloe y Abril Guardines, Paulina&nbsp;Zuliani&nbsp;y&nbsp;Megui&nbsp;Fitzsimons.&nbsp;<\/p>\n","protected":false},"excerpt":{"rendered":"<p>El domingo 15 de Agosto, se realiz\u00f3 en el prestigioso Equus\u00a0Fidei\u00a0la cuarta fecha del Campeonato Amistosos H\u00edpicos del Oeste, en &#8230; <a title=\"Equitaci\u00f3n: Mar\u00eda Silvina en Equus Fidei\" class=\"read-more\" href=\"https:\/\/www.hoymercedes.com.ar\/principal\/2021\/08\/24\/equitacion-maria-silvina-en-equus-fidei\/\" aria-label=\"Leer m\u00e1s sobre Equitaci\u00f3n: Mar\u00eda Silvina en Equus Fidei\">Leer m\u00e1s<\/a><\/p>\n","protected":false},"author":1,"featured_media":135784,"comment_status":"closed","ping_status":"open","sticky":false,"template":"","format":"standard","meta":{"_monsterinsights_skip_tracking":false,"_monsterinsights_sitenote_active":false,"_monsterinsights_sitenote_note":"","_monsterinsights_sitenote_category":0,"jetpack_post_was_ever_published":false,"_jetpack_newsletter_access":"","_jetpack_dont_email_post_to_subs":false,"_jetpack_newsletter_tier_id":0,"_jetpack_memberships_contains_paywalled_content":false,"_jetpack_memberships_contains_paid_content":false,"footnotes":"","jetpack_publicize_message":"","jetpack_publicize_feature_enabled":true,"jetpack_social_post_already_shared":true,"jetpack_social_options":{"image_generator_settings":{"template":"highway","default_image_id":0,"font":"","enabled":false},"version":2},"_wpas_customize_per_network":false},"categories":[21],"tags":[204,1821],"class_list":["post-135794","post","type-post","status-publish","format-standard","has-post-thumbnail","hentry","category-deportes","tag-deportes-2","tag-equitacion","generate-columns","tablet-grid-50","mobile-grid-100","grid-parent","grid-50"],"jetpack_publicize_connections":[],"jetpack_featured_media_url":"https:\/\/www.hoymercedes.com.ar\/principal\/wp-content\/uploads\/2021\/08\/dequi-8.jpeg","wps_subtitle":"Clasificados","jetpack_sharing_enabled":true,"_links":{"self":[{"href":"https:\/\/www.hoymercedes.com.ar\/principal\/wp-json\/wp\/v2\/posts\/135794","targetHints":{"allow":["GET"]}}],"collection":[{"href":"https:\/\/www.hoymercedes.com.ar\/principal\/wp-json\/wp\/v2\/posts"}],"about":[{"href":"https:\/\/www.hoymercedes.com.ar\/principal\/wp-json\/wp\/v2\/types\/post"}],"author":[{"embeddable":true,"href":"https:\/\/www.hoymercedes.com.ar\/principal\/wp-json\/wp\/v2\/users\/1"}],"replies":[{"embeddable":true,"href":"https:\/\/www.hoymercedes.com.ar\/principal\/wp-json\/wp\/v2\/comments?post=135794"}],"version-history":[{"count":0,"href":"https:\/\/www.hoymercedes.com.ar\/principal\/wp-json\/wp\/v2\/posts\/135794\/revisions"}],"wp:featuredmedia":[{"embeddable":true,"href":"https:\/\/www.hoymercedes.com.ar\/principal\/wp-json\/wp\/v2\/media\/135784"}],"wp:attachment":[{"href":"https:\/\/www.hoymercedes.com.ar\/principal\/wp-json\/wp\/v2\/media?parent=135794"}],"wp:term":[{"taxonomy":"category","embeddable":true,"href":"https:\/\/www.hoymercedes.com.ar\/principal\/wp-json\/wp\/v2\/categories?post=135794"},{"taxonomy":"post_tag","embeddable":true,"href":"https:\/\/www.hoymercedes.com.ar\/principal\/wp-json\/wp\/v2\/tags?post=135794"}],"curies":[{"name":"wp","href":"https:\/\/api.w.org\/{rel}","templated":true}]}}