{"id":135866,"date":"2021-08-24T20:16:44","date_gmt":"2021-08-24T23:16:44","guid":{"rendered":"https:\/\/www.hoymercedes.com.ar\/principal\/?p=135866"},"modified":"2021-08-24T20:18:30","modified_gmt":"2021-08-24T23:18:30","slug":"covid-en-el-pais-fallecieron-198-personas-y-confirman-8-119-positivos","status":"publish","type":"post","link":"https:\/\/www.hoymercedes.com.ar\/principal\/2021\/08\/24\/covid-en-el-pais-fallecieron-198-personas-y-confirman-8-119-positivos\/","title":{"rendered":"Covid en el pa\u00eds: fallecieron 198 personas y confirman 8.119 positivos"},"content":{"rendered":"\n<p>El Ministerio de Salud report\u00f3 este martes 198 nuevas muertes y 8.119 casos positivos de coronavirus, inform\u00f3 el Ministerio de Salud, que indic\u00f3 que, con estos datos, suman 110.806 los fallecidos y 5.148.085 los contagiados desde el inicio de la pandemia.<\/p>\n\n\n\n<div class=\"wp-block-image\"><figure class=\"aligncenter size-full is-resized\"><img loading=\"lazy\" decoding=\"async\" data-attachment-id=\"135872\" data-permalink=\"https:\/\/www.hoymercedes.com.ar\/principal\/img_20210824_195121\/\" data-orig-file=\"https:\/\/www.hoymercedes.com.ar\/principal\/wp-content\/uploads\/2021\/08\/IMG_20210824_195121.jpg\" data-orig-size=\"908,483\" data-comments-opened=\"0\" data-image-meta=\"{&quot;aperture&quot;:&quot;0&quot;,&quot;credit&quot;:&quot;&quot;,&quot;camera&quot;:&quot;&quot;,&quot;caption&quot;:&quot;&quot;,&quot;created_timestamp&quot;:&quot;0&quot;,&quot;copyright&quot;:&quot;&quot;,&quot;focal_length&quot;:&quot;0&quot;,&quot;iso&quot;:&quot;0&quot;,&quot;shutter_speed&quot;:&quot;0&quot;,&quot;title&quot;:&quot;&quot;,&quot;orientation&quot;:&quot;0&quot;}\" data-image-title=\"IMG_20210824_195121\" data-image-description=\"\" data-image-caption=\"\" data-large-file=\"https:\/\/www.hoymercedes.com.ar\/principal\/wp-content\/uploads\/2021\/08\/IMG_20210824_195121.jpg\" src=\"https:\/\/www.hoymercedes.com.ar\/principal\/wp-content\/uploads\/2021\/08\/IMG_20210824_195121.jpg\" alt=\"\" class=\"wp-image-135872\" width=\"753\" height=\"401\" srcset=\"https:\/\/www.hoymercedes.com.ar\/principal\/wp-content\/uploads\/2021\/08\/IMG_20210824_195121.jpg 908w, https:\/\/www.hoymercedes.com.ar\/principal\/wp-content\/uploads\/2021\/08\/IMG_20210824_195121-630x335.jpg 630w, https:\/\/www.hoymercedes.com.ar\/principal\/wp-content\/uploads\/2021\/08\/IMG_20210824_195121-150x80.jpg 150w\" sizes=\"auto, (max-width: 753px) 100vw, 753px\" \/><\/figure><\/div>\n\n\n\n<p>El reporte consign\u00f3 que fallecieron 120 hombres y 75 mujeres, mientras que tres personas de la provincia de Buenos Aires fueron reportadas sin datos de sexo. El parte precis\u00f3 que de los hombres fallecidos corresponden 27 a la provincia de Buenos Aires, 11 a la Ciudad de Buenos Aires, uno a Catamarca, cinco a Chaco, 21 a Corrientes, 13 a C\u00f3rdoba, uno a Jujuy, siete a Mendoza, dos a Misiones, tres a R\u00edo Negro, tres a Salta, uno a San Juan, dos a San Luis, ocho a Santa Fe, cinco a Santiago del Estero, uno a Tierra del Fuego y nueve a Tucum\u00e1n. Tambi\u00e9n fallecieron 13 mujeres en la provincia de Buenos Aires, dos en la Ciudad de Buenos Aires, tres en Chaco, una en Chubut, seis en Corrientes, 14 en C\u00f3rdoba, una Entre R\u00edos, seis en Mendoza, tres en Misiones, tres en R\u00edo Negro, dos en Salta, dos en San Juan, 12 en Santa Fe, dos en Santiago del Estero y cinco en Tucum\u00e1n.<\/p>\n\n\n\n<div class=\"wp-block-image\"><figure class=\"aligncenter size-full\"><img loading=\"lazy\" decoding=\"async\" width=\"400\" height=\"462\" data-attachment-id=\"135868\" data-permalink=\"https:\/\/www.hoymercedes.com.ar\/principal\/img_20210824_195128\/\" data-orig-file=\"https:\/\/www.hoymercedes.com.ar\/principal\/wp-content\/uploads\/2021\/08\/IMG_20210824_195128.png\" data-orig-size=\"400,462\" data-comments-opened=\"0\" data-image-meta=\"{&quot;aperture&quot;:&quot;0&quot;,&quot;credit&quot;:&quot;&quot;,&quot;camera&quot;:&quot;&quot;,&quot;caption&quot;:&quot;&quot;,&quot;created_timestamp&quot;:&quot;0&quot;,&quot;copyright&quot;:&quot;&quot;,&quot;focal_length&quot;:&quot;0&quot;,&quot;iso&quot;:&quot;0&quot;,&quot;shutter_speed&quot;:&quot;0&quot;,&quot;title&quot;:&quot;&quot;,&quot;orientation&quot;:&quot;0&quot;}\" data-image-title=\"IMG_20210824_195128\" data-image-description=\"\" data-image-caption=\"\" data-large-file=\"https:\/\/www.hoymercedes.com.ar\/principal\/wp-content\/uploads\/2021\/08\/IMG_20210824_195128.png\" src=\"https:\/\/www.hoymercedes.com.ar\/principal\/wp-content\/uploads\/2021\/08\/IMG_20210824_195128.png\" alt=\"\" class=\"wp-image-135868\" srcset=\"https:\/\/www.hoymercedes.com.ar\/principal\/wp-content\/uploads\/2021\/08\/IMG_20210824_195128.png 400w, https:\/\/www.hoymercedes.com.ar\/principal\/wp-content\/uploads\/2021\/08\/IMG_20210824_195128-130x150.png 130w\" sizes=\"auto, (max-width: 400px) 100vw, 400px\" \/><\/figure><\/div>\n\n\n\n<p>Este martes se registraron en la provincia de Buenos Aires 2.026 casos, en la Ciudad de Buenos Aires 416, en Catamarca 277, en Chaco 195, en Chubut 140, en Corrientes 22, en C\u00f3rdoba 1.367, en Entre R\u00edos 188, en Formosa 119, en Jujuy 83, en La Pampa 97, en La Rioja 57, en Mendoza 290, en Misiones 118, en Neuqu\u00e9n 137, en R\u00edo Negro 173, en Salta 245, en San Juan 979, en San Luis 60, en Santa Cruz 63, en Santa Fe 484, en Santiago del Estero 110, en Tierra del Fuego 27 y en Tucum\u00e1n 446<\/p>\n\n\n\n<p>El total de acumulados por distrito indica que la provincia de Buenos Aires suma 2.028.160, la Ciudad de Buenos Aires 504.920, Catamarca 47.184, Chaco 98.110, Chubut 80.362, Corrientes 88.666, C\u00f3rdoba 502.134, Entre R\u00edos 133.668, Formosa 60.257, Jujuy 46.486, La Pampa 66.102, La Rioja 31.977, Mendoza 161.072, Misiones 34.788, Neuqu\u00e9n 111.538, R\u00edo Negro 97.644, Salta 81.108, San Juan 66.694, San Luis 79.227, Santa Cruz 58.994, Santa Fe 463.798, Santiago del Estero 78.939, Tierra del Fuego 31.997 y Tucum\u00e1n 194.260.<\/p>\n\n\n\n<div class=\"wp-block-image\"><figure class=\"aligncenter size-full\"><img loading=\"lazy\" decoding=\"async\" width=\"230\" height=\"596\" data-attachment-id=\"135871\" data-permalink=\"https:\/\/www.hoymercedes.com.ar\/principal\/img_20210824_195133\/\" data-orig-file=\"https:\/\/www.hoymercedes.com.ar\/principal\/wp-content\/uploads\/2021\/08\/IMG_20210824_195133.png\" data-orig-size=\"230,596\" data-comments-opened=\"0\" data-image-meta=\"{&quot;aperture&quot;:&quot;0&quot;,&quot;credit&quot;:&quot;&quot;,&quot;camera&quot;:&quot;&quot;,&quot;caption&quot;:&quot;&quot;,&quot;created_timestamp&quot;:&quot;0&quot;,&quot;copyright&quot;:&quot;&quot;,&quot;focal_length&quot;:&quot;0&quot;,&quot;iso&quot;:&quot;0&quot;,&quot;shutter_speed&quot;:&quot;0&quot;,&quot;title&quot;:&quot;&quot;,&quot;orientation&quot;:&quot;0&quot;}\" data-image-title=\"IMG_20210824_195133\" data-image-description=\"\" data-image-caption=\"\" data-large-file=\"https:\/\/www.hoymercedes.com.ar\/principal\/wp-content\/uploads\/2021\/08\/IMG_20210824_195133.png\" src=\"https:\/\/www.hoymercedes.com.ar\/principal\/wp-content\/uploads\/2021\/08\/IMG_20210824_195133.png\" alt=\"\" class=\"wp-image-135871\" srcset=\"https:\/\/www.hoymercedes.com.ar\/principal\/wp-content\/uploads\/2021\/08\/IMG_20210824_195133.png 230w, https:\/\/www.hoymercedes.com.ar\/principal\/wp-content\/uploads\/2021\/08\/IMG_20210824_195133-58x150.png 58w\" sizes=\"auto, (max-width: 230px) 100vw, 230px\" \/><\/figure><\/div>\n","protected":false},"excerpt":{"rendered":"<p>El Ministerio de Salud report\u00f3 este martes 198 nuevas muertes y 8.119 casos positivos de coronavirus, inform\u00f3 el Ministerio de &#8230; <a title=\"Covid en el pa\u00eds: fallecieron 198 personas y confirman 8.119 positivos\" class=\"read-more\" href=\"https:\/\/www.hoymercedes.com.ar\/principal\/2021\/08\/24\/covid-en-el-pais-fallecieron-198-personas-y-confirman-8-119-positivos\/\" aria-label=\"Leer m\u00e1s sobre Covid en el pa\u00eds: fallecieron 198 personas y confirman 8.119 positivos\">Leer m\u00e1s<\/a><\/p>\n","protected":false},"author":1,"featured_media":128077,"comment_status":"closed","ping_status":"open","sticky":false,"template":"","format":"standard","meta":{"_monsterinsights_skip_tracking":false,"_monsterinsights_sitenote_active":false,"_monsterinsights_sitenote_note":"","_monsterinsights_sitenote_category":0,"jetpack_post_was_ever_published":false,"_jetpack_newsletter_access":"","_jetpack_dont_email_post_to_subs":false,"_jetpack_newsletter_tier_id":0,"_jetpack_memberships_contains_paywalled_content":false,"_jetpack_memberships_contains_paid_content":false,"footnotes":"","jetpack_publicize_message":"","jetpack_publicize_feature_enabled":true,"jetpack_social_post_already_shared":true,"jetpack_social_options":{"image_generator_settings":{"template":"highway","default_image_id":0,"font":"","enabled":false},"version":2},"_wpas_customize_per_network":false},"categories":[17182],"tags":[16175,16313,15693],"class_list":["post-135866","post","type-post","status-publish","format-standard","has-post-thumbnail","hentry","category-nacion","tag-coronavirus","tag-covid-19","tag-informe-nacional","generate-columns","tablet-grid-50","mobile-grid-100","grid-parent","grid-50"],"jetpack_publicize_connections":[],"jetpack_featured_media_url":"https:\/\/www.hoymercedes.com.ar\/principal\/wp-content\/uploads\/2021\/04\/giphy.gif","wps_subtitle":"Informe nacional","jetpack_sharing_enabled":true,"_links":{"self":[{"href":"https:\/\/www.hoymercedes.com.ar\/principal\/wp-json\/wp\/v2\/posts\/135866","targetHints":{"allow":["GET"]}}],"collection":[{"href":"https:\/\/www.hoymercedes.com.ar\/principal\/wp-json\/wp\/v2\/posts"}],"about":[{"href":"https:\/\/www.hoymercedes.com.ar\/principal\/wp-json\/wp\/v2\/types\/post"}],"author":[{"embeddable":true,"href":"https:\/\/www.hoymercedes.com.ar\/principal\/wp-json\/wp\/v2\/users\/1"}],"replies":[{"embeddable":true,"href":"https:\/\/www.hoymercedes.com.ar\/principal\/wp-json\/wp\/v2\/comments?post=135866"}],"version-history":[{"count":0,"href":"https:\/\/www.hoymercedes.com.ar\/principal\/wp-json\/wp\/v2\/posts\/135866\/revisions"}],"wp:featuredmedia":[{"embeddable":true,"href":"https:\/\/www.hoymercedes.com.ar\/principal\/wp-json\/wp\/v2\/media\/128077"}],"wp:attachment":[{"href":"https:\/\/www.hoymercedes.com.ar\/principal\/wp-json\/wp\/v2\/media?parent=135866"}],"wp:term":[{"taxonomy":"category","embeddable":true,"href":"https:\/\/www.hoymercedes.com.ar\/principal\/wp-json\/wp\/v2\/categories?post=135866"},{"taxonomy":"post_tag","embeddable":true,"href":"https:\/\/www.hoymercedes.com.ar\/principal\/wp-json\/wp\/v2\/tags?post=135866"}],"curies":[{"name":"wp","href":"https:\/\/api.w.org\/{rel}","templated":true}]}}