{"id":136026,"date":"2021-08-27T10:03:00","date_gmt":"2021-08-27T13:03:00","guid":{"rendered":"https:\/\/www.hoymercedes.com.ar\/principal\/?p=136026"},"modified":"2021-08-27T15:24:41","modified_gmt":"2021-08-27T18:24:41","slug":"propuestas-deportivas-al-aire-libre-para-el-fin-de-semana","status":"publish","type":"post","link":"https:\/\/www.hoymercedes.com.ar\/principal\/2021\/08\/27\/propuestas-deportivas-al-aire-libre-para-el-fin-de-semana\/","title":{"rendered":"Propuestas deportivas al aire libre para el fin de semana"},"content":{"rendered":"\n<p>Desde la Direcci\u00f3n de Deportes informaron cambios para el mes entrante en las salidas recreativas de kayaks. A partir del mes de septiembre, los paseos en kayak se trasladar\u00e1n a los s\u00e1bados en la franja horaria de 14 a 17 horas. \u00a0<\/p>\n\n\n\n<div class=\"wp-block-image\"><figure class=\"aligncenter size-full\"><img loading=\"lazy\" decoding=\"async\" width=\"922\" height=\"615\" data-attachment-id=\"136029\" data-permalink=\"https:\/\/www.hoymercedes.com.ar\/principal\/2021\/08\/27\/propuestas-deportivas-al-aire-libre-para-el-fin-de-semana\/dsc08985\/#main\" data-orig-file=\"https:\/\/www.hoymercedes.com.ar\/principal\/wp-content\/uploads\/2021\/08\/DSC08985.jpg\" data-orig-size=\"922,615\" data-comments-opened=\"0\" data-image-meta=\"{&quot;aperture&quot;:&quot;0&quot;,&quot;credit&quot;:&quot;&quot;,&quot;camera&quot;:&quot;&quot;,&quot;caption&quot;:&quot;&quot;,&quot;created_timestamp&quot;:&quot;0&quot;,&quot;copyright&quot;:&quot;&quot;,&quot;focal_length&quot;:&quot;0&quot;,&quot;iso&quot;:&quot;0&quot;,&quot;shutter_speed&quot;:&quot;0&quot;,&quot;title&quot;:&quot;&quot;,&quot;orientation&quot;:&quot;0&quot;}\" data-image-title=\"DSC08985\" data-image-description=\"\" data-image-caption=\"\" data-large-file=\"https:\/\/www.hoymercedes.com.ar\/principal\/wp-content\/uploads\/2021\/08\/DSC08985.jpg\" src=\"https:\/\/www.hoymercedes.com.ar\/principal\/wp-content\/uploads\/2021\/08\/DSC08985.jpg\" alt=\"\" class=\"wp-image-136029\" srcset=\"https:\/\/www.hoymercedes.com.ar\/principal\/wp-content\/uploads\/2021\/08\/DSC08985.jpg 922w, https:\/\/www.hoymercedes.com.ar\/principal\/wp-content\/uploads\/2021\/08\/DSC08985-630x420.jpg 630w, https:\/\/www.hoymercedes.com.ar\/principal\/wp-content\/uploads\/2021\/08\/DSC08985-150x100.jpg 150w\" sizes=\"auto, (max-width: 922px) 100vw, 922px\" \/><\/figure><\/div>\n\n\n\n<p>Asimismo, dentro de la actividad n\u00e1utica brindada por el Municipio de Mercedes, tambi\u00e9n se encuentra la Escuela de Canotaje Municipal. Esta funciona los d\u00edas martes y jueves de 14 a 17 horas. \u00a0<\/p>\n\n\n\n<p>Estos paseos de \u00edndole recreativo, sin l\u00edmite de edad, a realizarse de forma libre y gratuita, ser\u00e1n con salidas desde el Parque Nuevo -sector pasarela-, con previa explicaci\u00f3n y recomendaciones para un paseo seguro; los mismos estar\u00e1n guiados por profesores a cargo de la disciplina. &nbsp;<\/p>\n\n\n\n<p>Los paseos son con turnos. Para ello, se deber\u00e1 contactar v\u00eda mensaje de Whatssap al tel\u00e9fono celular 2324 \u2013 514413 o dirigirse previamente a la oficina montada en el Polideportivo del Parque. \u00a0<\/p>\n","protected":false},"excerpt":{"rendered":"<p>Desde la Direcci\u00f3n de Deportes informaron cambios para el mes entrante en las salidas recreativas de kayaks. A partir del &#8230; <a title=\"Propuestas deportivas al aire libre para el fin de semana\" class=\"read-more\" href=\"https:\/\/www.hoymercedes.com.ar\/principal\/2021\/08\/27\/propuestas-deportivas-al-aire-libre-para-el-fin-de-semana\/\" aria-label=\"Leer m\u00e1s sobre Propuestas deportivas al aire libre para el fin de semana\">Leer m\u00e1s<\/a><\/p>\n","protected":false},"author":1,"featured_media":136029,"comment_status":"closed","ping_status":"open","sticky":false,"template":"","format":"standard","meta":{"_monsterinsights_skip_tracking":false,"_monsterinsights_sitenote_active":false,"_monsterinsights_sitenote_note":"","_monsterinsights_sitenote_category":0,"jetpack_post_was_ever_published":false,"_jetpack_newsletter_access":"","_jetpack_dont_email_post_to_subs":false,"_jetpack_newsletter_tier_id":0,"_jetpack_memberships_contains_paywalled_content":false,"_jetpack_memberships_contains_paid_content":false,"footnotes":"","jetpack_publicize_message":"","jetpack_publicize_feature_enabled":true,"jetpack_social_post_already_shared":true,"jetpack_social_options":{"image_generator_settings":{"template":"highway","default_image_id":0,"font":"","enabled":false},"version":2},"_wpas_customize_per_network":false},"categories":[8],"tags":[204,244],"class_list":["post-136026","post","type-post","status-publish","format-standard","has-post-thumbnail","hentry","category-sociedad","tag-deportes-2","tag-municipio-2","generate-columns","tablet-grid-50","mobile-grid-100","grid-parent","grid-50"],"jetpack_publicize_connections":[],"jetpack_featured_media_url":"https:\/\/www.hoymercedes.com.ar\/principal\/wp-content\/uploads\/2021\/08\/DSC08985.jpg","wps_subtitle":"","jetpack_sharing_enabled":true,"_links":{"self":[{"href":"https:\/\/www.hoymercedes.com.ar\/principal\/wp-json\/wp\/v2\/posts\/136026","targetHints":{"allow":["GET"]}}],"collection":[{"href":"https:\/\/www.hoymercedes.com.ar\/principal\/wp-json\/wp\/v2\/posts"}],"about":[{"href":"https:\/\/www.hoymercedes.com.ar\/principal\/wp-json\/wp\/v2\/types\/post"}],"author":[{"embeddable":true,"href":"https:\/\/www.hoymercedes.com.ar\/principal\/wp-json\/wp\/v2\/users\/1"}],"replies":[{"embeddable":true,"href":"https:\/\/www.hoymercedes.com.ar\/principal\/wp-json\/wp\/v2\/comments?post=136026"}],"version-history":[{"count":0,"href":"https:\/\/www.hoymercedes.com.ar\/principal\/wp-json\/wp\/v2\/posts\/136026\/revisions"}],"wp:featuredmedia":[{"embeddable":true,"href":"https:\/\/www.hoymercedes.com.ar\/principal\/wp-json\/wp\/v2\/media\/136029"}],"wp:attachment":[{"href":"https:\/\/www.hoymercedes.com.ar\/principal\/wp-json\/wp\/v2\/media?parent=136026"}],"wp:term":[{"taxonomy":"category","embeddable":true,"href":"https:\/\/www.hoymercedes.com.ar\/principal\/wp-json\/wp\/v2\/categories?post=136026"},{"taxonomy":"post_tag","embeddable":true,"href":"https:\/\/www.hoymercedes.com.ar\/principal\/wp-json\/wp\/v2\/tags?post=136026"}],"curies":[{"name":"wp","href":"https:\/\/api.w.org\/{rel}","templated":true}]}}