{"id":136056,"date":"2021-08-27T15:35:00","date_gmt":"2021-08-27T18:35:00","guid":{"rendered":"https:\/\/www.hoymercedes.com.ar\/principal\/?p=136056"},"modified":"2021-08-28T17:09:56","modified_gmt":"2021-08-28T20:09:56","slug":"pre-candidatos-de-la-ucr-visita-empresa-metalurgica","status":"publish","type":"post","link":"https:\/\/www.hoymercedes.com.ar\/principal\/2021\/08\/27\/pre-candidatos-de-la-ucr-visita-empresa-metalurgica\/","title":{"rendered":"Pre candidatos de la UCR visita empresa metal\u00fargica"},"content":{"rendered":"\n<p><em>Los precandidatos a concejales en la lista de los radicales dentro del Frente Juntos D\u00e9bora Lacasa, Juan Navarro 7 Marcelo Lopez, junto con el concejal Edgard Kilmeate, visitaron la metal\u00fargica de la familia Spark. Adem\u00e1s est\u00e1n convocando a fiscales de mesa. Comenzaron a repartir boletas<\/em>.<\/p>\n\n\n\n<div class=\"wp-block-image\"><figure class=\"aligncenter size-full is-resized\"><img decoding=\"async\" data-attachment-id=\"136057\" data-permalink=\"https:\/\/www.hoymercedes.com.ar\/principal\/2021\/08\/27\/pre-candidatos-de-la-ucr-visita-empresa-metalurgica\/whatsapp-image-2021-08-26-at-20-32-38\/#main\" data-orig-file=\"https:\/\/www.hoymercedes.com.ar\/principal\/wp-content\/uploads\/2021\/08\/WhatsApp-Image-2021-08-26-at-20.32.38-e1630101183617.jpeg\" data-orig-size=\"800,600\" data-comments-opened=\"0\" data-image-meta=\"{&quot;aperture&quot;:&quot;0&quot;,&quot;credit&quot;:&quot;&quot;,&quot;camera&quot;:&quot;&quot;,&quot;caption&quot;:&quot;&quot;,&quot;created_timestamp&quot;:&quot;0&quot;,&quot;copyright&quot;:&quot;&quot;,&quot;focal_length&quot;:&quot;0&quot;,&quot;iso&quot;:&quot;0&quot;,&quot;shutter_speed&quot;:&quot;0&quot;,&quot;title&quot;:&quot;&quot;,&quot;orientation&quot;:&quot;0&quot;}\" data-image-title=\"WhatsApp Image 2021-08-26 at 20.32.38\" data-image-description=\"\" data-image-caption=\"\" data-large-file=\"https:\/\/www.hoymercedes.com.ar\/principal\/wp-content\/uploads\/2021\/08\/WhatsApp-Image-2021-08-26-at-20.32.38-e1630101183617.jpeg\" src=\"https:\/\/www.hoymercedes.com.ar\/principal\/wp-content\/uploads\/2021\/08\/WhatsApp-Image-2021-08-26-at-20.32.38.jpeg\" alt=\"\" class=\"wp-image-136057\" width=\"-396\" height=\"-297\"\/><\/figure><\/div>\n\n\n\n<p>Tres precandidatos de la UCR local que van en la Lista de las PASO dentro del Frente Juntos, D\u00e9bora Lacasa, Juan Navarro y Marcelo L\u00f3pez, acompa\u00f1aron al concejal Edgard Kilmeate a una visita a la empresa metal\u00fargica Sansur, para conocer de primera mano las problem\u00e1ticas de los emprendedores locales.<\/p>\n\n\n\n<p>\u201cFuimos a visitar la planta de cocinas San Patricio junto a nuestro candidato Marcelo L\u00f3pez quien adem\u00e1s es delegado gremial de la Uni\u00f3n Obrera Metal\u00fargica y el delegado de planta Mat\u00edas Magn\u00edfico. Recorrimos el lugar junto al jefe de Planta, Marcelo Tedesche. Nos mostraron todo el proceso productivo y las innovaciones de nuevas l\u00edneas de productos que est\u00e1n ofreciendo al mercado\u201d, dijo al respecto Juan Navarro, quien va en segundo t\u00e9rmino como pre candidato a concejal por la UCR que agradeci\u00f3 a los empleados y a la familia Spark por haberlos recibido y contares la realidad y desaf\u00edos que tienen por delante.<br>Recorridas y convocatoria<\/p>\n\n\n\n<p>Asimismo en el marco de las recorridas cotidianas por toda la ciudad los precandidatos de la UCR en el Frente Juntos. Est\u00e1n  convocando a la gente con la idea de lograr un fiscal en cada mesa. \u201cA partir del s\u00e1bado empezamos con las capacitaciones a todos los fiscales con los protocolos particulares de esta elecci\u00f3n por el Covid-19\u201d, dijo Navarro y convoc\u00f3 a quienes quieran sumarse ya que llegaron las boletas.<\/p>\n\n\n\n<p>Fuente: Prensa UCR<\/p>\n","protected":false},"excerpt":{"rendered":"<p>Los precandidatos a concejales en la lista de los radicales dentro del Frente Juntos D\u00e9bora Lacasa, Juan Navarro 7 Marcelo &#8230; <a title=\"Pre candidatos de la UCR visita empresa metal\u00fargica\" class=\"read-more\" href=\"https:\/\/www.hoymercedes.com.ar\/principal\/2021\/08\/27\/pre-candidatos-de-la-ucr-visita-empresa-metalurgica\/\" aria-label=\"Leer m\u00e1s sobre Pre candidatos de la UCR visita empresa metal\u00fargica\">Leer m\u00e1s<\/a><\/p>\n","protected":false},"author":1,"featured_media":136057,"comment_status":"closed","ping_status":"open","sticky":false,"template":"","format":"standard","meta":{"_monsterinsights_skip_tracking":false,"_monsterinsights_sitenote_active":false,"_monsterinsights_sitenote_note":"","_monsterinsights_sitenote_category":0,"jetpack_post_was_ever_published":false,"_jetpack_newsletter_access":"","_jetpack_dont_email_post_to_subs":false,"_jetpack_newsletter_tier_id":0,"_jetpack_memberships_contains_paywalled_content":false,"_jetpack_memberships_contains_paid_content":false,"footnotes":"","jetpack_publicize_message":"","jetpack_publicize_feature_enabled":true,"jetpack_social_post_already_shared":true,"jetpack_social_options":{"image_generator_settings":{"template":"highway","default_image_id":0,"font":"","enabled":false},"version":2},"_wpas_customize_per_network":false},"categories":[17907,5],"tags":[7873,17557,17909,5319],"class_list":["post-136056","post","type-post","status-publish","format-standard","has-post-thumbnail","hentry","category-paso-2021","category-politica","tag-campana","tag-elecciones-2021","tag-paso-2021","tag-politica-2","generate-columns","tablet-grid-50","mobile-grid-100","grid-parent","grid-50"],"jetpack_publicize_connections":[],"jetpack_featured_media_url":"https:\/\/www.hoymercedes.com.ar\/principal\/wp-content\/uploads\/2021\/08\/WhatsApp-Image-2021-08-26-at-20.32.38-e1630101183617.jpeg","wps_subtitle":"En campa\u00f1a","jetpack_sharing_enabled":true,"_links":{"self":[{"href":"https:\/\/www.hoymercedes.com.ar\/principal\/wp-json\/wp\/v2\/posts\/136056","targetHints":{"allow":["GET"]}}],"collection":[{"href":"https:\/\/www.hoymercedes.com.ar\/principal\/wp-json\/wp\/v2\/posts"}],"about":[{"href":"https:\/\/www.hoymercedes.com.ar\/principal\/wp-json\/wp\/v2\/types\/post"}],"author":[{"embeddable":true,"href":"https:\/\/www.hoymercedes.com.ar\/principal\/wp-json\/wp\/v2\/users\/1"}],"replies":[{"embeddable":true,"href":"https:\/\/www.hoymercedes.com.ar\/principal\/wp-json\/wp\/v2\/comments?post=136056"}],"version-history":[{"count":0,"href":"https:\/\/www.hoymercedes.com.ar\/principal\/wp-json\/wp\/v2\/posts\/136056\/revisions"}],"wp:featuredmedia":[{"embeddable":true,"href":"https:\/\/www.hoymercedes.com.ar\/principal\/wp-json\/wp\/v2\/media\/136057"}],"wp:attachment":[{"href":"https:\/\/www.hoymercedes.com.ar\/principal\/wp-json\/wp\/v2\/media?parent=136056"}],"wp:term":[{"taxonomy":"category","embeddable":true,"href":"https:\/\/www.hoymercedes.com.ar\/principal\/wp-json\/wp\/v2\/categories?post=136056"},{"taxonomy":"post_tag","embeddable":true,"href":"https:\/\/www.hoymercedes.com.ar\/principal\/wp-json\/wp\/v2\/tags?post=136056"}],"curies":[{"name":"wp","href":"https:\/\/api.w.org\/{rel}","templated":true}]}}