{"id":136068,"date":"2021-08-27T22:20:00","date_gmt":"2021-08-28T01:20:00","guid":{"rendered":"https:\/\/www.hoymercedes.com.ar\/principal\/?p=136068"},"modified":"2021-08-27T20:28:32","modified_gmt":"2021-08-27T23:28:32","slug":"animacion-ciencia-ficcion-y-terror-en-el-cine-mercedes","status":"publish","type":"post","link":"https:\/\/www.hoymercedes.com.ar\/principal\/2021\/08\/27\/animacion-ciencia-ficcion-y-terror-en-el-cine-mercedes\/","title":{"rendered":"Animaci\u00f3n, ciencia ficci\u00f3n y terror en el Cine Mercedes"},"content":{"rendered":"\n<p>Desde este viernes y hasta el martes 31 de agosto, el Cine Mercedes ofrece en su pantalla tres pel\u00edculas. Los d\u00edas s\u00e1bado y domingo, \u00abLos Croods 2\u00bb llegan a la sala de cine local en la funci\u00f3n de las 16:30. En tanto, para el p\u00fablico m\u00e1s grande, podr\u00e1 verse en la funci\u00f3n de la hora 19 la pel\u00edcula \u00abReminiscencia\u00bb; mientras que a las 21:45 a la pantalla llegar\u00e1 \u00abCandyman\u00bb. Se recuerda que ante los protocolos vigentes es recomendable adquirir la entrada con anticipaci\u00f3n ya que el Cine trabaja con aforo. <\/p>\n\n\n\n<div class=\"wp-block-image\"><figure class=\"aligncenter size-full\"><img loading=\"lazy\" decoding=\"async\" width=\"557\" height=\"800\" data-attachment-id=\"136069\" data-permalink=\"https:\/\/www.hoymercedes.com.ar\/principal\/2021\/08\/27\/animacion-ciencia-ficcion-y-terror-en-el-cine-mercedes\/gacetilla-cine-mercedes-14\/#main\" data-orig-file=\"https:\/\/www.hoymercedes.com.ar\/principal\/wp-content\/uploads\/2021\/08\/Gacetilla-Cine-Mercedes-14.jpg\" data-orig-size=\"557,800\" data-comments-opened=\"0\" data-image-meta=\"{&quot;aperture&quot;:&quot;0&quot;,&quot;credit&quot;:&quot;&quot;,&quot;camera&quot;:&quot;&quot;,&quot;caption&quot;:&quot;&quot;,&quot;created_timestamp&quot;:&quot;1505826045&quot;,&quot;copyright&quot;:&quot;&quot;,&quot;focal_length&quot;:&quot;0&quot;,&quot;iso&quot;:&quot;0&quot;,&quot;shutter_speed&quot;:&quot;0&quot;,&quot;title&quot;:&quot;&quot;,&quot;orientation&quot;:&quot;1&quot;}\" data-image-title=\"Gacetilla Cine Mercedes (14)\" data-image-description=\"\" data-image-caption=\"\" data-large-file=\"https:\/\/www.hoymercedes.com.ar\/principal\/wp-content\/uploads\/2021\/08\/Gacetilla-Cine-Mercedes-14.jpg\" src=\"https:\/\/www.hoymercedes.com.ar\/principal\/wp-content\/uploads\/2021\/08\/Gacetilla-Cine-Mercedes-14.jpg\" alt=\"\" class=\"wp-image-136069\" srcset=\"https:\/\/www.hoymercedes.com.ar\/principal\/wp-content\/uploads\/2021\/08\/Gacetilla-Cine-Mercedes-14.jpg 557w, https:\/\/www.hoymercedes.com.ar\/principal\/wp-content\/uploads\/2021\/08\/Gacetilla-Cine-Mercedes-14-432x620.jpg 432w, https:\/\/www.hoymercedes.com.ar\/principal\/wp-content\/uploads\/2021\/08\/Gacetilla-Cine-Mercedes-14-104x150.jpg 104w\" sizes=\"auto, (max-width: 557px) 100vw, 557px\" \/><\/figure><\/div>\n","protected":false},"excerpt":{"rendered":"<p>Desde este viernes y hasta el martes 31 de agosto, el Cine Mercedes ofrece en su pantalla tres pel\u00edculas. Los &#8230; <a title=\"Animaci\u00f3n, ciencia ficci\u00f3n y terror en el Cine Mercedes\" class=\"read-more\" href=\"https:\/\/www.hoymercedes.com.ar\/principal\/2021\/08\/27\/animacion-ciencia-ficcion-y-terror-en-el-cine-mercedes\/\" aria-label=\"Leer m\u00e1s sobre Animaci\u00f3n, ciencia ficci\u00f3n y terror en el Cine Mercedes\">Leer m\u00e1s<\/a><\/p>\n","protected":false},"author":1,"featured_media":136070,"comment_status":"closed","ping_status":"open","sticky":false,"template":"","format":"standard","meta":{"_monsterinsights_skip_tracking":false,"_monsterinsights_sitenote_active":false,"_monsterinsights_sitenote_note":"","_monsterinsights_sitenote_category":0,"jetpack_post_was_ever_published":false,"_jetpack_newsletter_access":"","_jetpack_dont_email_post_to_subs":false,"_jetpack_newsletter_tier_id":0,"_jetpack_memberships_contains_paywalled_content":false,"_jetpack_memberships_contains_paid_content":false,"footnotes":"","jetpack_publicize_message":"","jetpack_publicize_feature_enabled":true,"jetpack_social_post_already_shared":true,"jetpack_social_options":{"image_generator_settings":{"template":"highway","default_image_id":0,"font":"","enabled":false},"version":2},"_wpas_customize_per_network":false},"categories":[104],"tags":[984,7805,12169],"class_list":["post-136068","post","type-post","status-publish","format-standard","has-post-thumbnail","hentry","category-cultura","tag-cine-mercedes","tag-cultura","tag-pantalla","generate-columns","tablet-grid-50","mobile-grid-100","grid-parent","grid-50"],"jetpack_publicize_connections":[],"jetpack_featured_media_url":"https:\/\/www.hoymercedes.com.ar\/principal\/wp-content\/uploads\/2021\/08\/candyman-e1630106663971.jpg","wps_subtitle":"Pantalla local","jetpack_sharing_enabled":true,"_links":{"self":[{"href":"https:\/\/www.hoymercedes.com.ar\/principal\/wp-json\/wp\/v2\/posts\/136068","targetHints":{"allow":["GET"]}}],"collection":[{"href":"https:\/\/www.hoymercedes.com.ar\/principal\/wp-json\/wp\/v2\/posts"}],"about":[{"href":"https:\/\/www.hoymercedes.com.ar\/principal\/wp-json\/wp\/v2\/types\/post"}],"author":[{"embeddable":true,"href":"https:\/\/www.hoymercedes.com.ar\/principal\/wp-json\/wp\/v2\/users\/1"}],"replies":[{"embeddable":true,"href":"https:\/\/www.hoymercedes.com.ar\/principal\/wp-json\/wp\/v2\/comments?post=136068"}],"version-history":[{"count":0,"href":"https:\/\/www.hoymercedes.com.ar\/principal\/wp-json\/wp\/v2\/posts\/136068\/revisions"}],"wp:featuredmedia":[{"embeddable":true,"href":"https:\/\/www.hoymercedes.com.ar\/principal\/wp-json\/wp\/v2\/media\/136070"}],"wp:attachment":[{"href":"https:\/\/www.hoymercedes.com.ar\/principal\/wp-json\/wp\/v2\/media?parent=136068"}],"wp:term":[{"taxonomy":"category","embeddable":true,"href":"https:\/\/www.hoymercedes.com.ar\/principal\/wp-json\/wp\/v2\/categories?post=136068"},{"taxonomy":"post_tag","embeddable":true,"href":"https:\/\/www.hoymercedes.com.ar\/principal\/wp-json\/wp\/v2\/tags?post=136068"}],"curies":[{"name":"wp","href":"https:\/\/api.w.org\/{rel}","templated":true}]}}