{"id":136263,"date":"2021-08-31T17:15:00","date_gmt":"2021-08-31T20:15:00","guid":{"rendered":"http:\/\/www.hoymercedes.com.ar\/principal\/?p=136263"},"modified":"2021-08-31T10:49:04","modified_gmt":"2021-08-31T13:49:04","slug":"municipio-firma-convenio-con-agencia-nacional-de-discapacidad","status":"publish","type":"post","link":"https:\/\/www.hoymercedes.com.ar\/principal\/2021\/08\/31\/municipio-firma-convenio-con-agencia-nacional-de-discapacidad\/","title":{"rendered":"Municipio firma convenio con Agencia Nacional de Discapacidad"},"content":{"rendered":"\n<p>Con el objetivo de abordar y ampliar los derechos de las personas con discapacidad, el Municipio de Mercedes firm\u00f3 convenio con la Agencia Nacional de Discapacidad. La informaci\u00f3n municipal explica que el convenio permitir\u00e1 al municipio asesorar a los vecinos con discapacidad a solicitar pensiones y otros tr\u00e1mites que requieren hacerse ante la Agencia Nacional de Discapacidad. <\/p>\n\n\n\n<div class=\"wp-block-image\"><figure class=\"aligncenter size-full is-resized\"><img loading=\"lazy\" decoding=\"async\" data-attachment-id=\"136265\" data-permalink=\"https:\/\/www.hoymercedes.com.ar\/principal\/2021\/08\/31\/municipio-firma-convenio-con-agencia-nacional-de-discapacidad\/dsc09867\/#main\" data-orig-file=\"https:\/\/www.hoymercedes.com.ar\/principal\/wp-content\/uploads\/2021\/08\/DSC09867.jpg\" data-orig-size=\"800,407\" data-comments-opened=\"0\" data-image-meta=\"{&quot;aperture&quot;:&quot;0&quot;,&quot;credit&quot;:&quot;&quot;,&quot;camera&quot;:&quot;&quot;,&quot;caption&quot;:&quot;&quot;,&quot;created_timestamp&quot;:&quot;0&quot;,&quot;copyright&quot;:&quot;&quot;,&quot;focal_length&quot;:&quot;0&quot;,&quot;iso&quot;:&quot;0&quot;,&quot;shutter_speed&quot;:&quot;0&quot;,&quot;title&quot;:&quot;&quot;,&quot;orientation&quot;:&quot;0&quot;}\" data-image-title=\"DSC09867\" data-image-description=\"\" data-image-caption=\"\" data-large-file=\"https:\/\/www.hoymercedes.com.ar\/principal\/wp-content\/uploads\/2021\/08\/DSC09867.jpg\" src=\"https:\/\/www.hoymercedes.com.ar\/principal\/wp-content\/uploads\/2021\/08\/DSC09867.jpg\" alt=\"\" class=\"wp-image-136265\" width=\"619\" height=\"315\" srcset=\"https:\/\/www.hoymercedes.com.ar\/principal\/wp-content\/uploads\/2021\/08\/DSC09867.jpg 800w, https:\/\/www.hoymercedes.com.ar\/principal\/wp-content\/uploads\/2021\/08\/DSC09867-630x321.jpg 630w, https:\/\/www.hoymercedes.com.ar\/principal\/wp-content\/uploads\/2021\/08\/DSC09867-150x76.jpg 150w\" sizes=\"auto, (max-width: 619px) 100vw, 619px\" \/><\/figure><\/div>\n\n\n\n<p>El intendente Ustarroz destac\u00f3 \u201ca trav\u00e9s de estos convenios vamos a poder gestionar m\u00e1s recursos ante el Estado Nacional para la ciudad de Mercedes y para mejorar las pol\u00edticas de discapacidad que llevamos adelante en el \u00e1mbito local\u00bb<\/p>\n\n\n\n<p>Por su parte, Paula Mart\u00ednez, de la Agencia Nacional de Discapacidad expres\u00f3 \u201cdurante este tiempo se estuvo trabajando de manera remota, pero ahora ya estamos con la vuelta a la presencialidad, por lo que vamos a iniciar este trabajo en conjunto con los municipios para abordar y legitimar los derechos de las personas con discapacidad\u201d.<\/p>\n\n\n\n<p>Tatiana L\u00f3pez, Directora de Discapacidad cont\u00f3 que el convenio permitir\u00e1 contar con agentes para trabajar y colaborar con la Agencia. \u00abEl objetivo es poder estar cada vez m\u00e1s cerca de los vecinos y acercarles todo lo necesario para poder generar m\u00e1s derechos, inclusi\u00f3n y participaci\u00f3n\u201d, destac\u00f3.<\/p>\n\n\n\n<p>\u201cLos agentes van a estar dentro de los espacios atendiendo todo lo referente a temas de pensiones y todos los programas nacionales que la Agencia Nacional de Discapacidad hoy est\u00e1 trabajando e implementando muy bien, en colaboraci\u00f3n con todo lo que llevamos adelante con el Municipio\u201d se\u00f1al\u00f3 L\u00f3pez.\u00a0 \u00a0<\/p>\n\n\n\n<p>Fuente: prensa municipal<\/p>\n","protected":false},"excerpt":{"rendered":"<p>Con el objetivo de abordar y ampliar los derechos de las personas con discapacidad, el Municipio de Mercedes firm\u00f3 convenio &#8230; <a title=\"Municipio firma convenio con Agencia Nacional de Discapacidad\" class=\"read-more\" href=\"https:\/\/www.hoymercedes.com.ar\/principal\/2021\/08\/31\/municipio-firma-convenio-con-agencia-nacional-de-discapacidad\/\" aria-label=\"Leer m\u00e1s sobre Municipio firma convenio con Agencia Nacional de Discapacidad\">Leer m\u00e1s<\/a><\/p>\n","protected":false},"author":1,"featured_media":136265,"comment_status":"closed","ping_status":"open","sticky":false,"template":"","format":"standard","meta":{"_monsterinsights_skip_tracking":false,"_monsterinsights_sitenote_active":false,"_monsterinsights_sitenote_note":"","_monsterinsights_sitenote_category":0,"jetpack_post_was_ever_published":false,"_jetpack_newsletter_access":"","_jetpack_dont_email_post_to_subs":false,"_jetpack_newsletter_tier_id":0,"_jetpack_memberships_contains_paywalled_content":false,"_jetpack_memberships_contains_paid_content":false,"footnotes":"","jetpack_publicize_message":"","jetpack_publicize_feature_enabled":true,"jetpack_social_post_already_shared":true,"jetpack_social_options":{"image_generator_settings":{"template":"highway","default_image_id":0,"font":"","enabled":false},"version":2},"_wpas_customize_per_network":false},"categories":[30],"tags":[244],"class_list":["post-136263","post","type-post","status-publish","format-standard","has-post-thumbnail","hentry","category-municipio","tag-municipio-2","generate-columns","tablet-grid-50","mobile-grid-100","grid-parent","grid-50"],"jetpack_publicize_connections":[],"jetpack_featured_media_url":"https:\/\/www.hoymercedes.com.ar\/principal\/wp-content\/uploads\/2021\/08\/DSC09867.jpg","wps_subtitle":"Sumando agentes del \u00e1rea","jetpack_sharing_enabled":true,"_links":{"self":[{"href":"https:\/\/www.hoymercedes.com.ar\/principal\/wp-json\/wp\/v2\/posts\/136263","targetHints":{"allow":["GET"]}}],"collection":[{"href":"https:\/\/www.hoymercedes.com.ar\/principal\/wp-json\/wp\/v2\/posts"}],"about":[{"href":"https:\/\/www.hoymercedes.com.ar\/principal\/wp-json\/wp\/v2\/types\/post"}],"author":[{"embeddable":true,"href":"https:\/\/www.hoymercedes.com.ar\/principal\/wp-json\/wp\/v2\/users\/1"}],"replies":[{"embeddable":true,"href":"https:\/\/www.hoymercedes.com.ar\/principal\/wp-json\/wp\/v2\/comments?post=136263"}],"version-history":[{"count":0,"href":"https:\/\/www.hoymercedes.com.ar\/principal\/wp-json\/wp\/v2\/posts\/136263\/revisions"}],"wp:featuredmedia":[{"embeddable":true,"href":"https:\/\/www.hoymercedes.com.ar\/principal\/wp-json\/wp\/v2\/media\/136265"}],"wp:attachment":[{"href":"https:\/\/www.hoymercedes.com.ar\/principal\/wp-json\/wp\/v2\/media?parent=136263"}],"wp:term":[{"taxonomy":"category","embeddable":true,"href":"https:\/\/www.hoymercedes.com.ar\/principal\/wp-json\/wp\/v2\/categories?post=136263"},{"taxonomy":"post_tag","embeddable":true,"href":"https:\/\/www.hoymercedes.com.ar\/principal\/wp-json\/wp\/v2\/tags?post=136263"}],"curies":[{"name":"wp","href":"https:\/\/api.w.org\/{rel}","templated":true}]}}