{"id":136280,"date":"2021-08-30T21:13:00","date_gmt":"2021-08-31T00:13:00","guid":{"rendered":"http:\/\/www.hoymercedes.com.ar\/principal\/?p=136280"},"modified":"2021-08-31T15:19:28","modified_gmt":"2021-08-31T18:19:28","slug":"no-podemos-seguir-viviendo-en-un-pais-conducido-sin-horizontes-claros","status":"publish","type":"post","link":"https:\/\/www.hoymercedes.com.ar\/principal\/2021\/08\/30\/no-podemos-seguir-viviendo-en-un-pais-conducido-sin-horizontes-claros\/","title":{"rendered":"\u00abNo podemos seguir viviendo en un pa\u00eds conducido sin horizontes claros\u00bb"},"content":{"rendered":"\n<p>Por Esteban Biagini* &#8211; No podemos seguir viviendo en un pa\u00eds conducido sin horizontes claros. Sin horizontes social, econ\u00f3mico, pol\u00edtico y mucho menos moral. Los habitantes de nuestra Argentina merecen mucho mas de lo que est\u00e1 sucediendo. Mejor dicho, no merecen nada de lo que est\u00e1 pasando. Por quienes lo habitaron antes que nosotros, e hicieron de nuestro pa\u00eds un lugar deseado por el mundo. Por quienes habitamos en el presente, y hacemos un esfuerzo sobrehumano para sostener lo que queda en pie. Y por quienes lo habitar\u00e1n el d\u00eda de ma\u00f1ana, si es que no se van a otras partes del mundo.<\/p>\n\n\n\n<p>El camino de la reparaci\u00f3n de nuestro sistema requiere de grandes acuerdos que nos lleven al sendero de la normalidad pol\u00edtica y social, para finalmente comenzar a ver positivos resultados econ\u00f3micos.<\/p>\n\n\n\n<p>El primer paso clave son las elecciones legislativas que se aproximan en Septiembre y Noviembre. No simplemente por un resultado a favor de un grupo pol\u00edtico u otro. Sino que significa justamente avalar las practicas y las medidas oficiales que vimos hasta ahora con todo lo que eso significa y signific\u00f3, y que no hacen falta recordar, &nbsp;o bien marcar contundentemente un cambio de rumbo.<\/p>\n\n\n\n<p>Hace pocas horas, en la provincia de Corrientes, el triunfo en las elecciones ejecutivas del actual Gobernador Valdes, y su reelecci\u00f3n por el 75% de los votos, da ejemplo de cuando la ciudadan\u00eda indica que no da todo lo mismo, y que valora y reconoce el buen actuar pol\u00edtico mas all\u00e1 de las complicaciones generadas por la pandemia.<\/p>\n\n\n\n<p>Facundo Manes en nuestra provincia representa este cambio de rumbo. No s\u00f3lo por su conocida capacidad profesional, sino porque se sostiene en una estructura provincial que trabaja en ese sentido.<\/p>\n\n\n\n<p>Y por supuesto, nuestro pago chico no queda ajeno a esto, y necesitamos mantener una oposici\u00f3n fuerte en el Concejo Deliberante de Mercedes, que represente estos valores y que adem\u00e1s, indique las diferencias con el oficialismo, sea propositivo y lo suficientemente dialoguista para que Mercedes crezca como se merece. El grupo de personas que tiene esta capacidad es el encabezado por D\u00e9bora Lacasa.<\/p>\n\n\n\n<p>*Esteban Biagini. Representante de la Juventud Radical y Concejal de Juntos por el Cambio<\/p>\n","protected":false},"excerpt":{"rendered":"<p>Por Esteban Biagini* &#8211; No podemos seguir viviendo en un pa\u00eds conducido sin horizontes claros. Sin horizontes social, econ\u00f3mico, pol\u00edtico &#8230; <a title=\"\u00abNo podemos seguir viviendo en un pa\u00eds conducido sin horizontes claros\u00bb\" class=\"read-more\" href=\"https:\/\/www.hoymercedes.com.ar\/principal\/2021\/08\/30\/no-podemos-seguir-viviendo-en-un-pais-conducido-sin-horizontes-claros\/\" aria-label=\"Leer m\u00e1s sobre \u00abNo podemos seguir viviendo en un pa\u00eds conducido sin horizontes claros\u00bb\">Leer m\u00e1s<\/a><\/p>\n","protected":false},"author":1,"featured_media":75152,"comment_status":"closed","ping_status":"open","sticky":false,"template":"","format":"standard","meta":{"_monsterinsights_skip_tracking":false,"_monsterinsights_sitenote_active":false,"_monsterinsights_sitenote_note":"","_monsterinsights_sitenote_category":0,"jetpack_post_was_ever_published":false,"_jetpack_newsletter_access":"","_jetpack_dont_email_post_to_subs":false,"_jetpack_newsletter_tier_id":0,"_jetpack_memberships_contains_paywalled_content":false,"_jetpack_memberships_contains_paid_content":false,"footnotes":"","jetpack_publicize_message":"","jetpack_publicize_feature_enabled":true,"jetpack_social_post_already_shared":true,"jetpack_social_options":{"image_generator_settings":{"template":"highway","default_image_id":0,"font":"","enabled":false},"version":2},"_wpas_customize_per_network":false},"categories":[5],"tags":[8748,5319],"class_list":["post-136280","post","type-post","status-publish","format-standard","has-post-thumbnail","hentry","category-politica","tag-opinion","tag-politica-2","generate-columns","tablet-grid-50","mobile-grid-100","grid-parent","grid-50"],"jetpack_publicize_connections":[],"jetpack_featured_media_url":"https:\/\/www.hoymercedes.com.ar\/principal\/wp-content\/uploads\/2018\/04\/27-Esteban-biagini.jpg","wps_subtitle":"Opini\u00f3n","jetpack_sharing_enabled":true,"_links":{"self":[{"href":"https:\/\/www.hoymercedes.com.ar\/principal\/wp-json\/wp\/v2\/posts\/136280","targetHints":{"allow":["GET"]}}],"collection":[{"href":"https:\/\/www.hoymercedes.com.ar\/principal\/wp-json\/wp\/v2\/posts"}],"about":[{"href":"https:\/\/www.hoymercedes.com.ar\/principal\/wp-json\/wp\/v2\/types\/post"}],"author":[{"embeddable":true,"href":"https:\/\/www.hoymercedes.com.ar\/principal\/wp-json\/wp\/v2\/users\/1"}],"replies":[{"embeddable":true,"href":"https:\/\/www.hoymercedes.com.ar\/principal\/wp-json\/wp\/v2\/comments?post=136280"}],"version-history":[{"count":0,"href":"https:\/\/www.hoymercedes.com.ar\/principal\/wp-json\/wp\/v2\/posts\/136280\/revisions"}],"wp:featuredmedia":[{"embeddable":true,"href":"https:\/\/www.hoymercedes.com.ar\/principal\/wp-json\/wp\/v2\/media\/75152"}],"wp:attachment":[{"href":"https:\/\/www.hoymercedes.com.ar\/principal\/wp-json\/wp\/v2\/media?parent=136280"}],"wp:term":[{"taxonomy":"category","embeddable":true,"href":"https:\/\/www.hoymercedes.com.ar\/principal\/wp-json\/wp\/v2\/categories?post=136280"},{"taxonomy":"post_tag","embeddable":true,"href":"https:\/\/www.hoymercedes.com.ar\/principal\/wp-json\/wp\/v2\/tags?post=136280"}],"curies":[{"name":"wp","href":"https:\/\/api.w.org\/{rel}","templated":true}]}}