{"id":136296,"date":"2021-08-31T18:44:48","date_gmt":"2021-08-31T21:44:48","guid":{"rendered":"https:\/\/www.hoymercedes.com.ar\/principal\/?p=136296"},"modified":"2021-08-31T18:44:59","modified_gmt":"2021-08-31T21:44:59","slug":"all-boys-y-el-inst-san-antonio-lanzan-campana-solidaria","status":"publish","type":"post","link":"https:\/\/www.hoymercedes.com.ar\/principal\/2021\/08\/31\/all-boys-y-el-inst-san-antonio-lanzan-campana-solidaria\/","title":{"rendered":"All Boys y el Inst. San Antonio lanzan campa\u00f1a solidaria"},"content":{"rendered":"\n<p>\u00abEst\u00e1 la puerta abierta, la vida est\u00e1 esperando\u00bb es el lema de la campa\u00f1a que el Instituto San Antonio y All Boys Solidario lanzaron para llevar ropa y calzados a las comunidades Garuhap\u00e9 y Santo Pipo en Misiones. Las donaciones ser\u00e1n llevadas el 11 de octubre por la titular de All Boys Solidaria Malena Del Giudice. <\/p>\n\n\n\n<div class=\"wp-block-image\"><figure class=\"aligncenter size-full\"><img loading=\"lazy\" decoding=\"async\" width=\"800\" height=\"534\" data-attachment-id=\"136298\" data-permalink=\"https:\/\/www.hoymercedes.com.ar\/principal\/2021\/08\/31\/all-boys-y-el-inst-san-antonio-lanzan-campana-solidaria\/whatsapp-image-2021-08-31-at-18-21-14-1\/#main\" data-orig-file=\"https:\/\/www.hoymercedes.com.ar\/principal\/wp-content\/uploads\/2021\/08\/WhatsApp-Image-2021-08-31-at-18.21.14-1.jpeg\" data-orig-size=\"800,534\" data-comments-opened=\"0\" data-image-meta=\"{&quot;aperture&quot;:&quot;0&quot;,&quot;credit&quot;:&quot;&quot;,&quot;camera&quot;:&quot;&quot;,&quot;caption&quot;:&quot;&quot;,&quot;created_timestamp&quot;:&quot;1630434200&quot;,&quot;copyright&quot;:&quot;&quot;,&quot;focal_length&quot;:&quot;0&quot;,&quot;iso&quot;:&quot;0&quot;,&quot;shutter_speed&quot;:&quot;0&quot;,&quot;title&quot;:&quot;&quot;,&quot;orientation&quot;:&quot;1&quot;}\" data-image-title=\"WhatsApp Image 2021-08-31 at 18.21.14 (1)\" data-image-description=\"\" data-image-caption=\"\" data-large-file=\"https:\/\/www.hoymercedes.com.ar\/principal\/wp-content\/uploads\/2021\/08\/WhatsApp-Image-2021-08-31-at-18.21.14-1.jpeg\" src=\"https:\/\/www.hoymercedes.com.ar\/principal\/wp-content\/uploads\/2021\/08\/WhatsApp-Image-2021-08-31-at-18.21.14-1.jpeg\" alt=\"\" class=\"wp-image-136298\" srcset=\"https:\/\/www.hoymercedes.com.ar\/principal\/wp-content\/uploads\/2021\/08\/WhatsApp-Image-2021-08-31-at-18.21.14-1.jpeg 800w, https:\/\/www.hoymercedes.com.ar\/principal\/wp-content\/uploads\/2021\/08\/WhatsApp-Image-2021-08-31-at-18.21.14-1-630x421.jpeg 630w, https:\/\/www.hoymercedes.com.ar\/principal\/wp-content\/uploads\/2021\/08\/WhatsApp-Image-2021-08-31-at-18.21.14-1-150x100.jpeg 150w\" sizes=\"auto, (max-width: 800px) 100vw, 800px\" \/><\/figure><\/div>\n\n\n\n<p>Precisamente, desde All Boys Solidario se hicieron presentes en nivel primario del Instituto San Antonio de Padua para contar las experiencias en las comunidades en las que llevan donaciones. Es asi que se comenz\u00f3 a armar la campa\u00f1a para el mes de septiembre y llevar ropa y calzados a dos localidades misioneras. <\/p>\n\n\n\n<p>\u00abComo una actividad m\u00e1s de el Instituto San Antonio de Padua y con motivo de su 130 aniversario los directivos mostraron su inter\u00e9s en mantener actividades junto a All Boys Solidario. El pr\u00f3xima 11 de octubre, Malena Del Giudice, presidenta de All Boys Solidario, se har\u00e1 presente en Santo Pipo y Garuhap\u00e9 para entregar ella misma las donaciones acopiadas\u00bb, contaron desde la ong para agregar que su fundador de All Boys Solidario Omar \u00abPelusa\u00bb Gonz\u00e1lez, diagrama la entrega en la Escuela N\u00b0 334 de Garuhap\u00e9 y las diferentes escuelas sat\u00e9lites de la localidad Misionera.<\/p>\n\n\n\n<p>Para donar ser\u00e1 necesario contactarse con el colegio San Antonio o con All Boys Solidario (<a href=\"https:\/\/www.facebook.com\/AllBoysSolidario\" target=\"_blank\" rel=\"noreferrer noopener\">facebook<\/a>)<\/p>\n\n\n\n<div class=\"wp-block-image\"><figure class=\"aligncenter size-full\"><img loading=\"lazy\" decoding=\"async\" width=\"800\" height=\"600\" data-attachment-id=\"136299\" data-permalink=\"https:\/\/www.hoymercedes.com.ar\/principal\/2021\/08\/31\/all-boys-y-el-inst-san-antonio-lanzan-campana-solidaria\/whatsapp-image-2021-08-31-at-18-21-14\/#main\" data-orig-file=\"https:\/\/www.hoymercedes.com.ar\/principal\/wp-content\/uploads\/2021\/08\/WhatsApp-Image-2021-08-31-at-18.21.14.jpeg\" data-orig-size=\"800,600\" data-comments-opened=\"0\" data-image-meta=\"{&quot;aperture&quot;:&quot;0&quot;,&quot;credit&quot;:&quot;&quot;,&quot;camera&quot;:&quot;&quot;,&quot;caption&quot;:&quot;&quot;,&quot;created_timestamp&quot;:&quot;0&quot;,&quot;copyright&quot;:&quot;&quot;,&quot;focal_length&quot;:&quot;0&quot;,&quot;iso&quot;:&quot;0&quot;,&quot;shutter_speed&quot;:&quot;0&quot;,&quot;title&quot;:&quot;&quot;,&quot;orientation&quot;:&quot;0&quot;}\" data-image-title=\"WhatsApp Image 2021-08-31 at 18.21.14\" data-image-description=\"\" data-image-caption=\"\" data-large-file=\"https:\/\/www.hoymercedes.com.ar\/principal\/wp-content\/uploads\/2021\/08\/WhatsApp-Image-2021-08-31-at-18.21.14.jpeg\" src=\"https:\/\/www.hoymercedes.com.ar\/principal\/wp-content\/uploads\/2021\/08\/WhatsApp-Image-2021-08-31-at-18.21.14.jpeg\" alt=\"\" class=\"wp-image-136299\" srcset=\"https:\/\/www.hoymercedes.com.ar\/principal\/wp-content\/uploads\/2021\/08\/WhatsApp-Image-2021-08-31-at-18.21.14.jpeg 800w, https:\/\/www.hoymercedes.com.ar\/principal\/wp-content\/uploads\/2021\/08\/WhatsApp-Image-2021-08-31-at-18.21.14-630x473.jpeg 630w, https:\/\/www.hoymercedes.com.ar\/principal\/wp-content\/uploads\/2021\/08\/WhatsApp-Image-2021-08-31-at-18.21.14-150x113.jpeg 150w\" sizes=\"auto, (max-width: 800px) 100vw, 800px\" \/><\/figure><\/div>\n","protected":false},"excerpt":{"rendered":"<p>\u00abEst\u00e1 la puerta abierta, la vida est\u00e1 esperando\u00bb es el lema de la campa\u00f1a que el Instituto San Antonio y &#8230; <a title=\"All Boys y el Inst. San Antonio lanzan campa\u00f1a solidaria\" class=\"read-more\" href=\"https:\/\/www.hoymercedes.com.ar\/principal\/2021\/08\/31\/all-boys-y-el-inst-san-antonio-lanzan-campana-solidaria\/\" aria-label=\"Leer m\u00e1s sobre All Boys y el Inst. San Antonio lanzan campa\u00f1a solidaria\">Leer m\u00e1s<\/a><\/p>\n","protected":false},"author":1,"featured_media":136298,"comment_status":"closed","ping_status":"open","sticky":false,"template":"","format":"standard","meta":{"_monsterinsights_skip_tracking":false,"_monsterinsights_sitenote_active":false,"_monsterinsights_sitenote_note":"","_monsterinsights_sitenote_category":0,"jetpack_post_was_ever_published":false,"_jetpack_newsletter_access":"","_jetpack_dont_email_post_to_subs":false,"_jetpack_newsletter_tier_id":0,"_jetpack_memberships_contains_paywalled_content":false,"_jetpack_memberships_contains_paid_content":false,"footnotes":"","jetpack_publicize_message":"","jetpack_publicize_feature_enabled":true,"jetpack_social_post_already_shared":true,"jetpack_social_options":{"image_generator_settings":{"template":"highway","default_image_id":0,"font":"","enabled":false},"version":2},"_wpas_customize_per_network":false},"categories":[8],"tags":[3907,7802,3361],"class_list":["post-136296","post","type-post","status-publish","format-standard","has-post-thumbnail","hentry","category-sociedad","tag-colegio-san-antonio","tag-sociedad","tag-solidaridad","generate-columns","tablet-grid-50","mobile-grid-100","grid-parent","grid-50"],"jetpack_publicize_connections":[],"jetpack_featured_media_url":"https:\/\/www.hoymercedes.com.ar\/principal\/wp-content\/uploads\/2021\/08\/WhatsApp-Image-2021-08-31-at-18.21.14-1.jpeg","wps_subtitle":"Solidaridad","jetpack_sharing_enabled":true,"_links":{"self":[{"href":"https:\/\/www.hoymercedes.com.ar\/principal\/wp-json\/wp\/v2\/posts\/136296","targetHints":{"allow":["GET"]}}],"collection":[{"href":"https:\/\/www.hoymercedes.com.ar\/principal\/wp-json\/wp\/v2\/posts"}],"about":[{"href":"https:\/\/www.hoymercedes.com.ar\/principal\/wp-json\/wp\/v2\/types\/post"}],"author":[{"embeddable":true,"href":"https:\/\/www.hoymercedes.com.ar\/principal\/wp-json\/wp\/v2\/users\/1"}],"replies":[{"embeddable":true,"href":"https:\/\/www.hoymercedes.com.ar\/principal\/wp-json\/wp\/v2\/comments?post=136296"}],"version-history":[{"count":0,"href":"https:\/\/www.hoymercedes.com.ar\/principal\/wp-json\/wp\/v2\/posts\/136296\/revisions"}],"wp:featuredmedia":[{"embeddable":true,"href":"https:\/\/www.hoymercedes.com.ar\/principal\/wp-json\/wp\/v2\/media\/136298"}],"wp:attachment":[{"href":"https:\/\/www.hoymercedes.com.ar\/principal\/wp-json\/wp\/v2\/media?parent=136296"}],"wp:term":[{"taxonomy":"category","embeddable":true,"href":"https:\/\/www.hoymercedes.com.ar\/principal\/wp-json\/wp\/v2\/categories?post=136296"},{"taxonomy":"post_tag","embeddable":true,"href":"https:\/\/www.hoymercedes.com.ar\/principal\/wp-json\/wp\/v2\/tags?post=136296"}],"curies":[{"name":"wp","href":"https:\/\/api.w.org\/{rel}","templated":true}]}}