{"id":13660,"date":"2012-06-13T02:18:38","date_gmt":"2012-06-13T02:18:38","guid":{"rendered":"http:\/\/www.hoymercedes.com.ar\/principal\/?p=13660"},"modified":"2012-06-13T02:18:38","modified_gmt":"2012-06-13T02:18:38","slug":"selva-nuevamente-junto-a-scioli-2","status":"publish","type":"post","link":"https:\/\/www.hoymercedes.com.ar\/principal\/2012\/06\/13\/selva-nuevamente-junto-a-scioli-2\/","title":{"rendered":"Selva nuevamente junto a Scioli"},"content":{"rendered":"<p>El gobernador Daniel Scioli entreg\u00f3 aportes financieros y firm\u00f3 contratos de financiamiento para la compra de maquinarias en presencia de intendentes, entre ellos Carlos Selva. En su discurso, destac\u00f3 la necesidad de \u201ccontinuar trabajando en una agenda de gesti\u00f3n com\u00fan con los municipios\u201d<\/p>\n<p>Acompa\u00f1ado por el diputado nacional Edgardo Depetri; el embajador Oscar Laborde y representantes de movimientos sociales, Scioli reafirm\u00f3 su compromiso con el cuidado del medioambiente, en el marco de una jornada de debate sobre desarrollo sustentable.<\/p>\n<p>El Gobernador indic\u00f3 que la Provincia \u201cllevar\u00e1 su posici\u00f3n a la Conferencia R\u00edo + 20 de las Naciones Unidas\u201d, que se realizar\u00e1 desde el 20 de junio en Brasil, ponderando la \u201clucha y la perseverancia\u201d del diputado Depetri por \u201cuna econom\u00eda social con rostro humano\u201d y por su \u201cvocaci\u00f3n de llevar la voz de nuestro pa\u00eds a estos foros\u201d.<\/p>\n<p>Participaron los intendentes de Ensenada, Capit\u00e1n Sarmiento; Benito Ju\u00e1rez; Lobos; Suipacha; Baradero; Arrecifes; Punta Indio; Adolfo Gonz\u00e1les Ch\u00e1ves; Col\u00f3n; Necochea; Monte Hermoso; Mercedes; Tordillo y Berisso.<\/p>\n<p>Posteriormente, Scioli otorg\u00f3 apoyo econ\u00f3mico a los municipios de Col\u00f3n, Ensenada, General Pinto, Lan\u00fas, Lober\u00eda, Lobos, Pu\u00e1n, Tordillo; el Club Social Obra Centenario de Brandsen, y la Parroquia Nuestra Se\u00f1ora de la Merced de Pergamino, a trav\u00e9s de la Secretar\u00eda de Espacio P\u00fablico, subrayando la importancia de las obras que \u201cimpactan positivamente en cada barrio\u201d.<\/p>\n<p>El Gobernador encabez\u00f3 tambi\u00e9n la firma de contratos entre Provincia Leasing y los municipios de Bragado, 25 de Mayo, Adolfo Gonz\u00e1les Chaves, San Miguel, Berisso, Avellaneda, Pila, Baradero y Moreno; destinados al financiamiento de la adquisici\u00f3n de maquinaria para mejoramiento urbano, por alrededor de 19 millones de pesos.<\/p>\n<p>En las actividades, lo acompa\u00f1aron el jefe de Gabinete, Alberto P\u00e9rez; los ministros Cristina \u00c1lvarez Rodr\u00edguez (Gobierno), Gustavo Arrieta (Asuntos Agrarios) y Alejandro Arl\u00eda (Infraestructura); los secretarios Juan Courel (Comunicaci\u00f3n P\u00fablica) y Eduardo Aparicio (Espacio P\u00fablico) y el vicepresidente Ejecutivo del Grupo Banco Provincia, Nicol\u00e1s Scioli.<\/p>\n<p><span style=\"color: #888888;\">Fuente:MM<\/span><\/p>\n","protected":false},"excerpt":{"rendered":"<p>El gobernador Daniel Scioli entreg\u00f3 aportes financieros y firm\u00f3 contratos de financiamiento para la compra de maquinarias en presencia de &#8230; <a title=\"Selva nuevamente junto a Scioli\" class=\"read-more\" href=\"https:\/\/www.hoymercedes.com.ar\/principal\/2012\/06\/13\/selva-nuevamente-junto-a-scioli-2\/\" aria-label=\"Leer m\u00e1s sobre Selva nuevamente junto a Scioli\">Leer m\u00e1s<\/a><\/p>\n","protected":false},"author":1,"featured_media":0,"comment_status":"open","ping_status":"open","sticky":false,"template":"","format":"standard","meta":{"_monsterinsights_skip_tracking":false,"_monsterinsights_sitenote_active":false,"_monsterinsights_sitenote_note":"","_monsterinsights_sitenote_category":0,"jetpack_post_was_ever_published":false,"_jetpack_newsletter_access":"","_jetpack_dont_email_post_to_subs":false,"_jetpack_newsletter_tier_id":0,"_jetpack_memberships_contains_paywalled_content":false,"_jetpack_memberships_contains_paid_content":false,"footnotes":"","jetpack_publicize_message":"","jetpack_publicize_feature_enabled":true,"jetpack_social_post_already_shared":false,"jetpack_social_options":{"image_generator_settings":{"template":"highway","default_image_id":0,"font":"","enabled":false},"version":2},"_wpas_customize_per_network":false},"categories":[1],"tags":[721,18],"class_list":["post-13660","post","type-post","status-publish","format-standard","hentry","category-opinion","tag-scioli","tag-selva","generate-columns","tablet-grid-50","mobile-grid-100","grid-parent","grid-50"],"jetpack_publicize_connections":[],"jetpack_featured_media_url":"","wps_subtitle":"","jetpack_sharing_enabled":true,"_links":{"self":[{"href":"https:\/\/www.hoymercedes.com.ar\/principal\/wp-json\/wp\/v2\/posts\/13660","targetHints":{"allow":["GET"]}}],"collection":[{"href":"https:\/\/www.hoymercedes.com.ar\/principal\/wp-json\/wp\/v2\/posts"}],"about":[{"href":"https:\/\/www.hoymercedes.com.ar\/principal\/wp-json\/wp\/v2\/types\/post"}],"author":[{"embeddable":true,"href":"https:\/\/www.hoymercedes.com.ar\/principal\/wp-json\/wp\/v2\/users\/1"}],"replies":[{"embeddable":true,"href":"https:\/\/www.hoymercedes.com.ar\/principal\/wp-json\/wp\/v2\/comments?post=13660"}],"version-history":[{"count":0,"href":"https:\/\/www.hoymercedes.com.ar\/principal\/wp-json\/wp\/v2\/posts\/13660\/revisions"}],"wp:attachment":[{"href":"https:\/\/www.hoymercedes.com.ar\/principal\/wp-json\/wp\/v2\/media?parent=13660"}],"wp:term":[{"taxonomy":"category","embeddable":true,"href":"https:\/\/www.hoymercedes.com.ar\/principal\/wp-json\/wp\/v2\/categories?post=13660"},{"taxonomy":"post_tag","embeddable":true,"href":"https:\/\/www.hoymercedes.com.ar\/principal\/wp-json\/wp\/v2\/tags?post=13660"}],"curies":[{"name":"wp","href":"https:\/\/api.w.org\/{rel}","templated":true}]}}