{"id":136660,"date":"2021-09-05T14:09:00","date_gmt":"2021-09-05T17:09:00","guid":{"rendered":"https:\/\/www.hoymercedes.com.ar\/principal\/?p=136660"},"modified":"2021-09-05T18:37:45","modified_gmt":"2021-09-05T21:37:45","slug":"roba-en-gowland-lo-detienen-infraganti","status":"publish","type":"post","link":"https:\/\/www.hoymercedes.com.ar\/principal\/2021\/09\/05\/roba-en-gowland-lo-detienen-infraganti\/","title":{"rendered":"Roba en Gowland, lo detienen infraganti"},"content":{"rendered":"\n<p>Un var\u00f3n oriundo de General Rodr\u00edguez fue detenido en la localidad de Gowland tras cometer dos il\u00edcitos. En el segundo fue detenido infraganti. Tras una alerta la polic\u00eda comunal de la delegaci\u00f3n de Gowland logr\u00f3 ponerlo tras las rejas.<\/p>\n\n\n\n<p>El primer hecho fue denunciado por una mujer que iba con su hija en bicicleta cuando es interceptada por el var\u00f3n. Luego de eso el mencionado intenta un segundo il\u00edcito contra un vecino de la mencionada localidad siendo en dicho momento encontrado por los efectivos.<\/p>\n\n\n\n<p>El sujeto, proveniente de General Rodr\u00edguez, fue detenido y puesto a disposici\u00f3n de la justicia. Interviene la U.F.I N\u00ba6 del Departamento Judicial Mercedes. Por cuestionen que hacen a la investigaci\u00f3n, no se difunden nombres ni el rostro del detenido.<\/p>\n\n\n\n<div class=\"wp-block-image\"><figure class=\"aligncenter size-full\"><img loading=\"lazy\" decoding=\"async\" width=\"487\" height=\"617\" data-attachment-id=\"136662\" data-permalink=\"https:\/\/www.hoymercedes.com.ar\/principal\/2021\/09\/05\/roba-en-gowland-lo-detienen-infraganti\/rodgiuez-gowland\/#main\" data-orig-file=\"https:\/\/www.hoymercedes.com.ar\/principal\/wp-content\/uploads\/2021\/09\/Rodgiuez.Gowland.jpg\" data-orig-size=\"487,617\" data-comments-opened=\"0\" data-image-meta=\"{&quot;aperture&quot;:&quot;0&quot;,&quot;credit&quot;:&quot;&quot;,&quot;camera&quot;:&quot;&quot;,&quot;caption&quot;:&quot;&quot;,&quot;created_timestamp&quot;:&quot;0&quot;,&quot;copyright&quot;:&quot;&quot;,&quot;focal_length&quot;:&quot;0&quot;,&quot;iso&quot;:&quot;0&quot;,&quot;shutter_speed&quot;:&quot;0&quot;,&quot;title&quot;:&quot;&quot;,&quot;orientation&quot;:&quot;0&quot;}\" data-image-title=\"Rodgiuez.Gowland\" data-image-description=\"\" data-image-caption=\"\" data-large-file=\"https:\/\/www.hoymercedes.com.ar\/principal\/wp-content\/uploads\/2021\/09\/Rodgiuez.Gowland.jpg\" src=\"https:\/\/www.hoymercedes.com.ar\/principal\/wp-content\/uploads\/2021\/09\/Rodgiuez.Gowland.jpg\" alt=\"\" class=\"wp-image-136662\" srcset=\"https:\/\/www.hoymercedes.com.ar\/principal\/wp-content\/uploads\/2021\/09\/Rodgiuez.Gowland.jpg 487w, https:\/\/www.hoymercedes.com.ar\/principal\/wp-content\/uploads\/2021\/09\/Rodgiuez.Gowland-118x150.jpg 118w\" sizes=\"auto, (max-width: 487px) 100vw, 487px\" \/><\/figure><\/div>\n\n\n\n<p>Fuente: Polic\u00eda. <\/p>\n","protected":false},"excerpt":{"rendered":"<p>Un var\u00f3n oriundo de General Rodr\u00edguez fue detenido en la localidad de Gowland tras cometer dos il\u00edcitos. En el segundo &#8230; <a title=\"Roba en Gowland, lo detienen infraganti\" class=\"read-more\" href=\"https:\/\/www.hoymercedes.com.ar\/principal\/2021\/09\/05\/roba-en-gowland-lo-detienen-infraganti\/\" aria-label=\"Leer m\u00e1s sobre Roba en Gowland, lo detienen infraganti\">Leer m\u00e1s<\/a><\/p>\n","protected":false},"author":1,"featured_media":136661,"comment_status":"closed","ping_status":"open","sticky":false,"template":"","format":"standard","meta":{"_monsterinsights_skip_tracking":false,"_monsterinsights_sitenote_active":false,"_monsterinsights_sitenote_note":"","_monsterinsights_sitenote_category":0,"jetpack_post_was_ever_published":false,"_jetpack_newsletter_access":"","_jetpack_dont_email_post_to_subs":false,"_jetpack_newsletter_tier_id":0,"_jetpack_memberships_contains_paywalled_content":false,"_jetpack_memberships_contains_paid_content":false,"footnotes":"","jetpack_publicize_message":"","jetpack_publicize_feature_enabled":true,"jetpack_social_post_already_shared":true,"jetpack_social_options":{"image_generator_settings":{"template":"highway","default_image_id":0,"font":"","enabled":false},"version":2},"_wpas_customize_per_network":false},"categories":[85],"tags":[875,3457],"class_list":["post-136660","post","type-post","status-publish","format-standard","has-post-thumbnail","hentry","category-policial","tag-gowland","tag-policiales","generate-columns","tablet-grid-50","mobile-grid-100","grid-parent","grid-50"],"jetpack_publicize_connections":[],"jetpack_featured_media_url":"https:\/\/www.hoymercedes.com.ar\/principal\/wp-content\/uploads\/2021\/09\/Rodgiuez.Gowland2.jpg","wps_subtitle":"Acusado de dos hechos","jetpack_sharing_enabled":true,"_links":{"self":[{"href":"https:\/\/www.hoymercedes.com.ar\/principal\/wp-json\/wp\/v2\/posts\/136660","targetHints":{"allow":["GET"]}}],"collection":[{"href":"https:\/\/www.hoymercedes.com.ar\/principal\/wp-json\/wp\/v2\/posts"}],"about":[{"href":"https:\/\/www.hoymercedes.com.ar\/principal\/wp-json\/wp\/v2\/types\/post"}],"author":[{"embeddable":true,"href":"https:\/\/www.hoymercedes.com.ar\/principal\/wp-json\/wp\/v2\/users\/1"}],"replies":[{"embeddable":true,"href":"https:\/\/www.hoymercedes.com.ar\/principal\/wp-json\/wp\/v2\/comments?post=136660"}],"version-history":[{"count":0,"href":"https:\/\/www.hoymercedes.com.ar\/principal\/wp-json\/wp\/v2\/posts\/136660\/revisions"}],"wp:featuredmedia":[{"embeddable":true,"href":"https:\/\/www.hoymercedes.com.ar\/principal\/wp-json\/wp\/v2\/media\/136661"}],"wp:attachment":[{"href":"https:\/\/www.hoymercedes.com.ar\/principal\/wp-json\/wp\/v2\/media?parent=136660"}],"wp:term":[{"taxonomy":"category","embeddable":true,"href":"https:\/\/www.hoymercedes.com.ar\/principal\/wp-json\/wp\/v2\/categories?post=136660"},{"taxonomy":"post_tag","embeddable":true,"href":"https:\/\/www.hoymercedes.com.ar\/principal\/wp-json\/wp\/v2\/tags?post=136660"}],"curies":[{"name":"wp","href":"https:\/\/api.w.org\/{rel}","templated":true}]}}