{"id":136676,"date":"2021-09-05T19:15:00","date_gmt":"2021-09-05T22:15:00","guid":{"rendered":"https:\/\/www.hoymercedes.com.ar\/principal\/?p=136676"},"modified":"2021-09-05T18:48:39","modified_gmt":"2021-09-05T21:48:39","slug":"covid-en-el-pais-confirman-67-fallecimientos-y-1-397-contagios","status":"publish","type":"post","link":"https:\/\/www.hoymercedes.com.ar\/principal\/2021\/09\/05\/covid-en-el-pais-confirman-67-fallecimientos-y-1-397-contagios\/","title":{"rendered":"Covid en el pa\u00eds: confirman 67 fallecimientos y 1.397 contagios"},"content":{"rendered":"\n<p>El Ministerio de Salud de la Naci\u00f3n inform\u00f3 este domingo 5 de septiembre que  se registraron 67 muertes y 1.397 nuevos contagios de coronavirus. Con estas cifras, el pa\u00eds acumula un total de 5.203.802 casos desde el comienzo de la pandemia, mientras que los fallecimientos son 112.511.<\/p>\n\n\n\n<div class=\"wp-block-image\"><figure class=\"aligncenter size-full\"><img loading=\"lazy\" decoding=\"async\" width=\"680\" height=\"432\" data-attachment-id=\"136668\" data-permalink=\"https:\/\/www.hoymercedes.com.ar\/principal\/2021\/09\/05\/tenis-de-menores-arranco-la-categoria-d\/05-covid-1\/#main\" data-orig-file=\"https:\/\/www.hoymercedes.com.ar\/principal\/wp-content\/uploads\/2021\/09\/05-covid-1.jpeg\" data-orig-size=\"680,432\" data-comments-opened=\"0\" data-image-meta=\"{&quot;aperture&quot;:&quot;0&quot;,&quot;credit&quot;:&quot;&quot;,&quot;camera&quot;:&quot;&quot;,&quot;caption&quot;:&quot;&quot;,&quot;created_timestamp&quot;:&quot;0&quot;,&quot;copyright&quot;:&quot;&quot;,&quot;focal_length&quot;:&quot;0&quot;,&quot;iso&quot;:&quot;0&quot;,&quot;shutter_speed&quot;:&quot;0&quot;,&quot;title&quot;:&quot;&quot;,&quot;orientation&quot;:&quot;0&quot;}\" data-image-title=\"05 covid 1\" data-image-description=\"\" data-image-caption=\"\" data-large-file=\"https:\/\/www.hoymercedes.com.ar\/principal\/wp-content\/uploads\/2021\/09\/05-covid-1.jpeg\" src=\"https:\/\/www.hoymercedes.com.ar\/principal\/wp-content\/uploads\/2021\/09\/05-covid-1.jpeg\" alt=\"\" class=\"wp-image-136668\" srcset=\"https:\/\/www.hoymercedes.com.ar\/principal\/wp-content\/uploads\/2021\/09\/05-covid-1.jpeg 680w, https:\/\/www.hoymercedes.com.ar\/principal\/wp-content\/uploads\/2021\/09\/05-covid-1-630x400.jpeg 630w, https:\/\/www.hoymercedes.com.ar\/principal\/wp-content\/uploads\/2021\/09\/05-covid-1-150x95.jpeg 150w\" sizes=\"auto, (max-width: 680px) 100vw, 680px\" \/><\/figure><\/div>\n\n\n\n<p>Del total de muertes reportadas este domingo, 44 son hombres (14 de la provincia de Buenos Aires, uno de la ciudad de Buenos Aires, uno de Corrientes, tres de C\u00f3rdoba, uno de Formosa, dos de Jujuy, seis de La Rioja, nueve de Mendoza, tres de Salta, dos de Santa Fe, uno de Santiago del Estero y uno de Tierra del Fuego) y 22 son mujeres (cuatro de la provincia de Buenos Aires, una de Corrientes, tres de C\u00f3rdoba, una de Jujuy, ocho de La Rioja, dos de Mendoza y tres de Salta). Adem\u00e1s, una persona fallecida residente de la provincia de Mendoza fue registrada sin dato de sexo.<\/p>\n\n\n\n<div class=\"wp-block-image\"><figure class=\"aligncenter size-full is-resized\"><img decoding=\"async\" data-attachment-id=\"136669\" data-permalink=\"https:\/\/www.hoymercedes.com.ar\/principal\/2021\/09\/05\/tenis-de-menores-arranco-la-categoria-d\/05-covid-2\/#main\" data-orig-file=\"https:\/\/www.hoymercedes.com.ar\/principal\/wp-content\/uploads\/2021\/09\/05-covid-2.png\" data-orig-size=\"680,669\" data-comments-opened=\"0\" data-image-meta=\"{&quot;aperture&quot;:&quot;0&quot;,&quot;credit&quot;:&quot;&quot;,&quot;camera&quot;:&quot;&quot;,&quot;caption&quot;:&quot;&quot;,&quot;created_timestamp&quot;:&quot;0&quot;,&quot;copyright&quot;:&quot;&quot;,&quot;focal_length&quot;:&quot;0&quot;,&quot;iso&quot;:&quot;0&quot;,&quot;shutter_speed&quot;:&quot;0&quot;,&quot;title&quot;:&quot;&quot;,&quot;orientation&quot;:&quot;0&quot;}\" data-image-title=\"05 covid 2\" data-image-description=\"\" data-image-caption=\"\" data-large-file=\"https:\/\/www.hoymercedes.com.ar\/principal\/wp-content\/uploads\/2021\/09\/05-covid-2.png\" src=\"https:\/\/www.hoymercedes.com.ar\/principal\/wp-content\/uploads\/2021\/09\/05-covid-2.png\" alt=\"\" class=\"wp-image-136669\" width=\"-296\" height=\"-290\" srcset=\"https:\/\/www.hoymercedes.com.ar\/principal\/wp-content\/uploads\/2021\/09\/05-covid-2.png 680w, https:\/\/www.hoymercedes.com.ar\/principal\/wp-content\/uploads\/2021\/09\/05-covid-2-630x620.png 630w, https:\/\/www.hoymercedes.com.ar\/principal\/wp-content\/uploads\/2021\/09\/05-covid-2-150x148.png 150w\" sizes=\"(max-width: 680px) 100vw, 680px\" \/><\/figure><\/div>\n\n\n\n<p>De los 1.397 nuevos contagios notificados esta tarde, 394 son de la provincia de Buenos Aires, 156 de la ciudad de Buenos Aires, 91 de Catamarca, 43 de Chaco, 21 de Chubut, 1 de Corrientes, 177 de C\u00f3rdoba, 15 de Entre R\u00edos, 48 de Formosa, 39 de Jujuy, 16 de La Pampa, 15 de La Rioja, 20 de Mendoza, 38 de Misiones, 26 de Neuqu\u00e9n, 34 de R\u00edo Negro, 20 de Salta, 6 de San Juan, 39 de San Luis, 0 de Santa Cruz, 79 de Santa Fe, 57 de Santiago del Estero, 1 de Tierra del Fuego y 61 de Tucum\u00e1n.<\/p>\n\n\n\n<div class=\"wp-block-image\"><figure class=\"aligncenter size-large is-resized\"><img decoding=\"async\" data-attachment-id=\"136670\" data-permalink=\"https:\/\/www.hoymercedes.com.ar\/principal\/2021\/09\/05\/tenis-de-menores-arranco-la-categoria-d\/05-covid-3\/#main\" data-orig-file=\"https:\/\/www.hoymercedes.com.ar\/principal\/wp-content\/uploads\/2021\/09\/05-covid-3-e1630878242981.jpeg\" data-orig-size=\"303,800\" data-comments-opened=\"0\" data-image-meta=\"{&quot;aperture&quot;:&quot;0&quot;,&quot;credit&quot;:&quot;&quot;,&quot;camera&quot;:&quot;&quot;,&quot;caption&quot;:&quot;&quot;,&quot;created_timestamp&quot;:&quot;0&quot;,&quot;copyright&quot;:&quot;&quot;,&quot;focal_length&quot;:&quot;0&quot;,&quot;iso&quot;:&quot;0&quot;,&quot;shutter_speed&quot;:&quot;0&quot;,&quot;title&quot;:&quot;&quot;,&quot;orientation&quot;:&quot;0&quot;}\" data-image-title=\"05 covid 3\" data-image-description=\"\" data-image-caption=\"\" data-large-file=\"https:\/\/www.hoymercedes.com.ar\/principal\/wp-content\/uploads\/2021\/09\/05-covid-3-387x1024.jpeg\" src=\"https:\/\/www.hoymercedes.com.ar\/principal\/wp-content\/uploads\/2021\/09\/05-covid-3-387x1024.jpeg\" alt=\"\" class=\"wp-image-136670\" width=\"-58\" height=\"-153\"\/><\/figure><\/div>\n\n\n\n<p><\/p>\n","protected":false},"excerpt":{"rendered":"<p>El Ministerio de Salud de la Naci\u00f3n inform\u00f3 este domingo 5 de septiembre que se registraron 67 muertes y 1.397 &#8230; <a title=\"Covid en el pa\u00eds: confirman 67 fallecimientos y 1.397 contagios\" class=\"read-more\" href=\"https:\/\/www.hoymercedes.com.ar\/principal\/2021\/09\/05\/covid-en-el-pais-confirman-67-fallecimientos-y-1-397-contagios\/\" aria-label=\"Leer m\u00e1s sobre Covid en el pa\u00eds: confirman 67 fallecimientos y 1.397 contagios\">Leer m\u00e1s<\/a><\/p>\n","protected":false},"author":1,"featured_media":128077,"comment_status":"closed","ping_status":"open","sticky":false,"template":"","format":"standard","meta":{"_monsterinsights_skip_tracking":false,"_monsterinsights_sitenote_active":false,"_monsterinsights_sitenote_note":"","_monsterinsights_sitenote_category":0,"jetpack_post_was_ever_published":false,"_jetpack_newsletter_access":"","_jetpack_dont_email_post_to_subs":false,"_jetpack_newsletter_tier_id":0,"_jetpack_memberships_contains_paywalled_content":false,"_jetpack_memberships_contains_paid_content":false,"footnotes":"","jetpack_publicize_message":"","jetpack_publicize_feature_enabled":true,"jetpack_social_post_already_shared":true,"jetpack_social_options":{"image_generator_settings":{"template":"highway","default_image_id":0,"font":"","enabled":false},"version":2},"_wpas_customize_per_network":false},"categories":[17182],"tags":[16175,16313,15693],"class_list":["post-136676","post","type-post","status-publish","format-standard","has-post-thumbnail","hentry","category-nacion","tag-coronavirus","tag-covid-19","tag-informe-nacional","generate-columns","tablet-grid-50","mobile-grid-100","grid-parent","grid-50"],"jetpack_publicize_connections":[],"jetpack_featured_media_url":"https:\/\/www.hoymercedes.com.ar\/principal\/wp-content\/uploads\/2021\/04\/giphy.gif","wps_subtitle":"Informe nacional","jetpack_sharing_enabled":true,"_links":{"self":[{"href":"https:\/\/www.hoymercedes.com.ar\/principal\/wp-json\/wp\/v2\/posts\/136676","targetHints":{"allow":["GET"]}}],"collection":[{"href":"https:\/\/www.hoymercedes.com.ar\/principal\/wp-json\/wp\/v2\/posts"}],"about":[{"href":"https:\/\/www.hoymercedes.com.ar\/principal\/wp-json\/wp\/v2\/types\/post"}],"author":[{"embeddable":true,"href":"https:\/\/www.hoymercedes.com.ar\/principal\/wp-json\/wp\/v2\/users\/1"}],"replies":[{"embeddable":true,"href":"https:\/\/www.hoymercedes.com.ar\/principal\/wp-json\/wp\/v2\/comments?post=136676"}],"version-history":[{"count":0,"href":"https:\/\/www.hoymercedes.com.ar\/principal\/wp-json\/wp\/v2\/posts\/136676\/revisions"}],"wp:featuredmedia":[{"embeddable":true,"href":"https:\/\/www.hoymercedes.com.ar\/principal\/wp-json\/wp\/v2\/media\/128077"}],"wp:attachment":[{"href":"https:\/\/www.hoymercedes.com.ar\/principal\/wp-json\/wp\/v2\/media?parent=136676"}],"wp:term":[{"taxonomy":"category","embeddable":true,"href":"https:\/\/www.hoymercedes.com.ar\/principal\/wp-json\/wp\/v2\/categories?post=136676"},{"taxonomy":"post_tag","embeddable":true,"href":"https:\/\/www.hoymercedes.com.ar\/principal\/wp-json\/wp\/v2\/tags?post=136676"}],"curies":[{"name":"wp","href":"https:\/\/api.w.org\/{rel}","templated":true}]}}