{"id":13668,"date":"2012-06-14T01:31:50","date_gmt":"2012-06-14T01:31:50","guid":{"rendered":"http:\/\/www.hoymercedes.com.ar\/principal\/?p=13668"},"modified":"2012-06-14T01:31:50","modified_gmt":"2012-06-14T01:31:50","slug":"el-intendente-selva-participo-de-un-seminario-en-la-ciudad-de-lujan","status":"publish","type":"post","link":"https:\/\/www.hoymercedes.com.ar\/principal\/2012\/06\/14\/el-intendente-selva-participo-de-un-seminario-en-la-ciudad-de-lujan\/","title":{"rendered":"El Intendente Selva participo de un seminario en la ciudad de Lujan"},"content":{"rendered":"<p><a href=\"https:\/\/www.hoymercedes.com.ar\/principal\/wp-content\/uploads\/2012\/06\/Selva-UNLu-CorredorProductivo1.jpg\"><img loading=\"lazy\" decoding=\"async\" data-attachment-id=\"13670\" data-permalink=\"https:\/\/www.hoymercedes.com.ar\/principal\/2012\/06\/14\/el-intendente-selva-participo-de-un-seminario-en-la-ciudad-de-lujan\/selva-unlu-corredorproductivo-2\/#main\" data-orig-file=\"https:\/\/www.hoymercedes.com.ar\/principal\/wp-content\/uploads\/2012\/06\/Selva-UNLu-CorredorProductivo1.jpg\" data-orig-size=\"612,408\" data-comments-opened=\"1\" data-image-meta=\"{&quot;aperture&quot;:&quot;5.6&quot;,&quot;credit&quot;:&quot;&quot;,&quot;camera&quot;:&quot;NIKON D3100&quot;,&quot;caption&quot;:&quot;&quot;,&quot;created_timestamp&quot;:&quot;1339509033&quot;,&quot;copyright&quot;:&quot;&quot;,&quot;focal_length&quot;:&quot;29&quot;,&quot;iso&quot;:&quot;800&quot;,&quot;shutter_speed&quot;:&quot;0.066666666666667&quot;,&quot;title&quot;:&quot;&quot;}\" data-image-title=\"Selva-UNLu-CorredorProductivo\" data-image-description=\"\" data-image-caption=\"\" data-large-file=\"https:\/\/www.hoymercedes.com.ar\/principal\/wp-content\/uploads\/2012\/06\/Selva-UNLu-CorredorProductivo1.jpg\" class=\"aligncenter size-full wp-image-13670\" title=\"Selva-UNLu-CorredorProductivo\" src=\"https:\/\/www.hoymercedes.com.ar\/principal\/wp-content\/uploads\/2012\/06\/Selva-UNLu-CorredorProductivo1.jpg\" alt=\"\" width=\"612\" height=\"408\" \/><\/a><\/p>\n<p>Se llev\u00f3 a cabo en el d\u00eda de ayer en el Museo de Bellas Artes Fern\u00e1n F\u00e9lix de Amador, el Seminario Internacional sobre Constituci\u00f3n y Gesti\u00f3n de Consorcios Interinstitucionales con la presencia del Intendente Dr. Oscar Luciani. El evento estuvo organizado por el Municipio, en representaci\u00f3n del Corredor Productivo Municipios al Mercosur y por la Universidad Nacional de Luj\u00e1n, en el marco del Programa GENERAR, del Departamento de Ciencias Sociales y el Proyecto GTEC CUBA<\/p>\n<p>Disertaron en esta oportunidad Hern\u00e1n Bacarini, Vicerrector de la Universidad Nacional de Luj\u00e1n, Jos\u00e9 Luis Brians\u00f3, de la Universidad Aut\u00f3noma de Barcelona, Carlos Selva, Intendente de la ciudad de Mercedes, Juan Antonio Delfino, Intendente de la ciudad de Suipacha y Ricardo Curutchet, Intendente del Partido de Marcos Paz, Pablo Reale, Vicepresidente de la Uni\u00f3n Industrial de la Provincia de Buenos Aires, Luis Antonioli, Subsecretario de Empleo del Ministerio de Trabajo de la Provincia de Buenos Aires. Los temas tratados, entre otros, fueron Oportunidades y casos Internacionales de los Consorcios interinstitucionales, Actores y posibilidades de aplicaci\u00f3n del Sistema Regional de Innovaci\u00f3n y Situaci\u00f3n y perspectivas de El Corredor Productivo Municipios al Mercosur.<\/p>\n<p>Se llevaron a cabo por la tarde Talleres de Mesas tem\u00e1ticas sobre Turismo, donde represento a la ciudad el Director de Turismo Marcelo Melo y sobre Empleo y Trabajo, representados por la responsable de la Oficina de Empleo local Carolina Galeano, para luego llegar a las Conclusiones pertinentes de todo lo tratado durante la jornada<\/p>\n","protected":false},"excerpt":{"rendered":"<p>Se llev\u00f3 a cabo en el d\u00eda de ayer en el Museo de Bellas Artes Fern\u00e1n F\u00e9lix de Amador, el &#8230; <a title=\"El Intendente Selva participo de un seminario en la ciudad de Lujan\" class=\"read-more\" href=\"https:\/\/www.hoymercedes.com.ar\/principal\/2012\/06\/14\/el-intendente-selva-participo-de-un-seminario-en-la-ciudad-de-lujan\/\" aria-label=\"Leer m\u00e1s sobre El Intendente Selva participo de un seminario en la ciudad de Lujan\">Leer m\u00e1s<\/a><\/p>\n","protected":false},"author":1,"featured_media":0,"comment_status":"open","ping_status":"open","sticky":false,"template":"","format":"standard","meta":{"_monsterinsights_skip_tracking":false,"_monsterinsights_sitenote_active":false,"_monsterinsights_sitenote_note":"","_monsterinsights_sitenote_category":0,"jetpack_post_was_ever_published":false,"_jetpack_newsletter_access":"","_jetpack_dont_email_post_to_subs":false,"_jetpack_newsletter_tier_id":0,"_jetpack_memberships_contains_paywalled_content":false,"_jetpack_memberships_contains_paid_content":false,"footnotes":"","jetpack_publicize_message":"","jetpack_publicize_feature_enabled":true,"jetpack_social_post_already_shared":false,"jetpack_social_options":{"image_generator_settings":{"template":"highway","default_image_id":0,"font":"","enabled":false},"version":2},"_wpas_customize_per_network":false},"categories":[5],"tags":[2282,18,54],"class_list":["post-13668","post","type-post","status-publish","format-standard","hentry","category-politica","tag-corredor-productivo","tag-selva","tag-unlu","generate-columns","tablet-grid-50","mobile-grid-100","grid-parent","grid-50"],"jetpack_publicize_connections":[],"jetpack_featured_media_url":"","wps_subtitle":"","jetpack_sharing_enabled":true,"_links":{"self":[{"href":"https:\/\/www.hoymercedes.com.ar\/principal\/wp-json\/wp\/v2\/posts\/13668","targetHints":{"allow":["GET"]}}],"collection":[{"href":"https:\/\/www.hoymercedes.com.ar\/principal\/wp-json\/wp\/v2\/posts"}],"about":[{"href":"https:\/\/www.hoymercedes.com.ar\/principal\/wp-json\/wp\/v2\/types\/post"}],"author":[{"embeddable":true,"href":"https:\/\/www.hoymercedes.com.ar\/principal\/wp-json\/wp\/v2\/users\/1"}],"replies":[{"embeddable":true,"href":"https:\/\/www.hoymercedes.com.ar\/principal\/wp-json\/wp\/v2\/comments?post=13668"}],"version-history":[{"count":0,"href":"https:\/\/www.hoymercedes.com.ar\/principal\/wp-json\/wp\/v2\/posts\/13668\/revisions"}],"wp:attachment":[{"href":"https:\/\/www.hoymercedes.com.ar\/principal\/wp-json\/wp\/v2\/media?parent=13668"}],"wp:term":[{"taxonomy":"category","embeddable":true,"href":"https:\/\/www.hoymercedes.com.ar\/principal\/wp-json\/wp\/v2\/categories?post=13668"},{"taxonomy":"post_tag","embeddable":true,"href":"https:\/\/www.hoymercedes.com.ar\/principal\/wp-json\/wp\/v2\/tags?post=13668"}],"curies":[{"name":"wp","href":"https:\/\/api.w.org\/{rel}","templated":true}]}}